{"id":6931,"date":"2026-01-01T21:31:26","date_gmt":"2026-01-01T21:31:26","guid":{"rendered":"https:\/\/ledenonciateur224.com\/?p=6931"},"modified":"2026-01-01T21:31:26","modified_gmt":"2026-01-01T21:31:26","slug":"communication-institutionnelle-sekou-kaba-prend-les-renes-au-ministere-de-lenergie","status":"publish","type":"post","link":"https:\/\/ledenonciateur224.com\/index.php\/communication-institutionnelle-sekou-kaba-prend-les-renes-au-ministere-de-lenergie\/","title":{"rendered":"Communication institutionnelle : S\u00e9kou Kaba prend les r\u00eanes au Minist\u00e8re de l\u2019\u00c9nergie"},"content":{"rendered":"<p>Par arr\u00eat\u00e9 minist\u00e9riel, S\u00e9kou Kaba a \u00e9t\u00e9 officiellement nomm\u00e9 Chef du Service Communication et Relations Publiques du Minist\u00e8re de l\u2019\u00c9nergie.<\/p>\n<p>Jusqu\u2019ici 2\u1d49 chef de la cellule de communication, il acc\u00e8de \u00e0 cette fonction strat\u00e9gique en reconnaissance de son engagement, de son professionnalisme et de sa contribution \u00e0 la visibilit\u00e9 des actions du d\u00e9partement.<\/p>\n<p>Cette nomination s\u2019inscrit dans la dynamique de renforcement de la communication institutionnelle du minist\u00e8re, un levier essentiel pour accompagner les r\u00e9formes et projets du secteur \u00e9nerg\u00e9tique.<\/p>\n<p>Toutes nos f\u00e9licitations \u00e0 S\u00e9kou Kaba et plein succ\u00e8s dans l\u2019exercice de ses nouvelles responsabilit\u00e9s.<\/p>\n<p>&nbsp;<\/p>\n<p>Ledenonciateur224.com<\/p>\n","protected":false},"excerpt":{"rendered":"<p>Par arr\u00eat\u00e9 minist\u00e9riel, S\u00e9kou Kaba a \u00e9t\u00e9 officiellement nomm\u00e9 Chef du Service Communication et Relations Publiques du Minist\u00e8re de l\u2019\u00c9nergie. Jusqu\u2019ici 2\u1d49 chef de la cellule de communication, il acc\u00e8de \u00e0 cette fonction strat\u00e9gique en reconnaissance de son engagement, de son professionnalisme et de sa contribution \u00e0 la visibilit\u00e9 des actions du d\u00e9partement. Cette nomination [&hellip;]<\/p>\n","protected":false},"author":2,"featured_media":6932,"comment_status":"closed","ping_status":"closed","sticky":false,"template":"","format":"standard","meta":{"_jetpack_memberships_contains_paid_content":false,"footnotes":"","jetpack_publicize_message":"","jetpack_publicize_feature_enabled":true,"jetpack_social_post_already_shared":true,"jetpack_social_options":{"image_generator_settings":{"template":"highway","default_image_id":0,"font":"","enabled":false},"version":2}},"categories":[30,24],"tags":[],"class_list":{"0":"post-6931","1":"post","2":"type-post","3":"status-publish","4":"format-standard","5":"has-post-thumbnail","7":"category-faits-divers","8":"category-news"},"jetpack_publicize_connections":[],"jetpack_featured_media_url":"https:\/\/ledenonciateur224.com\/wp-content\/uploads\/2026\/01\/fb-img-1767302853328.jpg","jetpack_sharing_enabled":true,"_links":{"self":[{"href":"https:\/\/ledenonciateur224.com\/index.php\/wp-json\/wp\/v2\/posts\/6931","targetHints":{"allow":["GET"]}}],"collection":[{"href":"https:\/\/ledenonciateur224.com\/index.php\/wp-json\/wp\/v2\/posts"}],"about":[{"href":"https:\/\/ledenonciateur224.com\/index.php\/wp-json\/wp\/v2\/types\/post"}],"author":[{"embeddable":true,"href":"https:\/\/ledenonciateur224.com\/index.php\/wp-json\/wp\/v2\/users\/2"}],"replies":[{"embeddable":true,"href":"https:\/\/ledenonciateur224.com\/index.php\/wp-json\/wp\/v2\/comments?post=6931"}],"version-history":[{"count":1,"href":"https:\/\/ledenonciateur224.com\/index.php\/wp-json\/wp\/v2\/posts\/6931\/revisions"}],"predecessor-version":[{"id":6933,"href":"https:\/\/ledenonciateur224.com\/index.php\/wp-json\/wp\/v2\/posts\/6931\/revisions\/6933"}],"wp:featuredmedia":[{"embeddable":true,"href":"https:\/\/ledenonciateur224.com\/index.php\/wp-json\/wp\/v2\/media\/6932"}],"wp:attachment":[{"href":"https:\/\/ledenonciateur224.com\/index.php\/wp-json\/wp\/v2\/media?parent=6931"}],"wp:term":[{"taxonomy":"category","embeddable":true,"href":"https:\/\/ledenonciateur224.com\/index.php\/wp-json\/wp\/v2\/categories?post=6931"},{"taxonomy":"post_tag","embeddable":true,"href":"https:\/\/ledenonciateur224.com\/index.php\/wp-json\/wp\/v2\/tags?post=6931"}],"curies":[{"name":"wp","href":"https:\/\/api.w.org\/{rel}","templated":true}]}}