{"id":6943,"date":"2026-01-02T21:04:04","date_gmt":"2026-01-02T21:04:04","guid":{"rendered":"https:\/\/ledenonciateur224.com\/?p=6943"},"modified":"2026-01-02T21:04:04","modified_gmt":"2026-01-02T21:04:04","slug":"presidentielle-2025-en-guinee-abdoulaye-yero-balde-saisit-la-cour-supreme-apres-un-acces-retarde","status":"publish","type":"post","link":"https:\/\/ledenonciateur224.com\/index.php\/presidentielle-2025-en-guinee-abdoulaye-yero-balde-saisit-la-cour-supreme-apres-un-acces-retarde\/","title":{"rendered":"Pr\u00e9sidentielle 2025 en Guin\u00e9e : Abdoulaye Yero Bald\u00e9 saisit la Cour supr\u00eame apr\u00e8s un acc\u00e8s retard\u00e9"},"content":{"rendered":"<p>Le candidat malheureux \u00e0 l\u2019\u00e9lection pr\u00e9sidentielle du 28 d\u00e9cembre 2025, Abdoulaye Yero Bald\u00e9, a finalement d\u00e9pos\u00e9 un recours devant la Cour supr\u00eame, ce vendredi 02 janvier 2026, dernier jour l\u00e9gal pour la r\u00e9ception des contestations \u00e9lectorales.<\/p>\n<p>Arriv\u00e9 aux environs de 17 heures \u00e0 la devanture de la haute juridiction, le candidat du FRONDEG et son \u00e9quipe ont \u00e9t\u00e9 bloqu\u00e9s pendant plusieurs heures, une situation qui a suscit\u00e9 surprise et incompr\u00e9hension selon nos confr\u00e8res du site Mosa\u00efque. Face \u00e0 cette entrave, les conseils juridiques d\u2019Abdoulaye Yero Bald\u00e9 ont imm\u00e9diatement alert\u00e9 le B\u00e2tonnier de l\u2019Ordre des avocats, Me Diop Souar\u00e9.<\/p>\n<p>Gr\u00e2ce \u00e0 l\u2019intervention du pr\u00e9sident du Conseil de l\u2019Ordre des avocats de Guin\u00e9e, le candidat et ses avocats ont finalement \u00e9t\u00e9 autoris\u00e9s \u00e0 acc\u00e9der \u00e0 la Cour supr\u00eame, permettant ainsi le d\u00e9p\u00f4t effectif du recours avant l\u2019expiration du d\u00e9lai l\u00e9gal.<br \/>\nUne d\u00e9claration officielle du FRONDEG est annonc\u00e9e dans les prochaines heures afin d\u2019\u00e9clairer l\u2019opinion publique sur cet \u00e9pisode jug\u00e9 in\u00e9dit par les proches du candidat.<br \/>\nPour rappel, Abdoulaye Yero Bald\u00e9 avait d\u00e9nonc\u00e9, au lendemain du scrutin, plusieurs irr\u00e9gularit\u00e9s qu\u2019il estime de nature \u00e0 affecter la sinc\u00e9rit\u00e9 du vote. Il a \u00e9t\u00e9 class\u00e9 deuxi\u00e8me \u00e0 l\u2019issue de cette pr\u00e9sidentielle avec un peu plus de 6 % des suffrages, loin derri\u00e8re le candidat de la GMD, Mamadi Doumbouya, cr\u00e9dit\u00e9 de plus de 86 % des voix.<\/p>\n<p>&nbsp;<\/p>\n<p>Ledenonciateur224.com<\/p>\n","protected":false},"excerpt":{"rendered":"<p>Le candidat malheureux \u00e0 l\u2019\u00e9lection pr\u00e9sidentielle du 28 d\u00e9cembre 2025, Abdoulaye Yero Bald\u00e9, a finalement d\u00e9pos\u00e9 un recours devant la Cour supr\u00eame, ce vendredi 02 janvier 2026, dernier jour l\u00e9gal pour la r\u00e9ception des contestations \u00e9lectorales. Arriv\u00e9 aux environs de 17 heures \u00e0 la devanture de la haute juridiction, le candidat du FRONDEG et son [&hellip;]<\/p>\n","protected":false},"author":2,"featured_media":6944,"comment_status":"closed","ping_status":"closed","sticky":false,"template":"","format":"standard","meta":{"_jetpack_memberships_contains_paid_content":false,"footnotes":"","jetpack_publicize_message":"","jetpack_publicize_feature_enabled":true,"jetpack_social_post_already_shared":true,"jetpack_social_options":{"image_generator_settings":{"template":"highway","default_image_id":0,"font":"","enabled":false},"version":2}},"categories":[24,27],"tags":[1430,1185,1431],"class_list":{"0":"post-6943","1":"post","2":"type-post","3":"status-publish","4":"format-standard","5":"has-post-thumbnail","7":"category-news","8":"category-politique","9":"tag-abdoulaye-yero-balde","10":"tag-cour-supreme","11":"tag-frondeg"},"jetpack_publicize_connections":[],"jetpack_featured_media_url":"https:\/\/ledenonciateur224.com\/wp-content\/uploads\/2026\/01\/img-20251231-wa0087.jpg","jetpack_sharing_enabled":true,"_links":{"self":[{"href":"https:\/\/ledenonciateur224.com\/index.php\/wp-json\/wp\/v2\/posts\/6943","targetHints":{"allow":["GET"]}}],"collection":[{"href":"https:\/\/ledenonciateur224.com\/index.php\/wp-json\/wp\/v2\/posts"}],"about":[{"href":"https:\/\/ledenonciateur224.com\/index.php\/wp-json\/wp\/v2\/types\/post"}],"author":[{"embeddable":true,"href":"https:\/\/ledenonciateur224.com\/index.php\/wp-json\/wp\/v2\/users\/2"}],"replies":[{"embeddable":true,"href":"https:\/\/ledenonciateur224.com\/index.php\/wp-json\/wp\/v2\/comments?post=6943"}],"version-history":[{"count":1,"href":"https:\/\/ledenonciateur224.com\/index.php\/wp-json\/wp\/v2\/posts\/6943\/revisions"}],"predecessor-version":[{"id":6945,"href":"https:\/\/ledenonciateur224.com\/index.php\/wp-json\/wp\/v2\/posts\/6943\/revisions\/6945"}],"wp:featuredmedia":[{"embeddable":true,"href":"https:\/\/ledenonciateur224.com\/index.php\/wp-json\/wp\/v2\/media\/6944"}],"wp:attachment":[{"href":"https:\/\/ledenonciateur224.com\/index.php\/wp-json\/wp\/v2\/media?parent=6943"}],"wp:term":[{"taxonomy":"category","embeddable":true,"href":"https:\/\/ledenonciateur224.com\/index.php\/wp-json\/wp\/v2\/categories?post=6943"},{"taxonomy":"post_tag","embeddable":true,"href":"https:\/\/ledenonciateur224.com\/index.php\/wp-json\/wp\/v2\/tags?post=6943"}],"curies":[{"name":"wp","href":"https:\/\/api.w.org\/{rel}","templated":true}]}}