{"id":6946,"date":"2026-01-03T01:32:04","date_gmt":"2026-01-03T01:32:04","guid":{"rendered":"https:\/\/ledenonciateur224.com\/?p=6946"},"modified":"2026-01-03T01:32:04","modified_gmt":"2026-01-03T01:32:04","slug":"rentree-scolaire-le-calendrier-reajuste-apres-les-conges-electoraux","status":"publish","type":"post","link":"https:\/\/ledenonciateur224.com\/index.php\/rentree-scolaire-le-calendrier-reajuste-apres-les-conges-electoraux\/","title":{"rendered":"Rentr\u00e9e scolaire : le calendrier r\u00e9ajust\u00e9 apr\u00e8s les cong\u00e9s \u00e9lectoraux"},"content":{"rendered":"<p>Apr\u00e8s trois semaines de suspension des cours li\u00e9es \u00e0 l\u2019\u00e9lection pr\u00e9sidentielle, le minist\u00e8re de l\u2019Enseignement pr\u00e9-universitaire annonce un l\u00e9ger r\u00e9am\u00e9nagement pour garantir la continuit\u00e9 p\u00e9dagogique.<\/p>\n<p>Alors que les \u00e9l\u00e8ves s\u2019appr\u00eatent \u00e0 reprendre le chemin de l\u2019\u00e9cole apr\u00e8s trois semaines de cong\u00e9s exceptionnels provoqu\u00e9s par l\u2019\u00e9lection pr\u00e9sidentielle, le minist\u00e8re de l\u2019Enseignement pr\u00e9-universitaire et de l\u2019Alphab\u00e9tisation a annonc\u00e9, ce vendredi 02 janvier 2026, un r\u00e9am\u00e9nagement du calendrier scolaire.<\/p>\n<p>Dans un communiqu\u00e9 rendu public dans la soir\u00e9e, le d\u00e9partement dirig\u00e9 par Jean Paul C\u00e9dy a pr\u00e9cis\u00e9 que cette d\u00e9cision vise \u00e0 pr\u00e9server la qualit\u00e9 de l\u2019enseignement malgr\u00e9 l\u2019interruption prolong\u00e9e des activit\u00e9s p\u00e9dagogiques.<\/p>\n<p>\u00ab Le calendrier scolaire conna\u00eetra un l\u00e9ger r\u00e9am\u00e9nagement en vue de s\u2019adapter aux normes d\u2019enseignement-apprentissage \u00bb, a indiqu\u00e9 le minist\u00e8re.<br \/>\nCe r\u00e9ajustement devrait permettre de rattraper les heures de cours perdues tout en respectant les exigences p\u00e9dagogiques et les objectifs fix\u00e9s pour l\u2019ann\u00e9e scolaire en cours. Les autorit\u00e9s \u00e9ducatives assurent que les nouvelles dispositions seront communiqu\u00e9es aux \u00e9tablissements dans les prochains jours afin de faciliter une reprise effective et harmonieuse des cours sur l\u2019ensemble du territoire.<\/p>\n<p>&nbsp;<\/p>\n<p>Ledenonciateur224.com<\/p>\n","protected":false},"excerpt":{"rendered":"<p>Apr\u00e8s trois semaines de suspension des cours li\u00e9es \u00e0 l\u2019\u00e9lection pr\u00e9sidentielle, le minist\u00e8re de l\u2019Enseignement pr\u00e9-universitaire annonce un l\u00e9ger r\u00e9am\u00e9nagement pour garantir la continuit\u00e9 p\u00e9dagogique. Alors que les \u00e9l\u00e8ves s\u2019appr\u00eatent \u00e0 reprendre le chemin de l\u2019\u00e9cole apr\u00e8s trois semaines de cong\u00e9s exceptionnels provoqu\u00e9s par l\u2019\u00e9lection pr\u00e9sidentielle, le minist\u00e8re de l\u2019Enseignement pr\u00e9-universitaire et de l\u2019Alphab\u00e9tisation a [&hellip;]<\/p>\n","protected":false},"author":2,"featured_media":6947,"comment_status":"closed","ping_status":"closed","sticky":false,"template":"","format":"standard","meta":{"_jetpack_memberships_contains_paid_content":false,"footnotes":"","jetpack_publicize_message":"","jetpack_publicize_feature_enabled":true,"jetpack_social_post_already_shared":true,"jetpack_social_options":{"image_generator_settings":{"template":"highway","default_image_id":0,"font":"","enabled":false},"version":2}},"categories":[30,24],"tags":[718],"class_list":{"0":"post-6946","1":"post","2":"type-post","3":"status-publish","4":"format-standard","5":"has-post-thumbnail","7":"category-faits-divers","8":"category-news","9":"tag-systeme-educatif"},"jetpack_publicize_connections":[],"jetpack_featured_media_url":"https:\/\/ledenonciateur224.com\/wp-content\/uploads\/2026\/01\/jean-paul-cedy.jpg","jetpack_sharing_enabled":true,"_links":{"self":[{"href":"https:\/\/ledenonciateur224.com\/index.php\/wp-json\/wp\/v2\/posts\/6946","targetHints":{"allow":["GET"]}}],"collection":[{"href":"https:\/\/ledenonciateur224.com\/index.php\/wp-json\/wp\/v2\/posts"}],"about":[{"href":"https:\/\/ledenonciateur224.com\/index.php\/wp-json\/wp\/v2\/types\/post"}],"author":[{"embeddable":true,"href":"https:\/\/ledenonciateur224.com\/index.php\/wp-json\/wp\/v2\/users\/2"}],"replies":[{"embeddable":true,"href":"https:\/\/ledenonciateur224.com\/index.php\/wp-json\/wp\/v2\/comments?post=6946"}],"version-history":[{"count":1,"href":"https:\/\/ledenonciateur224.com\/index.php\/wp-json\/wp\/v2\/posts\/6946\/revisions"}],"predecessor-version":[{"id":6948,"href":"https:\/\/ledenonciateur224.com\/index.php\/wp-json\/wp\/v2\/posts\/6946\/revisions\/6948"}],"wp:featuredmedia":[{"embeddable":true,"href":"https:\/\/ledenonciateur224.com\/index.php\/wp-json\/wp\/v2\/media\/6947"}],"wp:attachment":[{"href":"https:\/\/ledenonciateur224.com\/index.php\/wp-json\/wp\/v2\/media?parent=6946"}],"wp:term":[{"taxonomy":"category","embeddable":true,"href":"https:\/\/ledenonciateur224.com\/index.php\/wp-json\/wp\/v2\/categories?post=6946"},{"taxonomy":"post_tag","embeddable":true,"href":"https:\/\/ledenonciateur224.com\/index.php\/wp-json\/wp\/v2\/tags?post=6946"}],"curies":[{"name":"wp","href":"https:\/\/api.w.org\/{rel}","templated":true}]}}