{"id":6957,"date":"2026-01-03T23:30:16","date_gmt":"2026-01-03T23:30:16","guid":{"rendered":"https:\/\/ledenonciateur224.com\/?p=6957"},"modified":"2026-01-03T23:30:16","modified_gmt":"2026-01-03T23:30:16","slug":"presidentielle-2025-la-cour-supreme-fixe-lheure-de-verite-pour-les-resultats-definitifs","status":"publish","type":"post","link":"https:\/\/ledenonciateur224.com\/index.php\/presidentielle-2025-la-cour-supreme-fixe-lheure-de-verite-pour-les-resultats-definitifs\/","title":{"rendered":"Pr\u00e9sidentielle 2025 : la Cour supr\u00eame fixe l\u2019heure de v\u00e9rit\u00e9 pour les r\u00e9sultats d\u00e9finitifs"},"content":{"rendered":"<p>La Cour supr\u00eame s\u2019appr\u00eate \u00e0 rendre publics les r\u00e9sultats d\u00e9finitifs de l\u2019\u00e9lection pr\u00e9sidentielle tenue le dimanche 28 d\u00e9cembre 2025.<\/p>\n<p>L\u2019annonce a \u00e9t\u00e9 faite par voie de communiqu\u00e9 diffus\u00e9 ce samedi 3 janvier 2026 sur la t\u00e9l\u00e9vision nationale. Selon le premier pr\u00e9sident de la Cour supr\u00eame, la proclamation officielle interviendra ce dimanche 4 janvier 2026 \u00e0 17 heures, un moment tr\u00e8s attendu par l\u2019opinion nationale.<\/p>\n<p>Pour rappel, neuf candidats \u00e9taient en lice pour la conqu\u00eate de la magistrature supr\u00eame. \u00c0 l\u2019issue du scrutin, le candidat du GMD est arriv\u00e9 en t\u00eate avec 86,72 % des suffrages exprim\u00e9s, d\u2019apr\u00e8s les r\u00e9sultats provisoires publi\u00e9s par la Direction g\u00e9n\u00e9rale des \u00e9lections (DGE).<\/p>\n<p>La proclamation attendue de la Cour supr\u00eame viendra ainsi confirmer ou infirmer ces chiffres et clore d\u00e9finitivement le processus \u00e9lectoral.<\/p>\n<p>&nbsp;<\/p>\n<p>Ledenonciateur224.com<\/p>\n","protected":false},"excerpt":{"rendered":"<p>La Cour supr\u00eame s\u2019appr\u00eate \u00e0 rendre publics les r\u00e9sultats d\u00e9finitifs de l\u2019\u00e9lection pr\u00e9sidentielle tenue le dimanche 28 d\u00e9cembre 2025. L\u2019annonce a \u00e9t\u00e9 faite par voie de communiqu\u00e9 diffus\u00e9 ce samedi 3 janvier 2026 sur la t\u00e9l\u00e9vision nationale. Selon le premier pr\u00e9sident de la Cour supr\u00eame, la proclamation officielle interviendra ce dimanche 4 janvier 2026 \u00e0 [&hellip;]<\/p>\n","protected":false},"author":2,"featured_media":6958,"comment_status":"closed","ping_status":"closed","sticky":false,"template":"","format":"standard","meta":{"_jetpack_memberships_contains_paid_content":false,"footnotes":"","jetpack_publicize_message":"","jetpack_publicize_feature_enabled":true,"jetpack_social_post_already_shared":true,"jetpack_social_options":{"image_generator_settings":{"template":"highway","default_image_id":0,"font":"","enabled":false},"version":2}},"categories":[24,27],"tags":[1185,1186],"class_list":{"0":"post-6957","1":"post","2":"type-post","3":"status-publish","4":"format-standard","5":"has-post-thumbnail","7":"category-news","8":"category-politique","9":"tag-cour-supreme","10":"tag-resultats-definitifs"},"jetpack_publicize_connections":[],"jetpack_featured_media_url":"https:\/\/ledenonciateur224.com\/wp-content\/uploads\/2026\/01\/cour-supreme-1.jpg","jetpack_sharing_enabled":true,"_links":{"self":[{"href":"https:\/\/ledenonciateur224.com\/index.php\/wp-json\/wp\/v2\/posts\/6957","targetHints":{"allow":["GET"]}}],"collection":[{"href":"https:\/\/ledenonciateur224.com\/index.php\/wp-json\/wp\/v2\/posts"}],"about":[{"href":"https:\/\/ledenonciateur224.com\/index.php\/wp-json\/wp\/v2\/types\/post"}],"author":[{"embeddable":true,"href":"https:\/\/ledenonciateur224.com\/index.php\/wp-json\/wp\/v2\/users\/2"}],"replies":[{"embeddable":true,"href":"https:\/\/ledenonciateur224.com\/index.php\/wp-json\/wp\/v2\/comments?post=6957"}],"version-history":[{"count":1,"href":"https:\/\/ledenonciateur224.com\/index.php\/wp-json\/wp\/v2\/posts\/6957\/revisions"}],"predecessor-version":[{"id":6959,"href":"https:\/\/ledenonciateur224.com\/index.php\/wp-json\/wp\/v2\/posts\/6957\/revisions\/6959"}],"wp:featuredmedia":[{"embeddable":true,"href":"https:\/\/ledenonciateur224.com\/index.php\/wp-json\/wp\/v2\/media\/6958"}],"wp:attachment":[{"href":"https:\/\/ledenonciateur224.com\/index.php\/wp-json\/wp\/v2\/media?parent=6957"}],"wp:term":[{"taxonomy":"category","embeddable":true,"href":"https:\/\/ledenonciateur224.com\/index.php\/wp-json\/wp\/v2\/categories?post=6957"},{"taxonomy":"post_tag","embeddable":true,"href":"https:\/\/ledenonciateur224.com\/index.php\/wp-json\/wp\/v2\/tags?post=6957"}],"curies":[{"name":"wp","href":"https:\/\/api.w.org\/{rel}","templated":true}]}}