{"id":6962,"date":"2026-01-04T21:42:51","date_gmt":"2026-01-04T21:42:51","guid":{"rendered":"https:\/\/ledenonciateur224.com\/?p=6962"},"modified":"2026-01-04T21:42:51","modified_gmt":"2026-01-04T21:42:51","slug":"presidentielle-du-28-decembre-mamadi-doumbouya-elu-definitivement-avec-8672-de-voix-pour-un-mandat-de-7-ans","status":"publish","type":"post","link":"https:\/\/ledenonciateur224.com\/index.php\/presidentielle-du-28-decembre-mamadi-doumbouya-elu-definitivement-avec-8672-de-voix-pour-un-mandat-de-7-ans\/","title":{"rendered":"Pr\u00e9sidentielle du 28 d\u00e9cembre : Mamadi Doumbouya \u00e9lu d\u00e9finitivement avec 86,72% de voix pour un mandat de 7 ans"},"content":{"rendered":"<p>La Cour supr\u00eame de la R\u00e9publique de Guin\u00e9e a officiellement proclam\u00e9, ce dimanche 4 janvier 2026, les r\u00e9sultats d\u00e9finitifs de l\u2019\u00e9lection pr\u00e9sidentielle du 28 d\u00e9cembre 2025, consacrant la large victoire du candidat du GMD, Mamadi Doumbouya, \u00e9lu pr\u00e9sident de la R\u00e9publique \u00e0 l\u2019issue d\u2019un scrutin marqu\u00e9 par une forte participation citoyenne avec un taux de 82,86 %.<\/p>\n<p>Selon la d\u00e9cision rendue en audience solennelle par le premier pr\u00e9sident de la haute juridiction, Mamadi Doumbouya, candidat de la G\u00e9n\u00e9ration pour la Modernit\u00e9 et le D\u00e9veloppement (GMD) et ind\u00e9pendant \u00e0 cette \u00e9lection, a recueilli 86,72 % des suffrages exprim\u00e9s. Cette proclamation met d\u00e9finitivement fin au processus \u00e9lectoral et conf\u00e8re un caract\u00e8re irr\u00e9vocable aux r\u00e9sultats du scrutin.<\/p>\n<p>Autre fait marquant de cette d\u00e9cision, c\u2019est la hausse du taux de participation, d\u00e9sormais 82,86 %, contre 80,95 % annonc\u00e9s \u00e0 titre provisoire par la Direction g\u00e9n\u00e9rale des \u00e9lections (DGE). Une progression qui traduit l\u2019adh\u00e9sion massive des citoyens au processus \u00e9lectoral.<\/p>\n<p>Derri\u00e8re le vainqueur, Abdoulaye Y\u00e9ro Bald\u00e9 candidat du FRONDEG arrive en deuxi\u00e8me position avec 6,59 % des voix qu\u2019il avait constat\u00e9 et d\u00e9pos\u00e9 son recours aupr\u00e8s du greffe de la Cour supr\u00eame le vendredi 2 janvier 2025, demandant l\u2019annulation du scrutin pr\u00e9sidentiel du 28 d\u00e9cembre 2025 et a finalement d\u00e9sist\u00e9 le samedi 3 janvier 2026. Le Bloc Lib\u00e9ral, dirig\u00e9 par Dr Faya Lansana Millimouno, se classe troisi\u00e8me avec 2,04 %, s\u2019imposant comme la troisi\u00e8me force politique issue de ce scrutin.<\/p>\n<p>Seule femme candidate, Makal\u00e9 Camara du FAN, obtient 1,59 %, devan\u00e7ant les cinq autres candidats non \u00e9lus, parmi lesquels figurent notamment Ibrahima Ab\u00e9 Sylla 0,86%, Mohamed Nab\u00e9 0,83%, Abdoulaye Kourouma 0,56%, Bouna Ke\u00efta 0,52% et Mohamed Ch\u00e9rif Tounkara 0,28 tous des pr\u00e9tendants \u00e0 la magistrature supr\u00eame.<\/p>\n<p>En confirmant sans r\u00e9serve les r\u00e9sultats proclam\u00e9s en premier ressort par la Direction g\u00e9n\u00e9rale des \u00e9lections, la Cour supr\u00eame consacre ainsi l\u2019\u00e9lection de Mamadi Doumbouya pour un mandat de sept (7) ans \u00e0 la t\u00eate de l\u2019\u00c9tat guin\u00e9en. Une nouvelle \u00e9tape institutionnelle s\u2019ouvre d\u00e9sormais, dans l\u2019attente des actes formels li\u00e9s \u00e0 son investiture et \u00e0 la mise en place du prochain cycle de gouvernance.<\/p>\n<p>&nbsp;<\/p>\n<p>Pour la Synergie de l\u2019Union des Fondateurs des Sites Internet d\u2019Information de Guin\u00e9e (UFSIIG)<\/p>\n<p>&nbsp;<\/p>\n<p>&nbsp;<\/p>\n","protected":false},"excerpt":{"rendered":"<p>La Cour supr\u00eame de la R\u00e9publique de Guin\u00e9e a officiellement proclam\u00e9, ce dimanche 4 janvier 2026, les r\u00e9sultats d\u00e9finitifs de l\u2019\u00e9lection pr\u00e9sidentielle du 28 d\u00e9cembre 2025, consacrant la large victoire du candidat du GMD, Mamadi Doumbouya, \u00e9lu pr\u00e9sident de la R\u00e9publique \u00e0 l\u2019issue d\u2019un scrutin marqu\u00e9 par une forte participation citoyenne avec un taux de [&hellip;]<\/p>\n","protected":false},"author":2,"featured_media":6965,"comment_status":"closed","ping_status":"closed","sticky":false,"template":"","format":"standard","meta":{"_jetpack_memberships_contains_paid_content":false,"footnotes":"","jetpack_publicize_message":"","jetpack_publicize_feature_enabled":true,"jetpack_social_post_already_shared":true,"jetpack_social_options":{"image_generator_settings":{"template":"highway","default_image_id":0,"font":"","enabled":false},"version":2}},"categories":[24],"tags":[],"class_list":{"0":"post-6962","1":"post","2":"type-post","3":"status-publish","4":"format-standard","5":"has-post-thumbnail","7":"category-news"},"jetpack_publicize_connections":[],"jetpack_featured_media_url":"https:\/\/ledenonciateur224.com\/wp-content\/uploads\/2026\/01\/img-20260104-wa0037.jpg","jetpack_sharing_enabled":true,"_links":{"self":[{"href":"https:\/\/ledenonciateur224.com\/index.php\/wp-json\/wp\/v2\/posts\/6962","targetHints":{"allow":["GET"]}}],"collection":[{"href":"https:\/\/ledenonciateur224.com\/index.php\/wp-json\/wp\/v2\/posts"}],"about":[{"href":"https:\/\/ledenonciateur224.com\/index.php\/wp-json\/wp\/v2\/types\/post"}],"author":[{"embeddable":true,"href":"https:\/\/ledenonciateur224.com\/index.php\/wp-json\/wp\/v2\/users\/2"}],"replies":[{"embeddable":true,"href":"https:\/\/ledenonciateur224.com\/index.php\/wp-json\/wp\/v2\/comments?post=6962"}],"version-history":[{"count":1,"href":"https:\/\/ledenonciateur224.com\/index.php\/wp-json\/wp\/v2\/posts\/6962\/revisions"}],"predecessor-version":[{"id":6966,"href":"https:\/\/ledenonciateur224.com\/index.php\/wp-json\/wp\/v2\/posts\/6962\/revisions\/6966"}],"wp:featuredmedia":[{"embeddable":true,"href":"https:\/\/ledenonciateur224.com\/index.php\/wp-json\/wp\/v2\/media\/6965"}],"wp:attachment":[{"href":"https:\/\/ledenonciateur224.com\/index.php\/wp-json\/wp\/v2\/media?parent=6962"}],"wp:term":[{"taxonomy":"category","embeddable":true,"href":"https:\/\/ledenonciateur224.com\/index.php\/wp-json\/wp\/v2\/categories?post=6962"},{"taxonomy":"post_tag","embeddable":true,"href":"https:\/\/ledenonciateur224.com\/index.php\/wp-json\/wp\/v2\/tags?post=6962"}],"curies":[{"name":"wp","href":"https:\/\/api.w.org\/{rel}","templated":true}]}}