{"id":6967,"date":"2026-01-05T07:13:11","date_gmt":"2026-01-05T07:13:11","guid":{"rendered":"https:\/\/ledenonciateur224.com\/?p=6967"},"modified":"2026-01-05T07:13:11","modified_gmt":"2026-01-05T07:13:11","slug":"presidentielle-guineenne-mamadi-doumbouya-rompt-le-silence-et-sexplique-devant-la-nation","status":"publish","type":"post","link":"https:\/\/ledenonciateur224.com\/index.php\/presidentielle-guineenne-mamadi-doumbouya-rompt-le-silence-et-sexplique-devant-la-nation\/","title":{"rendered":"Pr\u00e9sidentielle guin\u00e9enne : Mamadi Doumbouya rompt le silence et s\u2019explique devant la nation"},"content":{"rendered":"<p>En prenant la parole peu apr\u00e8s la proclamation des r\u00e9sultats d\u00e9finitifs de la derni\u00e8re \u00e9lection pr\u00e9sidentielle, le pr\u00e9sident \u00e9lu de la R\u00e9publique de Guin\u00e9e, Mamadi Doumbouya, a tenu \u00e0 lever toute ambigu\u00eft\u00e9 autour de son silence observ\u00e9 \u00e0 la fin de l\u2019ann\u00e9e \u00e9coul\u00e9e. Une prise de parole tr\u00e8s attendue, au cours de laquelle il a souhait\u00e9 \u00e9clairer l\u2019opinion publique sur les motivations de cette r\u00e9serve.<\/p>\n<p>Le chef de l\u2019\u00c9tat a expliqu\u00e9 que son statut de candidat l\u2019obligeait \u00e0 adopter une posture empreinte de retenue et de respect des r\u00e8gles r\u00e9publicaines. Selon lui, le calendrier \u00e9lectoral et le souci de pr\u00e9server l\u2019int\u00e9grit\u00e9 du processus d\u00e9mocratique ne lui permettaient pas de s\u2019exprimer lors du traditionnel discours de fin d\u2019ann\u00e9e, une allocution pourtant symbolique pour les Guin\u00e9ens.<\/p>\n<p>S\u2019exprimant dans une adresse solennelle \u00e0 la nation ce dimanche 04 janvier 2026, Mamadi Doumbouya a rappel\u00e9 son attachement aux institutions et aux principes d\u00e9mocratiques. \u00ab En cette p\u00e9riode de renouveau, le calendrier \u00e9lectoral ne m\u2019avait pas permis de m\u2019adresser au peuple lors du traditionnel discours de fin d\u2019ann\u00e9e. J\u2019\u00e9tais candidat et le respect des institutions et du processus voudrait que nous adaptions une attitude r\u00e9publicaine \u00bb, a-t-il d\u00e9clar\u00e9.<\/p>\n<p>Profitant de cette premi\u00e8re prise de parole officielle apr\u00e8s son \u00e9lection, le pr\u00e9sident \u00e9lu a tenu \u00e0 adresser ses v\u0153ux \u00e0 l\u2019ensemble de la population guin\u00e9enne. Il a formul\u00e9 des souhaits de sant\u00e9, de paix et de progr\u00e8s, tant pour les familles que pour la nation tout enti\u00e8re, marquant ainsi le d\u00e9but d\u2019un nouveau chapitre politique pour le pays.<br \/>\nCe message, \u00e0 la fois explicatif et rassembleur, se veut un signal d\u2019apaisement et d\u2019engagement envers une gouvernance respectueuse des institutions et tourn\u00e9e vers l\u2019avenir de la Guin\u00e9e.<\/p>\n<p>&nbsp;<\/p>\n<p>Ledenonciateur224.com<\/p>\n","protected":false},"excerpt":{"rendered":"<p>En prenant la parole peu apr\u00e8s la proclamation des r\u00e9sultats d\u00e9finitifs de la derni\u00e8re \u00e9lection pr\u00e9sidentielle, le pr\u00e9sident \u00e9lu de la R\u00e9publique de Guin\u00e9e, Mamadi Doumbouya, a tenu \u00e0 lever toute ambigu\u00eft\u00e9 autour de son silence observ\u00e9 \u00e0 la fin de l\u2019ann\u00e9e \u00e9coul\u00e9e. Une prise de parole tr\u00e8s attendue, au cours de laquelle il a [&hellip;]<\/p>\n","protected":false},"author":2,"featured_media":6970,"comment_status":"closed","ping_status":"closed","sticky":false,"template":"","format":"standard","meta":{"_jetpack_memberships_contains_paid_content":false,"footnotes":"","jetpack_publicize_message":"","jetpack_publicize_feature_enabled":true,"jetpack_social_post_already_shared":true,"jetpack_social_options":{"image_generator_settings":{"template":"highway","default_image_id":0,"font":"","enabled":false},"version":2}},"categories":[1],"tags":[],"class_list":{"0":"post-6967","1":"post","2":"type-post","3":"status-publish","4":"format-standard","5":"has-post-thumbnail","7":"category-non-classe"},"jetpack_publicize_connections":[],"jetpack_featured_media_url":"https:\/\/ledenonciateur224.com\/wp-content\/uploads\/2026\/01\/capture-decran-4-1-2026-232325-wwwfacebookcom.jpeg","jetpack_sharing_enabled":true,"_links":{"self":[{"href":"https:\/\/ledenonciateur224.com\/index.php\/wp-json\/wp\/v2\/posts\/6967","targetHints":{"allow":["GET"]}}],"collection":[{"href":"https:\/\/ledenonciateur224.com\/index.php\/wp-json\/wp\/v2\/posts"}],"about":[{"href":"https:\/\/ledenonciateur224.com\/index.php\/wp-json\/wp\/v2\/types\/post"}],"author":[{"embeddable":true,"href":"https:\/\/ledenonciateur224.com\/index.php\/wp-json\/wp\/v2\/users\/2"}],"replies":[{"embeddable":true,"href":"https:\/\/ledenonciateur224.com\/index.php\/wp-json\/wp\/v2\/comments?post=6967"}],"version-history":[{"count":1,"href":"https:\/\/ledenonciateur224.com\/index.php\/wp-json\/wp\/v2\/posts\/6967\/revisions"}],"predecessor-version":[{"id":6971,"href":"https:\/\/ledenonciateur224.com\/index.php\/wp-json\/wp\/v2\/posts\/6967\/revisions\/6971"}],"wp:featuredmedia":[{"embeddable":true,"href":"https:\/\/ledenonciateur224.com\/index.php\/wp-json\/wp\/v2\/media\/6970"}],"wp:attachment":[{"href":"https:\/\/ledenonciateur224.com\/index.php\/wp-json\/wp\/v2\/media?parent=6967"}],"wp:term":[{"taxonomy":"category","embeddable":true,"href":"https:\/\/ledenonciateur224.com\/index.php\/wp-json\/wp\/v2\/categories?post=6967"},{"taxonomy":"post_tag","embeddable":true,"href":"https:\/\/ledenonciateur224.com\/index.php\/wp-json\/wp\/v2\/tags?post=6967"}],"curies":[{"name":"wp","href":"https:\/\/api.w.org\/{rel}","templated":true}]}}