{"id":6972,"date":"2026-01-05T18:20:50","date_gmt":"2026-01-05T18:20:50","guid":{"rendered":"https:\/\/ledenonciateur224.com\/?p=6972"},"modified":"2026-01-05T18:21:36","modified_gmt":"2026-01-05T18:21:36","slug":"guinee-mamadi-doumbouya-ouvre-son-septennat-sous-le-sceau-de-lunite-et-du-developpement","status":"publish","type":"post","link":"https:\/\/ledenonciateur224.com\/index.php\/guinee-mamadi-doumbouya-ouvre-son-septennat-sous-le-sceau-de-lunite-et-du-developpement\/","title":{"rendered":"Guin\u00e9e : Mamadi Doumbouya ouvre son septennat sous le sceau de l\u2019unit\u00e9 et du d\u00e9veloppement"},"content":{"rendered":"<p dir=\"ltr\"><span style=\"color: #141414;font-family: helmet, freesans, helvetica, arial, sans-serif\">Apr\u00e8s la validation des r\u00e9sultats par la Cour supr\u00eame, le coordinateur g\u00e9n\u00e9ral d\u2019\u00ab Ensemble Pour la Guin\u00e9e \u00bb salue un discours pr\u00e9sidentiel rassembleur et appelle \u00e0 la mobilisation nationale.<\/span><\/p>\n<p dir=\"ltr\"><span style=\"color: #141414;font-family: helmet, freesans, helvetica, arial, sans-serif\">Apr\u00e8s la confirmation des r\u00e9sultats d\u00e9finitifs par la Cour supr\u00eame concernant l\u2019\u00e9lection pr\u00e9sidentielle du 28 d\u00e9cembre 2025, le candidat ind\u00e9pendant soutenu par la GMD, Monsieur Mamadi Doumbouya, a \u00e9t\u00e9 officiellement \u00e9lu Pr\u00e9sident de la R\u00e9publique de Guin\u00e9e pour un mandat de sept ans.<\/span><\/p>\n<p dir=\"ltr\"><span style=\"color: #141414;font-family: helmet, freesans, helvetica, arial, sans-serif\">Dans son tout premier discours \u00e0 la Nation, le nouveau chef de l\u2019\u00c9tat a donn\u00e9 le ton : ce septennat sera plac\u00e9 sous le signe du travail, de la rigueur et surtout de l\u2019unit\u00e9 nationale, condition essentielle, selon lui, pour engager durablement le pays sur la voie du d\u00e9veloppement.<\/span><\/p>\n<p dir=\"ltr\"><span style=\"color: #141414;font-family: helmet, freesans, helvetica, arial, sans-serif\">Une adresse pr\u00e9sidentielle largement comment\u00e9e au sein de la classe politique et de la soci\u00e9t\u00e9 civile. Ce lundi 5 janvier, le coordinateur g\u00e9n\u00e9ral de la coalition \u00ab Ensemble Pour la Guin\u00e9e \u00bb (EPG), Ousmane Dady Camara, a livr\u00e9 son analyse de ce discours, saluant un message qu\u2019il juge \u00e0 la hauteur des attentes des Guin\u00e9ens.<\/span><\/p>\n<p dir=\"ltr\"><span style=\"color: #141414;font-family: helmet, freesans, helvetica, arial, sans-serif\">&lt;&lt;C&rsquo;est une adresse \u00e0 laquelle on s&rsquo;attendait. Parce que c&rsquo;est un homme de paix, c&rsquo;est un homme d&rsquo;unit\u00e9, c&rsquo;est un homme de progr\u00e8s. Et pour toutes ces raisons, nous avons fait la promotion de sa candidature et nous l&rsquo;avons soutenu, nous l&rsquo;avons accompagn\u00e9 dans ce sens. Merci \u00e0 lui pour cette sortie. Parce qu&rsquo;aujourd&rsquo;hui, la Guin\u00e9e a besoin de quelque chose, c&rsquo;est le d\u00e9veloppement, c&rsquo;est l&rsquo;unit\u00e9, c&rsquo;est la paix.\u00a0<\/span>Et ces mots-l\u00e0 ne sont pas vains. Ce sont des mots qui portent \u00e9norm\u00e9ment parce qu&rsquo;on ne peut parler de d\u00e9veloppement d&rsquo;un pays, sans la participation de tout un chacun. Les fils du pays, la Guin\u00e9e a besoin de vous. Vous l&rsquo;avez entendu venant de notre Pr\u00e9sident de la R\u00e9publique, Mamadi Doumbouya. Il a besoin de tout un chacun pour r\u00e9ussir le pari du d\u00e9veloppement d&rsquo;une Guin\u00e9e meilleure&gt;&gt;, a d\u00e9clar\u00e9 Ousmane Dady Camara, l\u2019un des soutiens majeurs de la candidature de Mamadi Doumbouya au micro de nos confr\u00e8res de Refletguinee.<\/p>\n<p dir=\"ltr\"><span style=\"color: #141414;font-family: helmet, freesans, helvetica, arial, sans-serif\">Pour le coordinateur g\u00e9n\u00e9ral de l\u2019EPG, le message pr\u00e9sidentiel va au-del\u00e0 des mots. Il s\u2019inscrit dans une volont\u00e9 affirm\u00e9e de rassembler l\u2019ensemble des Guin\u00e9ens, sans distinction politique ou \u00e9lectorale, autour d\u2019un projet commun.<\/span><\/p>\n<p dir=\"ltr\"><span style=\"color: #141414;font-family: helmet, freesans, helvetica, arial, sans-serif\">Plus loin, il poursuit :<\/span><\/p>\n<p dir=\"ltr\"><span style=\"color: #141414;font-family: helmet, freesans, helvetica, arial, sans-serif\">&lt;&lt;Aujourd&rsquo;hui, nous sommes \u00e0 un niveau o\u00f9 le d\u00e9veloppement doit \u00eatre la priorit\u00e9 de tout un chacun. Et pour \u00e7a, il faut la paix, il faut l&rsquo;unit\u00e9 pour que nous puissions avancer. Il l&rsquo;a dit, il tend la main \u00e0 tout le monde, \u00e0 tous les Guin\u00e9ens, ceux qui n&rsquo;ont pas vot\u00e9 pour lui, mais aussi ceux qui ont vot\u00e9 pour lui. Tout le monde, il est le p\u00e8re de la nation, il est le Pr\u00e9sident de la R\u00e9publique de tous les Guin\u00e9ens. Et pour \u00e7a, nous sommes tr\u00e8s heureux d&rsquo;avoir entendu \u00e7a venant de la personne qu&rsquo;il est lui-m\u00eame. Aujourd&rsquo;hui, notre Guin\u00e9e \u00e0 nous tous, a besoin de tout le monde. Mais surtout, la Guin\u00e9e a besoin de qui\u00e9tude et de paix. Parce que tous ces projets que nous envisageons pour notre avenir, ne peuvent se faire sans tous les Guin\u00e9ens, sans tous les fils. De l&rsquo;int\u00e9rieur comme de l&rsquo;\u00e9tranger, la Guin\u00e9e a besoin de vous. Le Pr\u00e9sident de la R\u00e9publique, a dit qu&rsquo;il a besoin de vous pour r\u00e9ussir le pari du d\u00e9veloppement&gt;&gt;, a-t-il confi\u00e9 au micro de nos confr\u00e8res de Fefletguinee.<\/span><\/p>\n<p dir=\"ltr\"><span style=\"color: #141414;font-family: helmet, freesans, helvetica, arial, sans-serif\">Selon Ousmane Dady Camara, ce nouveau mandat marque une \u00e9tape d\u00e9cisive pour la Guin\u00e9e, appel\u00e9e \u00e0 franchir un cap important dans son processus de d\u00e9veloppement \u00e9conomique et social.<\/span><\/p>\n<p dir=\"ltr\"><span style=\"color: #141414;font-family: helmet, freesans, helvetica, arial, sans-serif\">&lt;&lt;Les 7 ans que nous allons faire, \u00e7a va \u00eatre 7 ans de combativit\u00e9 pour d\u00e9velopper notre pays. Pour lutter contre tous les maux qui gangrenent la soci\u00e9t\u00e9, qui freinent le d\u00e9veloppement du pays. Et pour \u00e7a, je suis convaincu, s\u00fbr et certain que nous avons fait le bon choix&gt;&gt;<\/span><\/p>\n<p dir=\"ltr\"><span style=\"color: #141414;font-family: helmet, freesans, helvetica, arial, sans-serif\">Interrog\u00e9 sur la suite du processus \u00e9lectoral, le coordinateur g\u00e9n\u00e9ral de l\u2019EPG estime que la page de la pr\u00e9sidentielle est d\u00e9sormais tourn\u00e9e, laissant place aux d\u00e9fis du d\u00e9veloppement.<\/span><\/p>\n<p dir=\"ltr\"><span style=\"color: #141414;font-family: helmet, freesans, helvetica, arial, sans-serif\">&lt;&lt;Tout \u00e0 fait, vous savez, nous devons aller tr\u00e8s vite. Aujourd&rsquo;hui, nous avons choisi un homme et c&rsquo;est toute la Guin\u00e9e qui l&rsquo;a choisi. Pour avoir 86% sur le territoire national, il faut la participation de tout un chacun. S&rsquo;il y a quelque chose qu&rsquo;on a bien r\u00e9ussi, c&rsquo;est que nous avons r\u00e9ussi \u00e0 lutter contre l&rsquo;ethnocentrisme. Et pour cela, merci aux Guin\u00e9ens. Merci d&rsquo;avoir compris que la priorit\u00e9 n&rsquo;est pas de se combattre. Merci d&rsquo;avoir compris que la priorit\u00e9 n&rsquo;est pas donn\u00e9e \u00e0 l&rsquo;ethnie, mais plut\u00f4t \u00e0 l&rsquo;unit\u00e9, au d\u00e9veloppement. Et je suis convaincu qu&rsquo;avec Mamadi Doumbouya, nous allons arriver \u00e0 bon port. Aujourd&rsquo;hui, les \u00e9lections pr\u00e9sidentielles et le r\u00e9f\u00e9rendum sont derri\u00e8re nous. L&rsquo;avenir, c&rsquo;est le d\u00e9veloppement. Et \u00e7a, on ne peut le faire sans se serrer les couilles. \u00c7a, on ne peut le faire sans \u00eatre unis. Et pour \u00e7a, j&rsquo;appelle tous les Guin\u00e9ens, j&rsquo;appelle au sens du patriotisme de tout un chacun, pour accompagner le pr\u00e9sident Mamadi Doumbouya&gt;&gt;<\/span><\/p>\n<p dir=\"ltr\"><span style=\"color: #141414;font-family: helmet, freesans, helvetica, arial, sans-serif\">Enfin, Ousmane Dady Camara a lanc\u00e9 un appel direct au nouveau Pr\u00e9sident de la R\u00e9publique, l\u2019invitant \u00e0 rester fid\u00e8le \u00e0 cet esprit d\u2019inclusion et de rassemblement.<\/span><\/p>\n<p dir=\"ltr\"><span style=\"color: #141414;font-family: helmet, freesans, helvetica, arial, sans-serif\">&lt;&lt;Au pr\u00e9sident Mamadi Doumbouya aussi, de veiller sur tous les Guin\u00e9ens, d&rsquo;accepter ceux qui l&rsquo;aiment et ceux qui ne l&rsquo;aiment pas. Mais, il est le p\u00e8re de la nation, il est pour tous les Guin\u00e9ens, de mettre en priorit\u00e9 le d\u00e9veloppement. C&rsquo;est tr\u00e8s important pour que l&rsquo;unit\u00e9 puisse continuer \u00e0 r\u00e9gner dans notre pays et que nous puissions atteindre nos objectifs&gt;&gt;<\/span><\/p>\n<p dir=\"ltr\"><span style=\"color: #141414;font-family: helmet, freesans, helvetica, arial, sans-serif\">\u00c0 l\u2019aube de ce nouveau septennat, l\u2019enjeu est d\u00e9sormais clair : transformer l\u2019\u00e9lan \u00e9lectoral et l\u2019unit\u00e9 nationale proclam\u00e9e en actions concr\u00e8tes au service d\u2019une Guin\u00e9e apais\u00e9e, solidaire et r\u00e9solument tourn\u00e9e vers le d\u00e9veloppement.<\/span><\/p>\n<p dir=\"ltr\">AMC 622 42 41 87<\/p>\n","protected":false},"excerpt":{"rendered":"<p>Apr\u00e8s la validation des r\u00e9sultats par la Cour supr\u00eame, le coordinateur g\u00e9n\u00e9ral d\u2019\u00ab Ensemble Pour la Guin\u00e9e \u00bb salue un discours pr\u00e9sidentiel rassembleur et appelle \u00e0 la mobilisation nationale. Apr\u00e8s la confirmation des r\u00e9sultats d\u00e9finitifs par la Cour supr\u00eame concernant l\u2019\u00e9lection pr\u00e9sidentielle du 28 d\u00e9cembre 2025, le candidat ind\u00e9pendant soutenu par la GMD, Monsieur Mamadi [&hellip;]<\/p>\n","protected":false},"author":2,"featured_media":6975,"comment_status":"closed","ping_status":"closed","sticky":false,"template":"","format":"standard","meta":{"_jetpack_memberships_contains_paid_content":false,"footnotes":"","jetpack_publicize_message":"","jetpack_publicize_feature_enabled":true,"jetpack_social_post_already_shared":true,"jetpack_social_options":{"image_generator_settings":{"template":"highway","default_image_id":0,"font":"","enabled":false},"version":2}},"categories":[1],"tags":[865,1434,1405],"class_list":{"0":"post-6972","1":"post","2":"type-post","3":"status-publish","4":"format-standard","5":"has-post-thumbnail","7":"category-non-classe","8":"tag-elections-en-guinee","9":"tag-mamadi-doumbouya-elu","10":"tag-ousmane-dady"},"jetpack_publicize_connections":[],"jetpack_featured_media_url":"https:\/\/ledenonciateur224.com\/wp-content\/uploads\/2026\/01\/img-20260105-wa0076.jpg","jetpack_sharing_enabled":true,"_links":{"self":[{"href":"https:\/\/ledenonciateur224.com\/index.php\/wp-json\/wp\/v2\/posts\/6972","targetHints":{"allow":["GET"]}}],"collection":[{"href":"https:\/\/ledenonciateur224.com\/index.php\/wp-json\/wp\/v2\/posts"}],"about":[{"href":"https:\/\/ledenonciateur224.com\/index.php\/wp-json\/wp\/v2\/types\/post"}],"author":[{"embeddable":true,"href":"https:\/\/ledenonciateur224.com\/index.php\/wp-json\/wp\/v2\/users\/2"}],"replies":[{"embeddable":true,"href":"https:\/\/ledenonciateur224.com\/index.php\/wp-json\/wp\/v2\/comments?post=6972"}],"version-history":[{"count":1,"href":"https:\/\/ledenonciateur224.com\/index.php\/wp-json\/wp\/v2\/posts\/6972\/revisions"}],"predecessor-version":[{"id":6977,"href":"https:\/\/ledenonciateur224.com\/index.php\/wp-json\/wp\/v2\/posts\/6972\/revisions\/6977"}],"wp:featuredmedia":[{"embeddable":true,"href":"https:\/\/ledenonciateur224.com\/index.php\/wp-json\/wp\/v2\/media\/6975"}],"wp:attachment":[{"href":"https:\/\/ledenonciateur224.com\/index.php\/wp-json\/wp\/v2\/media?parent=6972"}],"wp:term":[{"taxonomy":"category","embeddable":true,"href":"https:\/\/ledenonciateur224.com\/index.php\/wp-json\/wp\/v2\/categories?post=6972"},{"taxonomy":"post_tag","embeddable":true,"href":"https:\/\/ledenonciateur224.com\/index.php\/wp-json\/wp\/v2\/tags?post=6972"}],"curies":[{"name":"wp","href":"https:\/\/api.w.org\/{rel}","templated":true}]}}