{"id":6988,"date":"2026-01-06T21:54:47","date_gmt":"2026-01-06T21:54:47","guid":{"rendered":"https:\/\/ledenonciateur224.com\/?p=6988"},"modified":"2026-01-06T21:54:47","modified_gmt":"2026-01-06T21:54:47","slug":"guinee-deces-du-colonel-clude-pivi-a-conakry","status":"publish","type":"post","link":"https:\/\/ledenonciateur224.com\/index.php\/guinee-deces-du-colonel-clude-pivi-a-conakry\/","title":{"rendered":"Guin\u00e9e : D\u00e9c\u00e8s du colonel Clude Pivi \u00e0 Conakry"},"content":{"rendered":"<p>Le Parquet g\u00e9n\u00e9ral pr\u00e8s la Cour d&rsquo;appel de Conakry informe l&rsquo;opinion publique que par jugement criminel n\u00ba019 du 31 juillet 2024, rendu par le Tribunal de premi\u00e8re instance de Dixinn, Monsieur Claude PIVI a \u00e9t\u00e9 condamn\u00e9 \u00e0 la r\u00e9clusion criminelle \u00e0 perp\u00e9tuit\u00e9, assortie d&rsquo;une p\u00e9riode de s\u00fbret\u00e9 de vingt-cinq (25) ans, avec mandat d&rsquo;arr\u00eat \u00e0 diffusion internationale, pour des faits de crimes contre l&rsquo;humanit\u00e9 du fait de responsabilit\u00e9 de commandement li\u00e9s aux \u00e9v\u00e9nements survenus le 28 septembre 2009 au stade du m\u00eame nom \u00e0 Conakry.<\/p>\n<p>Dans le cadre de l&rsquo;ex\u00e9cution dudit jugement, le condamn\u00e9, qui s&rsquo;\u00e9tait \u00e9vad\u00e9, a \u00e9t\u00e9 interpell\u00e9 puis \u00e9crou\u00e9 depuis le 19 septembre 2024 \u00e0 la maison centrale de Coyah.<\/p>\n<p>Le d\u00e9tenu souffrait d&rsquo;un diab\u00e8te chronique, une hypertension art\u00e9rielle et une maladie articulaire (goutte), pour lesquels il faisait l&rsquo;objet d&rsquo;un suivi m\u00e9dical r\u00e9gulier lors de sa d\u00e9tention.<\/p>\n<p>La non observance du traitement a conduit le 4 janvier 2026 \u00e0 une hypoglyc\u00e9mie s\u00e9v\u00e8re qui a n\u00e9cessit\u00e9 son \u00e9vacuation d&rsquo;urgence \u00e0 l&rsquo;H\u00f4pital militaire du Camp Almamy Samory TOURE.<\/p>\n<p>Apr\u00e8s deux jours de soins intensifs, le Parquet G\u00e9n\u00e9ral a le regret d&rsquo;informer l&rsquo;opinion publique de son d\u00e9c\u00e8s survenu, ce jour, 06 janvier 2026, dans un tableau de coma hypoglyc\u00e9mique selon le m\u00e9decin traitant.<\/p>\n<p>Conform\u00e9ment aux exigences de la proc\u00e9dure judiciaire et dans un souci de manifestation de la v\u00e9rit\u00e9, une autopsie m\u00e9dico-l\u00e9gale a \u00e9t\u00e9 ordonn\u00e9e sur la base de la r\u00e9quisition N\u00b0011\/P\/PR\/CYH\/2026 du 06 janvier 2026, \u00e9manant de Monsieur le Procureur de la R\u00e9publique pr\u00e8s le Tribunal de premi\u00e8re instance de Coyah, aux fins de d\u00e9terminer les circonstances et la cause d\u00e9c\u00e8s.<\/p>\n<p>Le r\u00e9sultat de l&rsquo;autopsie fera l&rsquo;objet d&rsquo;un communiqu\u00e9 par le Parquet G\u00e9n\u00e9ral.<\/p>\n<p>Le Parquet G\u00e9n\u00e9ral pr\u00e9sente ses condol\u00e9ances attrist\u00e9es \u00e0 la famille \u00e9plor\u00e9e et au peuple de Guin\u00e9e.<\/p>\n<p>&nbsp;<\/p>\n<p>Fait \u00e0 Conakry le 06 Janvier 2026<\/p>\n<p>&nbsp;<\/p>\n","protected":false},"excerpt":{"rendered":"<p>Le Parquet g\u00e9n\u00e9ral pr\u00e8s la Cour d&rsquo;appel de Conakry informe l&rsquo;opinion publique que par jugement criminel n\u00ba019 du 31 juillet 2024, rendu par le Tribunal de premi\u00e8re instance de Dixinn, Monsieur Claude PIVI a \u00e9t\u00e9 condamn\u00e9 \u00e0 la r\u00e9clusion criminelle \u00e0 perp\u00e9tuit\u00e9, assortie d&rsquo;une p\u00e9riode de s\u00fbret\u00e9 de vingt-cinq (25) ans, avec mandat d&rsquo;arr\u00eat \u00e0 [&hellip;]<\/p>\n","protected":false},"author":2,"featured_media":6989,"comment_status":"closed","ping_status":"closed","sticky":false,"template":"","format":"standard","meta":{"_jetpack_memberships_contains_paid_content":false,"footnotes":"","jetpack_publicize_message":"","jetpack_publicize_feature_enabled":true,"jetpack_social_post_already_shared":true,"jetpack_social_options":{"image_generator_settings":{"template":"highway","default_image_id":0,"font":"","enabled":false},"version":2}},"categories":[30,24],"tags":[1438,1366],"class_list":{"0":"post-6988","1":"post","2":"type-post","3":"status-publish","4":"format-standard","5":"has-post-thumbnail","7":"category-faits-divers","8":"category-news","9":"tag-claude-pivi","10":"tag-parquet-general"},"jetpack_publicize_connections":[],"jetpack_featured_media_url":"https:\/\/ledenonciateur224.com\/wp-content\/uploads\/2026\/01\/screenshot-20260106-213342-google-897x570-1.jpg","jetpack_sharing_enabled":true,"_links":{"self":[{"href":"https:\/\/ledenonciateur224.com\/index.php\/wp-json\/wp\/v2\/posts\/6988","targetHints":{"allow":["GET"]}}],"collection":[{"href":"https:\/\/ledenonciateur224.com\/index.php\/wp-json\/wp\/v2\/posts"}],"about":[{"href":"https:\/\/ledenonciateur224.com\/index.php\/wp-json\/wp\/v2\/types\/post"}],"author":[{"embeddable":true,"href":"https:\/\/ledenonciateur224.com\/index.php\/wp-json\/wp\/v2\/users\/2"}],"replies":[{"embeddable":true,"href":"https:\/\/ledenonciateur224.com\/index.php\/wp-json\/wp\/v2\/comments?post=6988"}],"version-history":[{"count":1,"href":"https:\/\/ledenonciateur224.com\/index.php\/wp-json\/wp\/v2\/posts\/6988\/revisions"}],"predecessor-version":[{"id":6990,"href":"https:\/\/ledenonciateur224.com\/index.php\/wp-json\/wp\/v2\/posts\/6988\/revisions\/6990"}],"wp:featuredmedia":[{"embeddable":true,"href":"https:\/\/ledenonciateur224.com\/index.php\/wp-json\/wp\/v2\/media\/6989"}],"wp:attachment":[{"href":"https:\/\/ledenonciateur224.com\/index.php\/wp-json\/wp\/v2\/media?parent=6988"}],"wp:term":[{"taxonomy":"category","embeddable":true,"href":"https:\/\/ledenonciateur224.com\/index.php\/wp-json\/wp\/v2\/categories?post=6988"},{"taxonomy":"post_tag","embeddable":true,"href":"https:\/\/ledenonciateur224.com\/index.php\/wp-json\/wp\/v2\/tags?post=6988"}],"curies":[{"name":"wp","href":"https:\/\/api.w.org\/{rel}","templated":true}]}}