{"id":7005,"date":"2026-01-07T15:38:41","date_gmt":"2026-01-07T15:38:41","guid":{"rendered":"https:\/\/ledenonciateur224.com\/?p=7005"},"modified":"2026-01-07T15:38:41","modified_gmt":"2026-01-07T15:38:41","slug":"presidentielle-en-guinee-loif-salue-la-victoire-de-mamadi-doumbouya-et-linvite-au-sommet-de-2026","status":"publish","type":"post","link":"https:\/\/ledenonciateur224.com\/index.php\/presidentielle-en-guinee-loif-salue-la-victoire-de-mamadi-doumbouya-et-linvite-au-sommet-de-2026\/","title":{"rendered":"Pr\u00e9sidentielle en Guin\u00e9e : l\u2019OIF salue la victoire de Mamadi Doumbouya et l\u2019invite au sommet de 2026"},"content":{"rendered":"<p>Les messages de f\u00e9licitations continuent d\u2019affluer \u00e0 Conakry au lendemain de la confirmation officielle de la victoire de Mamadi Doumbouya \u00e0 l\u2019\u00e9lection pr\u00e9sidentielle. Apr\u00e8s la CEDEAO, l\u2019Union africaine (UA) et l\u2019Union europ\u00e9enne (UE), c\u2019est d\u00e9sormais l\u2019Organisation internationale de la Francophonie (OIF) qui reconna\u00eet le verdict des urnes et salue le choix du peuple guin\u00e9en.<br \/>\nDans un courrier adress\u00e9 au nouveau pr\u00e9sident, la secr\u00e9taire g\u00e9n\u00e9rale de l\u2019OIF, Louise Mushikiwabo, souligne l\u2019ampleur du soutien populaire dont a b\u00e9n\u00e9fici\u00e9 Mamadi Doumbouya lors du scrutin du 28 d\u00e9cembre 2025. Elle lui adresse, \u00e0 cette occasion, ses f\u00e9licitations officielles et ses v\u0153ux de r\u00e9ussite \u00e0 la t\u00eate de l\u2019\u00c9tat guin\u00e9en.<br \/>\n\u00ab \u00c0 l\u2019issue de l\u2019\u00e9lection pr\u00e9sidentielle du 28 d\u00e9cembre 2025, et selon les r\u00e9sultats proclam\u00e9s par la Cour supr\u00eame, le peuple de Guin\u00e9e vous a largement \u00e9lu pour pr\u00e9sider \u00e0 ses destin\u00e9es pour les sept prochaines ann\u00e9es. En cette heureuse circonstance, je voudrais au nom de l\u2019Organisation internationale de la francophonie et \u00e0 mon nom propre vous adresser toutes mes chaleureuses f\u00e9licitations pour votre victoire ainsi que nos sinc\u00e8res v\u0153ux de plein succ\u00e8s dans vos nobles et hautes charges \u00e0 la t\u00eate de votre pays \u00bb, \u00e9crit la responsable rwandaise.<br \/>\nAu-del\u00e0 des f\u00e9licitations protocolaires, la patronne de l\u2019OIF a \u00e9galement port\u00e9 une appr\u00e9ciation positive sur le d\u00e9roulement du scrutin. Elle rappelle que l\u2019organisation avait d\u00e9p\u00each\u00e9 une mission d\u2019observation \u00e9lectorale \u00e0 Conakry, laquelle a salu\u00e9 le climat apais\u00e9 dans lequel le vote s\u2019est tenu.<br \/>\n\u00ab La mission \u00e9lectorale de la francophonie que j\u2019avais d\u00e9p\u00each\u00e9e \u00e0 l\u2019invitation des autorit\u00e9s guin\u00e9ennes a appr\u00e9ci\u00e9 positivement le d\u00e9roulement de l\u2019\u00e9lection pr\u00e9sidentielle dans le calme et la s\u00e9r\u00e9nit\u00e9 et a r\u00e9it\u00e9r\u00e9 la disponibilit\u00e9 de l\u2019OIF \u00e0 poursuivre son accompagnement du processus de sortie et de transition en Guin\u00e9e. \u00bb, a mentionn\u00e9 Louise Mushikiwabo.<br \/>\nDans la m\u00eame correspondance, l\u2019ancienne ministre rwandaise des Affaires \u00e9trang\u00e8res a exprim\u00e9 son souhait de voir les relations entre la Guin\u00e9e et l\u2019OIF se renforcer sous le nouveau mandat pr\u00e9sidentiel. Elle a enfin invit\u00e9 Mamadi Doumbouya \u00e0 prendre part au prochain grand rendez-vous de la Francophonie.<br \/>\n\u00ab Voudrais-je vous exprimer mon souhait de voir sous votre mandat se poursuivre, se consolider, se renforcer la longue, constructive et fructueuse coop\u00e9ration entre la Guin\u00e9e et notre organisation commune. \u00c0 cet \u00e9gard, j\u2019ai le plaisir de vous convier \u00e0 participer au 20e sommet des chefs d\u2019\u00c9tat et de gouvernement (de l\u2019OIF) qui se tiendra les 15 et 16 novembre 2026 au Cambodge \u00bb, a invit\u00e9 Mushikiwabo.<\/p>\n<p>Cette nouvelle reconnaissance internationale vient renforcer la l\u00e9gitimit\u00e9 du pr\u00e9sident \u00e9lu et confirme le retour progressif de la Guin\u00e9e sur la sc\u00e8ne diplomatique r\u00e9gionale et internationale, apr\u00e8s une transition suivie de pr\u00e8s par les partenaires du pays.<\/p>\n<p>&nbsp;<\/p>\n<p>Ledenonciateur224.com<\/p>\n","protected":false},"excerpt":{"rendered":"<p>Les messages de f\u00e9licitations continuent d\u2019affluer \u00e0 Conakry au lendemain de la confirmation officielle de la victoire de Mamadi Doumbouya \u00e0 l\u2019\u00e9lection pr\u00e9sidentielle. Apr\u00e8s la CEDEAO, l\u2019Union africaine (UA) et l\u2019Union europ\u00e9enne (UE), c\u2019est d\u00e9sormais l\u2019Organisation internationale de la Francophonie (OIF) qui reconna\u00eet le verdict des urnes et salue le choix du peuple guin\u00e9en. Dans [&hellip;]<\/p>\n","protected":false},"author":2,"featured_media":7006,"comment_status":"closed","ping_status":"closed","sticky":false,"template":"","format":"standard","meta":{"_jetpack_memberships_contains_paid_content":false,"footnotes":"","jetpack_publicize_message":"","jetpack_publicize_feature_enabled":true,"jetpack_social_post_already_shared":true,"jetpack_social_options":{"image_generator_settings":{"template":"highway","default_image_id":0,"font":"","enabled":false},"version":2}},"categories":[38,24,27],"tags":[1441,493],"class_list":{"0":"post-7005","1":"post","2":"type-post","3":"status-publish","4":"format-standard","5":"has-post-thumbnail","7":"category-international","8":"category-news","9":"category-politique","10":"tag-election-de-mamadi-doumbouya","11":"tag-oif"},"jetpack_publicize_connections":[],"jetpack_featured_media_url":"https:\/\/ledenonciateur224.com\/wp-content\/uploads\/2026\/01\/gmd-louise-mushikiwabo-secretaire-generale-de-loif.jpg","jetpack_sharing_enabled":true,"_links":{"self":[{"href":"https:\/\/ledenonciateur224.com\/index.php\/wp-json\/wp\/v2\/posts\/7005","targetHints":{"allow":["GET"]}}],"collection":[{"href":"https:\/\/ledenonciateur224.com\/index.php\/wp-json\/wp\/v2\/posts"}],"about":[{"href":"https:\/\/ledenonciateur224.com\/index.php\/wp-json\/wp\/v2\/types\/post"}],"author":[{"embeddable":true,"href":"https:\/\/ledenonciateur224.com\/index.php\/wp-json\/wp\/v2\/users\/2"}],"replies":[{"embeddable":true,"href":"https:\/\/ledenonciateur224.com\/index.php\/wp-json\/wp\/v2\/comments?post=7005"}],"version-history":[{"count":1,"href":"https:\/\/ledenonciateur224.com\/index.php\/wp-json\/wp\/v2\/posts\/7005\/revisions"}],"predecessor-version":[{"id":7007,"href":"https:\/\/ledenonciateur224.com\/index.php\/wp-json\/wp\/v2\/posts\/7005\/revisions\/7007"}],"wp:featuredmedia":[{"embeddable":true,"href":"https:\/\/ledenonciateur224.com\/index.php\/wp-json\/wp\/v2\/media\/7006"}],"wp:attachment":[{"href":"https:\/\/ledenonciateur224.com\/index.php\/wp-json\/wp\/v2\/media?parent=7005"}],"wp:term":[{"taxonomy":"category","embeddable":true,"href":"https:\/\/ledenonciateur224.com\/index.php\/wp-json\/wp\/v2\/categories?post=7005"},{"taxonomy":"post_tag","embeddable":true,"href":"https:\/\/ledenonciateur224.com\/index.php\/wp-json\/wp\/v2\/tags?post=7005"}],"curies":[{"name":"wp","href":"https:\/\/api.w.org\/{rel}","templated":true}]}}