{"id":7016,"date":"2026-01-09T11:48:26","date_gmt":"2026-01-09T11:48:26","guid":{"rendered":"https:\/\/ledenonciateur224.com\/?p=7016"},"modified":"2026-01-09T11:48:26","modified_gmt":"2026-01-09T11:48:26","slug":"cap-sur-les-legislatives-le-gouvernement-evoque-un-scrutin-des-mai-2026","status":"publish","type":"post","link":"https:\/\/ledenonciateur224.com\/index.php\/cap-sur-les-legislatives-le-gouvernement-evoque-un-scrutin-des-mai-2026\/","title":{"rendered":"Cap sur les l\u00e9gislatives : le Gouvernement \u00e9voque un scrutin d\u00e8s mai 2026"},"content":{"rendered":"<p>Au lendemain de l\u2019\u00e9lection pr\u00e9sidentielle, le Gouvernement guin\u00e9en enclenche la prochaine \u00e9tape du calendrier politique : les \u00e9lections l\u00e9gislatives. Celles-ci pourraient se tenir d\u00e8s cette ann\u00e9e, selon des informations obtenues par Ledenonciateur224.com<\/p>\n<p>L\u2019annonce a \u00e9t\u00e9 faite ce vendredi 9 janvier 2026 par le porte-parole du Gouvernement, Ousmane Gaoual Diallo, lors d\u2019une intervention sur RFI. \u00ab Il est pr\u00e9vu que les \u00e9lections l\u00e9gislatives se d\u00e9roulent cette ann\u00e9e, puis les \u00e9lections communales avant le d\u00e9but de l\u2019hivernage \u00bb, a-t-il d\u00e9clar\u00e9.<\/p>\n<p>Interrog\u00e9 sur un \u00e9ventuel scrutin l\u00e9gislatif avant le mois de mai, le porte-parole s\u2019est montr\u00e9 affirmatif : \u00ab C\u2019est envisageable, fortement \u00bb. Une perspective qui confirme la volont\u00e9 des autorit\u00e9s d\u2019acc\u00e9l\u00e9rer la mise en place des institutions \u00e9lues et de tourner d\u00e9finitivement la page de la transition politique.<\/p>\n<p>&nbsp;<\/p>\n<p>AMC pour Ledenonciateur224.com<\/p>\n","protected":false},"excerpt":{"rendered":"<p>Au lendemain de l\u2019\u00e9lection pr\u00e9sidentielle, le Gouvernement guin\u00e9en enclenche la prochaine \u00e9tape du calendrier politique : les \u00e9lections l\u00e9gislatives. Celles-ci pourraient se tenir d\u00e8s cette ann\u00e9e, selon des informations obtenues par Ledenonciateur224.com L\u2019annonce a \u00e9t\u00e9 faite ce vendredi 9 janvier 2026 par le porte-parole du Gouvernement, Ousmane Gaoual Diallo, lors d\u2019une intervention sur RFI. \u00ab [&hellip;]<\/p>\n","protected":false},"author":2,"featured_media":7017,"comment_status":"closed","ping_status":"closed","sticky":false,"template":"","format":"standard","meta":{"_jetpack_memberships_contains_paid_content":false,"footnotes":"","jetpack_publicize_message":"","jetpack_publicize_feature_enabled":true,"jetpack_social_post_already_shared":true,"jetpack_social_options":{"image_generator_settings":{"template":"highway","default_image_id":0,"font":"","enabled":false},"version":2}},"categories":[24,27],"tags":[1444],"class_list":{"0":"post-7016","1":"post","2":"type-post","3":"status-publish","4":"format-standard","5":"has-post-thumbnail","7":"category-news","8":"category-politique","9":"tag-scrutin-legislatif"},"jetpack_publicize_connections":[],"jetpack_featured_media_url":"https:\/\/ledenonciateur224.com\/wp-content\/uploads\/2026\/01\/123-gaoual.jpeg","jetpack_sharing_enabled":true,"_links":{"self":[{"href":"https:\/\/ledenonciateur224.com\/index.php\/wp-json\/wp\/v2\/posts\/7016","targetHints":{"allow":["GET"]}}],"collection":[{"href":"https:\/\/ledenonciateur224.com\/index.php\/wp-json\/wp\/v2\/posts"}],"about":[{"href":"https:\/\/ledenonciateur224.com\/index.php\/wp-json\/wp\/v2\/types\/post"}],"author":[{"embeddable":true,"href":"https:\/\/ledenonciateur224.com\/index.php\/wp-json\/wp\/v2\/users\/2"}],"replies":[{"embeddable":true,"href":"https:\/\/ledenonciateur224.com\/index.php\/wp-json\/wp\/v2\/comments?post=7016"}],"version-history":[{"count":1,"href":"https:\/\/ledenonciateur224.com\/index.php\/wp-json\/wp\/v2\/posts\/7016\/revisions"}],"predecessor-version":[{"id":7018,"href":"https:\/\/ledenonciateur224.com\/index.php\/wp-json\/wp\/v2\/posts\/7016\/revisions\/7018"}],"wp:featuredmedia":[{"embeddable":true,"href":"https:\/\/ledenonciateur224.com\/index.php\/wp-json\/wp\/v2\/media\/7017"}],"wp:attachment":[{"href":"https:\/\/ledenonciateur224.com\/index.php\/wp-json\/wp\/v2\/media?parent=7016"}],"wp:term":[{"taxonomy":"category","embeddable":true,"href":"https:\/\/ledenonciateur224.com\/index.php\/wp-json\/wp\/v2\/categories?post=7016"},{"taxonomy":"post_tag","embeddable":true,"href":"https:\/\/ledenonciateur224.com\/index.php\/wp-json\/wp\/v2\/tags?post=7016"}],"curies":[{"name":"wp","href":"https:\/\/api.w.org\/{rel}","templated":true}]}}