{"id":7019,"date":"2026-01-09T11:59:40","date_gmt":"2026-01-09T11:59:40","guid":{"rendered":"https:\/\/ledenonciateur224.com\/?p=7019"},"modified":"2026-01-09T11:59:40","modified_gmt":"2026-01-09T11:59:40","slug":"aliou-bah-condamne-a-deux-ans-de-prison-ousmane-gaoual-diallo-plaide-pour-un-geste-de-clemence-presidentielle","status":"publish","type":"post","link":"https:\/\/ledenonciateur224.com\/index.php\/aliou-bah-condamne-a-deux-ans-de-prison-ousmane-gaoual-diallo-plaide-pour-un-geste-de-clemence-presidentielle\/","title":{"rendered":"Aliou Bah condamn\u00e9 \u00e0 deux ans de prison : Ousmane Gaoual Diallo plaide pour un geste de cl\u00e9mence pr\u00e9sidentielle"},"content":{"rendered":"<p>Apr\u00e8s plusieurs mois de silence m\u00e9diatique, le porte-parole du gouvernement guin\u00e9en, Ousmane Gaoual Diallo, est sorti de sa r\u00e9serve ce vendredi lors d\u2019une intervention sur les ondes de Radio France Internationale (RFI). Une prise de parole tr\u00e8s attendue, au cours de laquelle le ministre des Transports est revenu sur plusieurs sujets d\u2019actualit\u00e9 nationale, notamment la situation judiciaire de l\u2019homme politique Aliou Bah, pr\u00e9sident du Mouvement d\u00e9mocratique lib\u00e9ral (MODEL).<\/p>\n<p>Condamn\u00e9 r\u00e9cemment \u00e0 deux ans de prison, Aliou Bah se retrouve au c\u0153ur d\u2019un d\u00e9bat politique et judiciaire qui continue de susciter de nombreuses r\u00e9actions au sein de l\u2019opinion publique. Interrog\u00e9 sur cette affaire, Ousmane Gaoual Diallo a adopt\u00e9 un ton conciliant, appelant ouvertement \u00e0 un geste de cl\u00e9mence de la part du chef de l\u2019\u00c9tat.<br \/>\nLe porte-parole du gouvernement a ainsi soulign\u00e9 le profil du leader du MODEL, qu\u2019il d\u00e9crit comme un jeune acteur de la sc\u00e8ne politique nationale, tout en rappelant que le processus judiciaire est arriv\u00e9 \u00e0 son terme.<br \/>\n\u00ab J\u2019esp\u00e8re qu\u2019il y aura une cl\u00e9mence. C\u2019est un jeune acteur politique. Nous souhaitons que le Pr\u00e9sident de la R\u00e9publique soit cl\u00e9ment et qu\u2019un geste soit fait \u00e0 cet endroit. Parce que, lui au moins, le proc\u00e8s est pass\u00e9, le jugement a \u00e9t\u00e9 act\u00e9. Ce serait quelque chose de formidable pour nous que le Pr\u00e9sident acc\u00e8de et lui fasse un geste de cl\u00e9mence dans ce sens-l\u00e0 \u00bb, a d\u00e9clar\u00e9 Ousmane Gaoual Diallo.<\/p>\n<p>Cette d\u00e9claration relance le d\u00e9bat sur la d\u00e9crispation du climat politique et la place du dialogue dans la gouvernance actuelle. Elle intervient dans un contexte o\u00f9 de nombreux observateurs appellent \u00e0 des mesures d\u2019apaisement afin de renforcer la coh\u00e9sion nationale et la confiance entre les acteurs politiques.<\/p>\n<p>&nbsp;<\/p>\n<p>AMC<\/p>\n","protected":false},"excerpt":{"rendered":"<p>Apr\u00e8s plusieurs mois de silence m\u00e9diatique, le porte-parole du gouvernement guin\u00e9en, Ousmane Gaoual Diallo, est sorti de sa r\u00e9serve ce vendredi lors d\u2019une intervention sur les ondes de Radio France Internationale (RFI). Une prise de parole tr\u00e8s attendue, au cours de laquelle le ministre des Transports est revenu sur plusieurs sujets d\u2019actualit\u00e9 nationale, notamment la [&hellip;]<\/p>\n","protected":false},"author":2,"featured_media":656,"comment_status":"closed","ping_status":"closed","sticky":false,"template":"","format":"standard","meta":{"_jetpack_memberships_contains_paid_content":false,"footnotes":"","jetpack_publicize_message":"","jetpack_publicize_feature_enabled":true,"jetpack_social_post_already_shared":true,"jetpack_social_options":{"image_generator_settings":{"template":"highway","default_image_id":0,"font":"","enabled":false},"version":2}},"categories":[30,24,27],"tags":[268,140,143],"class_list":{"0":"post-7019","1":"post","2":"type-post","3":"status-publish","4":"format-standard","5":"has-post-thumbnail","7":"category-faits-divers","8":"category-news","9":"category-politique","10":"tag-acteurs-politiques","11":"tag-aliou-bah","12":"tag-ousmane-gaoual-diallo"},"jetpack_publicize_connections":[],"jetpack_featured_media_url":"https:\/\/ledenonciateur224.com\/wp-content\/uploads\/2024\/12\/ousmane-gaoual-diallo.jpg","jetpack_sharing_enabled":true,"_links":{"self":[{"href":"https:\/\/ledenonciateur224.com\/index.php\/wp-json\/wp\/v2\/posts\/7019","targetHints":{"allow":["GET"]}}],"collection":[{"href":"https:\/\/ledenonciateur224.com\/index.php\/wp-json\/wp\/v2\/posts"}],"about":[{"href":"https:\/\/ledenonciateur224.com\/index.php\/wp-json\/wp\/v2\/types\/post"}],"author":[{"embeddable":true,"href":"https:\/\/ledenonciateur224.com\/index.php\/wp-json\/wp\/v2\/users\/2"}],"replies":[{"embeddable":true,"href":"https:\/\/ledenonciateur224.com\/index.php\/wp-json\/wp\/v2\/comments?post=7019"}],"version-history":[{"count":1,"href":"https:\/\/ledenonciateur224.com\/index.php\/wp-json\/wp\/v2\/posts\/7019\/revisions"}],"predecessor-version":[{"id":7020,"href":"https:\/\/ledenonciateur224.com\/index.php\/wp-json\/wp\/v2\/posts\/7019\/revisions\/7020"}],"wp:featuredmedia":[{"embeddable":true,"href":"https:\/\/ledenonciateur224.com\/index.php\/wp-json\/wp\/v2\/media\/656"}],"wp:attachment":[{"href":"https:\/\/ledenonciateur224.com\/index.php\/wp-json\/wp\/v2\/media?parent=7019"}],"wp:term":[{"taxonomy":"category","embeddable":true,"href":"https:\/\/ledenonciateur224.com\/index.php\/wp-json\/wp\/v2\/categories?post=7019"},{"taxonomy":"post_tag","embeddable":true,"href":"https:\/\/ledenonciateur224.com\/index.php\/wp-json\/wp\/v2\/tags?post=7019"}],"curies":[{"name":"wp","href":"https:\/\/api.w.org\/{rel}","templated":true}]}}