{"id":7034,"date":"2026-01-10T20:37:04","date_gmt":"2026-01-10T20:37:04","guid":{"rendered":"https:\/\/ledenonciateur224.com\/?p=7034"},"modified":"2026-01-10T20:37:04","modified_gmt":"2026-01-10T20:37:04","slug":"scrutin-apaise-a-kankan-le-point-focal-de-la-hac-rend-hommage-au-professionnalisme-des-journalistes","status":"publish","type":"post","link":"https:\/\/ledenonciateur224.com\/index.php\/scrutin-apaise-a-kankan-le-point-focal-de-la-hac-rend-hommage-au-professionnalisme-des-journalistes\/","title":{"rendered":"Scrutin apais\u00e9 \u00e0 Kankan : le point focal de la HAC rend hommage au professionnalisme des journalistes"},"content":{"rendered":"<p>Quelques jours apr\u00e8s la proclamation des r\u00e9sultats d\u00e9finitifs de l\u2019\u00e9lection pr\u00e9sidentielle, d\u00e9clarant le candidat ind\u00e9pendant Mamadi Doumbouya vainqueur, le directeur de l&rsquo;information de la r\u00e9gion de Kankan a convi\u00e9 les repr\u00e9sentants des m\u00e9dias \u00e0 la maison r\u00e9gionale de la presse, situ\u00e9e au quartier Aviation.<\/p>\n<p>Dans son intervention, le point focal de la Haute Autorit\u00e9 de la Communication (HAC) a salu\u00e9 le travail accompli par les journalistes, affirmant qu&rsquo;aucune d\u00e9faillance n&rsquo;a \u00e9t\u00e9 constat\u00e9e.<\/p>\n<p>Selon Mamady Kanssan Doumbouya, en tant que premier repr\u00e9sentant de l&rsquo;institution dirig\u00e9e par Boubacar Yassine Diallo, aucun discours de haine raciale ni de fausses informations n&rsquo;a \u00e9t\u00e9 prononc\u00e9 par les journalistes de la r\u00e9gion de Kankan. Il s&rsquo;en r\u00e9jouit en ces termes.<\/p>\n<p>\u00ab\u00a0C&rsquo;est avec un immense honneur et un grand plaisir que je prends la parole aujourd&rsquo;hui pour vous exprimer notre gratitude. L&rsquo;objectif de cette conf\u00e9rence de presse est de vous faire part de notre profonde reconnaissance pour tout ce que vous avez accompli afin de pr\u00e9server la paix et la s\u00e9r\u00e9nit\u00e9, tant pendant qu&rsquo;apr\u00e8s la p\u00e9riode \u00e9lectorale. \u00a0\u00bb<\/p>\n<p>Le directeur r\u00e9gional de l&rsquo;information et point focal de la Haute Autorit\u00e9 de la Communication a aussi exprim\u00e9 sa satisfaction quant \u00e0 l&rsquo;apaisement observ\u00e9 et reconna\u00eet le r\u00f4le crucial jou\u00e9 par les m\u00e9dias de la r\u00e9gion. Il admet toutefois ne pas avoir suffisamment pr\u00eat\u00e9 attention aux fausses informations qui incitaient les citoyens \u00e0 la violence.<\/p>\n<p>\u00ab\u00a0Je suis parfaitement satisfait. \u00c0 ma connaissance, aucun discours haineux n\u2019a \u00e9t\u00e9 prononc\u00e9, susceptible de susciter des violences ou de troubler l\u2019ordre public. Vous, les journalistes, avez agi de mani\u00e8re responsable, et cela m\u00e9rite d\u2019\u00eatre soulign\u00e9\u00a0\u00bb d&rsquo;apr\u00e8s Mamady Kassin Doumbouya.<\/p>\n<p>\u00c0 l&rsquo;issue de cette rencontre entre journalistes, le directeur r\u00e9gional de l&rsquo;information et de la communication a adress\u00e9 ses f\u00e9licitations au chef de l&rsquo;\u00c9tat, Mamadi Doumbouya, pour avoir honor\u00e9 la m\u00e9moire de l&rsquo;ancien journaliste, feu Daouda TABAN Sylla, en offrant une villa \u00e0 sa famille.<\/p>\n<p>&nbsp;<\/p>\n<p style=\"text-align: left\">Mamoudou Aim\u00e9 C\u00e9saire Cond\u00e9, correspondant \u00e0 Kankan.<\/p>\n","protected":false},"excerpt":{"rendered":"<p>Quelques jours apr\u00e8s la proclamation des r\u00e9sultats d\u00e9finitifs de l\u2019\u00e9lection pr\u00e9sidentielle, d\u00e9clarant le candidat ind\u00e9pendant Mamadi Doumbouya vainqueur, le directeur de l&rsquo;information de la r\u00e9gion de Kankan a convi\u00e9 les repr\u00e9sentants des m\u00e9dias \u00e0 la maison r\u00e9gionale de la presse, situ\u00e9e au quartier Aviation. Dans son intervention, le point focal de la Haute Autorit\u00e9 de [&hellip;]<\/p>\n","protected":false},"author":2,"featured_media":7037,"comment_status":"closed","ping_status":"closed","sticky":false,"template":"","format":"standard","meta":{"_jetpack_memberships_contains_paid_content":false,"footnotes":"","jetpack_publicize_message":"","jetpack_publicize_feature_enabled":true,"jetpack_social_post_already_shared":true,"jetpack_social_options":{"image_generator_settings":{"template":"highway","default_image_id":0,"font":"","enabled":false},"version":2}},"categories":[30,24,33],"tags":[1205,767],"class_list":{"0":"post-7034","1":"post","2":"type-post","3":"status-publish","4":"format-standard","5":"has-post-thumbnail","7":"category-faits-divers","8":"category-news","9":"category-region","10":"tag-actu-kankan","11":"tag-hac-guinee"},"jetpack_publicize_connections":[],"jetpack_featured_media_url":"https:\/\/ledenonciateur224.com\/wp-content\/uploads\/2026\/01\/img-20260110-wa0028.jpg","jetpack_sharing_enabled":true,"_links":{"self":[{"href":"https:\/\/ledenonciateur224.com\/index.php\/wp-json\/wp\/v2\/posts\/7034","targetHints":{"allow":["GET"]}}],"collection":[{"href":"https:\/\/ledenonciateur224.com\/index.php\/wp-json\/wp\/v2\/posts"}],"about":[{"href":"https:\/\/ledenonciateur224.com\/index.php\/wp-json\/wp\/v2\/types\/post"}],"author":[{"embeddable":true,"href":"https:\/\/ledenonciateur224.com\/index.php\/wp-json\/wp\/v2\/users\/2"}],"replies":[{"embeddable":true,"href":"https:\/\/ledenonciateur224.com\/index.php\/wp-json\/wp\/v2\/comments?post=7034"}],"version-history":[{"count":1,"href":"https:\/\/ledenonciateur224.com\/index.php\/wp-json\/wp\/v2\/posts\/7034\/revisions"}],"predecessor-version":[{"id":7038,"href":"https:\/\/ledenonciateur224.com\/index.php\/wp-json\/wp\/v2\/posts\/7034\/revisions\/7038"}],"wp:featuredmedia":[{"embeddable":true,"href":"https:\/\/ledenonciateur224.com\/index.php\/wp-json\/wp\/v2\/media\/7037"}],"wp:attachment":[{"href":"https:\/\/ledenonciateur224.com\/index.php\/wp-json\/wp\/v2\/media?parent=7034"}],"wp:term":[{"taxonomy":"category","embeddable":true,"href":"https:\/\/ledenonciateur224.com\/index.php\/wp-json\/wp\/v2\/categories?post=7034"},{"taxonomy":"post_tag","embeddable":true,"href":"https:\/\/ledenonciateur224.com\/index.php\/wp-json\/wp\/v2\/tags?post=7034"}],"curies":[{"name":"wp","href":"https:\/\/api.w.org\/{rel}","templated":true}]}}