{"id":7072,"date":"2026-01-13T09:37:16","date_gmt":"2026-01-13T09:37:16","guid":{"rendered":"https:\/\/ledenonciateur224.com\/?p=7072"},"modified":"2026-01-13T09:37:16","modified_gmt":"2026-01-13T09:37:16","slug":"etats-unis-plus-de-100-000-visas-revoques-en-2025-un-record-sous-ladministration-trump","status":"publish","type":"post","link":"https:\/\/ledenonciateur224.com\/index.php\/etats-unis-plus-de-100-000-visas-revoques-en-2025-un-record-sous-ladministration-trump\/","title":{"rendered":"\u00c9tats-Unis : plus de 100 000 visas r\u00e9voqu\u00e9s en 2025, un record sous l\u2019administration Trump"},"content":{"rendered":"<p><span style=\"color: #212529;font-family: georgia, 'lucida grande', 'lucida sans unicode', arial, verdana, sans-serif\">Le d\u00e9partement d\u2019\u00c9tat am\u00e9ricain a r\u00e9voqu\u00e9 plus de 100 000 visas \u00e9trangers depuis le d\u00e9but de l\u2019ann\u00e9e 2025, un chiffre sans pr\u00e9c\u00e9dent qui repr\u00e9sente plus du double des r\u00e9vocations enregistr\u00e9es en 2024, derni\u00e8re ann\u00e9e du mandat de l\u2019ancien pr\u00e9sident Joe Biden.<\/span><\/p>\n<p><span style=\"color: #212529;font-family: georgia, lucida grande, lucida sans unicode, arial, verdana, sans-serif\">Selon Fox News, cette hausse spectaculaire intervient dans la foul\u00e9e du d\u00e9cret pr\u00e9sidentiel sign\u00e9 par Donald Trump d\u00e8s son premier jour de retour \u00e0 la Maison-Blanche, renfor\u00e7ant le contr\u00f4le et la surveillance des ressortissants \u00e9trangers pr\u00e9sents sur le sol am\u00e9ricain. \u00c0 titre de comparaison, environ 40 000 visas avaient \u00e9t\u00e9 annul\u00e9s en 2024.<\/span><\/p>\n<p><span style=\"color: #212529;font-family: georgia, lucida grande, lucida sans unicode, arial, verdana, sans-serif\">La majorit\u00e9 des r\u00e9vocations ont concern\u00e9 des voyageurs d\u2019affaires et des touristes ayant d\u00e9pass\u00e9 la dur\u00e9e l\u00e9gale de s\u00e9jour autoris\u00e9e par leur visa. Toutefois, la mesure a \u00e9galement touch\u00e9 des cat\u00e9gories plus sensibles : pr\u00e8s de 8 000 \u00e9tudiants \u00e9trangers et environ 2 500 travailleurs sp\u00e9cialis\u00e9s ont perdu leur statut l\u00e9gal.<\/span><\/p>\n<p><span style=\"color: #212529;font-family: georgia, lucida grande, lucida sans unicode, arial, verdana, sans-serif\">Un porte-parole du d\u00e9partement d\u2019\u00c9tat a pr\u00e9cis\u00e9 que, dans la plupart des cas, les \u00e9tudiants et travailleurs concern\u00e9s avaient eu des d\u00e9m\u00eal\u00e9s avec la justice am\u00e9ricaine. Parmi les travailleurs sp\u00e9cialis\u00e9s, pr\u00e8s de 50 % des visas ont \u00e9t\u00e9 r\u00e9voqu\u00e9s \u00e0 la suite d\u2019arrestations pour conduite en \u00e9tat d\u2019ivresse. Environ 30 % l\u2019ont \u00e9t\u00e9 pour des accusations d\u2019agression, de voies de fait ou de s\u00e9questration, tandis que les 20 % restants concernaient des affaires de vol, de maltraitance d\u2019enfants, d\u2019abus, de trafic de stup\u00e9fiants, ainsi que de fraude et de d\u00e9tournement de fonds.<\/span><\/p>\n<p><span style=\"color: #212529;font-family: georgia, lucida grande, lucida sans unicode, arial, verdana, sans-serif\">Du c\u00f4t\u00e9 des \u00e9tudiants, pr\u00e8s de 500 ont perdu leur visa pour des faits li\u00e9s \u00e0 la possession ou au trafic de drogue. Des centaines de travailleurs \u00e9trangers ont \u00e9galement \u00e9t\u00e9 sanctionn\u00e9s pour des soup\u00e7ons d\u2019abus sur mineurs, selon la m\u00eame source.<\/span><\/p>\n<p><span style=\"color: #212529;font-family: georgia, lucida grande, lucida sans unicode, arial, verdana, sans-serif\">En ao\u00fbt 2025, l\u2019administration Trump a par ailleurs annonc\u00e9 le lancement d\u2019un vaste audit portant sur les dossiers des quelque 55 millions d\u2019\u00e9trangers titulaires de visas am\u00e9ricains encore valides. Cette op\u00e9ration s\u2019inscrit dans le cadre d\u2019un durcissement global de la politique migratoire.<\/span><\/p>\n<p><span style=\"color: #212529;font-family: georgia, lucida grande, lucida sans unicode, arial, verdana, sans-serif\">Le porte-parole adjoint principal du d\u00e9partement d\u2019\u00c9tat, Tommy Piggott, a indiqu\u00e9 que cette strat\u00e9gie serait renforc\u00e9e par la mise en place d\u2019un nouveau \u00ab centre de v\u00e9rification continue \u00bb, destin\u00e9 \u00e0 assurer un contr\u00f4le permanent des titulaires de visas.<\/span><\/p>\n<p><span style=\"color: #212529;font-family: georgia, lucida grande, lucida sans unicode, arial, verdana, sans-serif\">\u00ab L\u2019administration Trump continuera de faire passer l\u2019Am\u00e9rique en premier et de prot\u00e9ger notre nation contre les ressortissants \u00e9trangers qui repr\u00e9sentent un risque pour la s\u00e9curit\u00e9 publique ou la s\u00e9curit\u00e9 nationale \u00bb, a-t-il d\u00e9clar\u00e9.<\/span><\/p>\n<p>Source Fox news<\/p>\n","protected":false},"excerpt":{"rendered":"<p>Le d\u00e9partement d\u2019\u00c9tat am\u00e9ricain a r\u00e9voqu\u00e9 plus de 100 000 visas \u00e9trangers depuis le d\u00e9but de l\u2019ann\u00e9e 2025, un chiffre sans pr\u00e9c\u00e9dent qui repr\u00e9sente plus du double des r\u00e9vocations enregistr\u00e9es en 2024, derni\u00e8re ann\u00e9e du mandat de l\u2019ancien pr\u00e9sident Joe Biden. Selon Fox News, cette hausse spectaculaire intervient dans la foul\u00e9e du d\u00e9cret pr\u00e9sidentiel sign\u00e9 [&hellip;]<\/p>\n","protected":false},"author":2,"featured_media":7073,"comment_status":"closed","ping_status":"closed","sticky":false,"template":"","format":"standard","meta":{"_jetpack_memberships_contains_paid_content":false,"footnotes":"","jetpack_publicize_message":"","jetpack_publicize_feature_enabled":true,"jetpack_social_post_already_shared":true,"jetpack_social_options":{"image_generator_settings":{"template":"highway","default_image_id":0,"font":"","enabled":false},"version":2}},"categories":[30,38],"tags":[1457,222],"class_list":{"0":"post-7072","1":"post","2":"type-post","3":"status-publish","4":"format-standard","5":"has-post-thumbnail","7":"category-faits-divers","8":"category-international","9":"tag-visas-americains","10":"tag-donald-trump"},"jetpack_publicize_connections":[],"jetpack_featured_media_url":"https:\/\/ledenonciateur224.com\/wp-content\/uploads\/2026\/01\/donaldtrump.jpg","jetpack_sharing_enabled":true,"_links":{"self":[{"href":"https:\/\/ledenonciateur224.com\/index.php\/wp-json\/wp\/v2\/posts\/7072","targetHints":{"allow":["GET"]}}],"collection":[{"href":"https:\/\/ledenonciateur224.com\/index.php\/wp-json\/wp\/v2\/posts"}],"about":[{"href":"https:\/\/ledenonciateur224.com\/index.php\/wp-json\/wp\/v2\/types\/post"}],"author":[{"embeddable":true,"href":"https:\/\/ledenonciateur224.com\/index.php\/wp-json\/wp\/v2\/users\/2"}],"replies":[{"embeddable":true,"href":"https:\/\/ledenonciateur224.com\/index.php\/wp-json\/wp\/v2\/comments?post=7072"}],"version-history":[{"count":1,"href":"https:\/\/ledenonciateur224.com\/index.php\/wp-json\/wp\/v2\/posts\/7072\/revisions"}],"predecessor-version":[{"id":7074,"href":"https:\/\/ledenonciateur224.com\/index.php\/wp-json\/wp\/v2\/posts\/7072\/revisions\/7074"}],"wp:featuredmedia":[{"embeddable":true,"href":"https:\/\/ledenonciateur224.com\/index.php\/wp-json\/wp\/v2\/media\/7073"}],"wp:attachment":[{"href":"https:\/\/ledenonciateur224.com\/index.php\/wp-json\/wp\/v2\/media?parent=7072"}],"wp:term":[{"taxonomy":"category","embeddable":true,"href":"https:\/\/ledenonciateur224.com\/index.php\/wp-json\/wp\/v2\/categories?post=7072"},{"taxonomy":"post_tag","embeddable":true,"href":"https:\/\/ledenonciateur224.com\/index.php\/wp-json\/wp\/v2\/tags?post=7072"}],"curies":[{"name":"wp","href":"https:\/\/api.w.org\/{rel}","templated":true}]}}