{"id":7081,"date":"2026-01-13T13:17:39","date_gmt":"2026-01-13T13:17:39","guid":{"rendered":"https:\/\/ledenonciateur224.com\/?p=7081"},"modified":"2026-01-13T13:17:39","modified_gmt":"2026-01-13T13:17:39","slug":"massacre-du-28-septembre-2009-la-requalification-en-crimes-contre-lhumanite-au-coeur-du-proces-du-colonel-bienvenu-lamah","status":"publish","type":"post","link":"https:\/\/ledenonciateur224.com\/index.php\/massacre-du-28-septembre-2009-la-requalification-en-crimes-contre-lhumanite-au-coeur-du-proces-du-colonel-bienvenu-lamah\/","title":{"rendered":"Massacre du 28 septembre 2009 : la requalification en crimes contre l\u2019humanit\u00e9 au c\u0153ur du proc\u00e8s du colonel Bienvenu Lamah"},"content":{"rendered":"<p>Le tribunal criminel de Dixinn a rendu, ce jour, sa d\u00e9cision relative \u00e0 la demande de requalification des infractions reproch\u00e9es au colonel Bienvenu Lamah, poursuivi dans le cadre du dossier du massacre du 28 septembre 2009, l\u2019un des \u00e9pisodes les plus sombres de l\u2019histoire r\u00e9cente de la Guin\u00e9e.<br \/>\nInitialement inculp\u00e9 pour complicit\u00e9 d\u2019assassinat, de meurtre, de viol, de torture et autres faits graves, le colonel Lamah fait d\u00e9sormais face \u00e0 une demande du minist\u00e8re public visant \u00e0 requalifier ces chefs d\u2019accusation en crimes contre l\u2019humanit\u00e9. Lors de l\u2019audience tenue la veille, le parquet a justifi\u00e9 cette requ\u00eate par la gravit\u00e9 et le caract\u00e8re syst\u00e9matique des exactions, commises, selon l\u2019accusation, contre une population civile d\u00e9sarm\u00e9e.<br \/>\nDans son d\u00e9lib\u00e9r\u00e9 rendu publiquement et contradictoirement, le pr\u00e9sident du tribunal, le juge Aboubacar Thiam, a insist\u00e9 sur la n\u00e9cessit\u00e9 de pr\u00e9server les principes fondamentaux de la proc\u00e9dure p\u00e9nale, notamment la pr\u00e9somption d\u2019innocence et le droit \u00e0 une d\u00e9fense effective. Il a estim\u00e9 que la d\u00e9marche du tribunal doit permettre aux diff\u00e9rentes parties de d\u00e9battre pleinement, aussi bien des qualifications initiales que de celles sollicit\u00e9es par le minist\u00e8re public.<\/p>\n<p>\u00ab La question de la requalification sera d\u00e9finitivement tranch\u00e9e lors de la d\u00e9cision sur le fond, par un seul et m\u00eame jugement \u00bb, a pr\u00e9cis\u00e9 le magistrat, s\u2019appuyant notamment sur les articles 405, 441 et 548 du Code de proc\u00e9dure p\u00e9nale.<br \/>\nEn cons\u00e9quence, le tribunal a d\u00e9cid\u00e9 de r\u00e9server sa position sur la requalification, ainsi que sur les frais et d\u00e9pens, jusqu\u2019au jugement final.<\/p>\n<p>L\u2019audience se poursuit d\u00e9sormais avec la comparution de trois autres pr\u00e9venus dans cette affaire embl\u00e9matique : Georges Olemou, Thomas Touaro et Jean-Louis Kpoghomou, appel\u00e9s \u00e0 r\u00e9pondre \u00e0 leur tour devant la juridiction criminelle de Dixinn.<\/p>\n<p>&nbsp;<\/p>\n<p>AMC 622 42 41 87<\/p>\n","protected":false},"excerpt":{"rendered":"<p>Le tribunal criminel de Dixinn a rendu, ce jour, sa d\u00e9cision relative \u00e0 la demande de requalification des infractions reproch\u00e9es au colonel Bienvenu Lamah, poursuivi dans le cadre du dossier du massacre du 28 septembre 2009, l\u2019un des \u00e9pisodes les plus sombres de l\u2019histoire r\u00e9cente de la Guin\u00e9e. Initialement inculp\u00e9 pour complicit\u00e9 d\u2019assassinat, de meurtre, [&hellip;]<\/p>\n","protected":false},"author":2,"featured_media":7082,"comment_status":"closed","ping_status":"closed","sticky":false,"template":"","format":"standard","meta":{"_jetpack_memberships_contains_paid_content":false,"footnotes":"","jetpack_publicize_message":"","jetpack_publicize_feature_enabled":true,"jetpack_social_post_already_shared":true,"jetpack_social_options":{"image_generator_settings":{"template":"highway","default_image_id":0,"font":"","enabled":false},"version":2}},"categories":[30,24],"tags":[1399,561],"class_list":{"0":"post-7081","1":"post","2":"type-post","3":"status-publish","4":"format-standard","5":"has-post-thumbnail","7":"category-faits-divers","8":"category-news","9":"tag-bienvenu-lamah","10":"tag-proces-du-massacre"},"jetpack_publicize_connections":[],"jetpack_featured_media_url":"https:\/\/ledenonciateur224.com\/wp-content\/uploads\/2026\/01\/bienvenu-lamah.jpg","jetpack_sharing_enabled":true,"_links":{"self":[{"href":"https:\/\/ledenonciateur224.com\/index.php\/wp-json\/wp\/v2\/posts\/7081","targetHints":{"allow":["GET"]}}],"collection":[{"href":"https:\/\/ledenonciateur224.com\/index.php\/wp-json\/wp\/v2\/posts"}],"about":[{"href":"https:\/\/ledenonciateur224.com\/index.php\/wp-json\/wp\/v2\/types\/post"}],"author":[{"embeddable":true,"href":"https:\/\/ledenonciateur224.com\/index.php\/wp-json\/wp\/v2\/users\/2"}],"replies":[{"embeddable":true,"href":"https:\/\/ledenonciateur224.com\/index.php\/wp-json\/wp\/v2\/comments?post=7081"}],"version-history":[{"count":1,"href":"https:\/\/ledenonciateur224.com\/index.php\/wp-json\/wp\/v2\/posts\/7081\/revisions"}],"predecessor-version":[{"id":7083,"href":"https:\/\/ledenonciateur224.com\/index.php\/wp-json\/wp\/v2\/posts\/7081\/revisions\/7083"}],"wp:featuredmedia":[{"embeddable":true,"href":"https:\/\/ledenonciateur224.com\/index.php\/wp-json\/wp\/v2\/media\/7082"}],"wp:attachment":[{"href":"https:\/\/ledenonciateur224.com\/index.php\/wp-json\/wp\/v2\/media?parent=7081"}],"wp:term":[{"taxonomy":"category","embeddable":true,"href":"https:\/\/ledenonciateur224.com\/index.php\/wp-json\/wp\/v2\/categories?post=7081"},{"taxonomy":"post_tag","embeddable":true,"href":"https:\/\/ledenonciateur224.com\/index.php\/wp-json\/wp\/v2\/tags?post=7081"}],"curies":[{"name":"wp","href":"https:\/\/api.w.org\/{rel}","templated":true}]}}