{"id":7104,"date":"2026-01-14T20:54:49","date_gmt":"2026-01-14T20:54:49","guid":{"rendered":"https:\/\/ledenonciateur224.com\/?p=7104"},"modified":"2026-01-14T20:54:49","modified_gmt":"2026-01-14T20:54:49","slug":"justice-paralysee-en-perspective-les-greffiers-de-guinee-deposent-un-preavis-de-greve-nationale","status":"publish","type":"post","link":"https:\/\/ledenonciateur224.com\/index.php\/justice-paralysee-en-perspective-les-greffiers-de-guinee-deposent-un-preavis-de-greve-nationale\/","title":{"rendered":"Justice paralys\u00e9e en perspective : les greffiers de Guin\u00e9e d\u00e9posent un pr\u00e9avis de gr\u00e8ve nationale"},"content":{"rendered":"<p>L\u2019Association des Greffiers de Guin\u00e9e (AGG) a officiellement d\u00e9pos\u00e9, depuis le 13 janvier, un pr\u00e9avis de gr\u00e8ve \u00e0 l\u2019attention du Garde des Sceaux, ministre de la Justice et des Droits de l\u2019Homme. Cette d\u00e9marche marque une nouvelle \u00e9tape dans le bras de fer qui oppose la corporation aux autorit\u00e9s judiciaires, apr\u00e8s de nombreuses tentatives de dialogue rest\u00e9es, selon les greffiers, sans suite concr\u00e8te.<\/p>\n<p>Au c\u0153ur des revendications figure la signature du nouveau statut particulier des greffiers et secr\u00e9taires de greffe, un texte jug\u00e9 essentiel pour la reconnaissance de leur r\u00f4le au sein de l\u2019appareil judiciaire. Les membres de l\u2019AGG estiment que l\u2019absence de ce statut maintient la profession dans une pr\u00e9carit\u00e9 administrative et sociale persistante.<\/p>\n<p>Au-del\u00e0 de cette exigence centrale, la plateforme revendicative comprend plusieurs autres points majeurs. Les greffiers r\u00e9clament notamment la dotation en robes professionnelles, un meilleur acc\u00e8s \u00e0 la formation continue, le paiement des arri\u00e9r\u00e9s de salaires concernant pr\u00e8s d\u2019une centaine d\u2019agents, ainsi que le renforcement des moyens logistiques indispensables au bon fonctionnement des juridictions.<br \/>\nMalgr\u00e9 la fermet\u00e9 de leur position, les greffiers r\u00e9affirment leur attachement au dialogue social et au respect de l\u2019ordre public. Ils se disent toutefois d\u00e9termin\u00e9s \u00e0 passer \u00e0 l\u2019action si aucune r\u00e9ponse satisfaisante n\u2019est apport\u00e9e par les autorit\u00e9s comp\u00e9tentes.<\/p>\n<p>Ainsi, faute d\u2019engagements clairs et concrets, l\u2019AGG pr\u00e9vient qu\u2019une gr\u00e8ve g\u00e9n\u00e9rale sera d\u00e9clench\u00e9e \u00e0 compter du 26 janvier 2026, sur toute l\u2019\u00e9tendue du territoire national. Le mouvement se fera avec l\u2019application des services minimums, conform\u00e9ment aux dispositions l\u00e9gales en vigueur, mais pourrait fortement perturber le fonctionnement des juridictions guin\u00e9ennes.<\/p>\n<p>&nbsp;<\/p>\n<p>R\u00e9daction<\/p>\n","protected":false},"excerpt":{"rendered":"<p>L\u2019Association des Greffiers de Guin\u00e9e (AGG) a officiellement d\u00e9pos\u00e9, depuis le 13 janvier, un pr\u00e9avis de gr\u00e8ve \u00e0 l\u2019attention du Garde des Sceaux, ministre de la Justice et des Droits de l\u2019Homme. Cette d\u00e9marche marque une nouvelle \u00e9tape dans le bras de fer qui oppose la corporation aux autorit\u00e9s judiciaires, apr\u00e8s de nombreuses tentatives de [&hellip;]<\/p>\n","protected":false},"author":2,"featured_media":7105,"comment_status":"closed","ping_status":"closed","sticky":false,"template":"","format":"standard","meta":{"_jetpack_memberships_contains_paid_content":false,"footnotes":"","jetpack_publicize_message":"","jetpack_publicize_feature_enabled":true,"jetpack_social_post_already_shared":true,"jetpack_social_options":{"image_generator_settings":{"template":"highway","default_image_id":0,"font":"","enabled":false},"version":2}},"categories":[30,24],"tags":[1462,620],"class_list":{"0":"post-7104","1":"post","2":"type-post","3":"status-publish","4":"format-standard","5":"has-post-thumbnail","7":"category-faits-divers","8":"category-news","9":"tag-greffiers","10":"tag-justice"},"jetpack_publicize_connections":[],"jetpack_featured_media_url":"https:\/\/ledenonciateur224.com\/wp-content\/uploads\/2026\/01\/cour-dappel-de-conakry.jpg","jetpack_sharing_enabled":true,"_links":{"self":[{"href":"https:\/\/ledenonciateur224.com\/index.php\/wp-json\/wp\/v2\/posts\/7104","targetHints":{"allow":["GET"]}}],"collection":[{"href":"https:\/\/ledenonciateur224.com\/index.php\/wp-json\/wp\/v2\/posts"}],"about":[{"href":"https:\/\/ledenonciateur224.com\/index.php\/wp-json\/wp\/v2\/types\/post"}],"author":[{"embeddable":true,"href":"https:\/\/ledenonciateur224.com\/index.php\/wp-json\/wp\/v2\/users\/2"}],"replies":[{"embeddable":true,"href":"https:\/\/ledenonciateur224.com\/index.php\/wp-json\/wp\/v2\/comments?post=7104"}],"version-history":[{"count":1,"href":"https:\/\/ledenonciateur224.com\/index.php\/wp-json\/wp\/v2\/posts\/7104\/revisions"}],"predecessor-version":[{"id":7106,"href":"https:\/\/ledenonciateur224.com\/index.php\/wp-json\/wp\/v2\/posts\/7104\/revisions\/7106"}],"wp:featuredmedia":[{"embeddable":true,"href":"https:\/\/ledenonciateur224.com\/index.php\/wp-json\/wp\/v2\/media\/7105"}],"wp:attachment":[{"href":"https:\/\/ledenonciateur224.com\/index.php\/wp-json\/wp\/v2\/media?parent=7104"}],"wp:term":[{"taxonomy":"category","embeddable":true,"href":"https:\/\/ledenonciateur224.com\/index.php\/wp-json\/wp\/v2\/categories?post=7104"},{"taxonomy":"post_tag","embeddable":true,"href":"https:\/\/ledenonciateur224.com\/index.php\/wp-json\/wp\/v2\/tags?post=7104"}],"curies":[{"name":"wp","href":"https:\/\/api.w.org\/{rel}","templated":true}]}}