{"id":712,"date":"2024-12-30T12:05:44","date_gmt":"2024-12-30T12:05:44","guid":{"rendered":"https:\/\/ledenonciateur224.com\/?p=712"},"modified":"2024-12-30T12:05:44","modified_gmt":"2024-12-30T12:05:44","slug":"conakry-des-enseignants-chercheurs-denoncent-linjustice-et-lexploitation-devant-le-ministere-de-lenseignement-superieur","status":"publish","type":"post","link":"https:\/\/ledenonciateur224.com\/index.php\/conakry-des-enseignants-chercheurs-denoncent-linjustice-et-lexploitation-devant-le-ministere-de-lenseignement-superieur\/","title":{"rendered":"Conakry : Des enseignants-chercheurs d\u00e9noncent l\u2019injustice et l\u2019exploitation devant le minist\u00e8re de l\u2019Enseignement sup\u00e9rieur"},"content":{"rendered":"<p><span style=\"color: #333333;font-family: helvetica neue, helvetica, roboto, arial, sans-serif\">Le 30 d\u00e9cembre 2024, un groupe d&rsquo;enseignants-chercheurs a manifest\u00e9 devant le minist\u00e8re de l\u2019Enseignement sup\u00e9rieur \u00e0 Conakry pour exprimer leur m\u00e9contentement face \u00e0 des pratiques qu&rsquo;ils jugent injustes et discriminatoires. Brandissant des banderoles affichant des revendications telles que \u00ab \u00c0 bas l\u2019injustice \u00bb, \u00ab \u00c0 bas l\u2019exploitation intellectuelle \u00bb et \u00ab R\u00e9tablissez les enseignants-chercheurs retir\u00e9s de la liste dans leur droit \u00bb, les manifestants ont d\u00e9nonc\u00e9 leur exclusion des r\u00e9centes d\u00e9marches administratives visant \u00e0 les int\u00e9grer dans la fonction publique. Nombre d&rsquo;entre eux, homologu\u00e9s depuis plus de 10 ans, se disent victimes de n\u00e9gligence et de lenteur dans le processus de reconnaissance de leurs droits.<\/span><\/p>\n<p>&nbsp;<\/p>\n<p><span style=\"color: #333333;font-family: helvetica neue, helvetica, roboto, arial, sans-serif\">Les protestataires ont \u00e9galement mis en lumi\u00e8re des accusations de corruption dans les recrutements au sein des universit\u00e9s de Gamal Abdel Nasser et de Sonfonia, qu&rsquo;ils consid\u00e8rent comme un probl\u00e8me structurel, entravant l\u2019\u00e9quit\u00e9 et la transparence. Dans leurs interventions, ils ont appel\u00e9 \u00e0 une r\u00e9vision urgente des proc\u00e9dures administratives et \u00e0 une r\u00e9forme du syst\u00e8me \u00e9ducatif, insistant sur la n\u00e9cessit\u00e9 de r\u00e9int\u00e9grer ces enseignants dans le corps de la fonction publique pour reconna\u00eetre pleinement leurs ann\u00e9es de service.<\/span><\/p>\n<p>&nbsp;<\/p>\n<p><span style=\"color: #333333;font-family: helvetica neue, helvetica, roboto, arial, sans-serif\">Cette manifestation refl\u00e8te une insatisfaction croissante face \u00e0 l\u2019inefficacit\u00e9 et \u00e0 la partialit\u00e9 du processus d&rsquo;int\u00e9gration, et un appel fort pour un changement dans la gestion des enseignants-chercheurs en Guin\u00e9e.<\/span><\/p>\n<p>&nbsp;<\/p>\n<p>&nbsp;<\/p>\n<p><span style=\"color: #333333;font-family: helvetica neue, helvetica, roboto, arial, sans-serif\">N&rsquo;sira Sylla\u00a0<\/span><\/p>\n","protected":false},"excerpt":{"rendered":"<p>Le 30 d\u00e9cembre 2024, un groupe d&rsquo;enseignants-chercheurs a manifest\u00e9 devant le minist\u00e8re de l\u2019Enseignement sup\u00e9rieur \u00e0 Conakry pour exprimer leur m\u00e9contentement face \u00e0 des pratiques qu&rsquo;ils jugent injustes et discriminatoires. Brandissant des banderoles affichant des revendications telles que \u00ab \u00c0 bas l\u2019injustice \u00bb, \u00ab \u00c0 bas l\u2019exploitation intellectuelle \u00bb et \u00ab R\u00e9tablissez les enseignants-chercheurs retir\u00e9s [&hellip;]<\/p>\n","protected":false},"author":2,"featured_media":713,"comment_status":"open","ping_status":"open","sticky":false,"template":"","format":"standard","meta":{"_jetpack_memberships_contains_paid_content":false,"footnotes":"","jetpack_publicize_message":"","jetpack_publicize_feature_enabled":true,"jetpack_social_post_already_shared":false,"jetpack_social_options":{"image_generator_settings":{"template":"highway","default_image_id":0,"font":"","enabled":false},"version":2}},"categories":[30,24],"tags":[36,158,157,35],"class_list":{"0":"post-712","1":"post","2":"type-post","3":"status-publish","4":"format-standard","5":"has-post-thumbnail","7":"category-faits-divers","8":"category-news","9":"tag-conakry","10":"tag-enseignants-chercheurs","11":"tag-enseignement-superieur","12":"tag-guinee"},"jetpack_publicize_connections":[],"jetpack_featured_media_url":"https:\/\/ledenonciateur224.com\/wp-content\/uploads\/2024\/12\/bah-ourydfvzkjf-1024x724-1.jpg","jetpack_sharing_enabled":true,"_links":{"self":[{"href":"https:\/\/ledenonciateur224.com\/index.php\/wp-json\/wp\/v2\/posts\/712","targetHints":{"allow":["GET"]}}],"collection":[{"href":"https:\/\/ledenonciateur224.com\/index.php\/wp-json\/wp\/v2\/posts"}],"about":[{"href":"https:\/\/ledenonciateur224.com\/index.php\/wp-json\/wp\/v2\/types\/post"}],"author":[{"embeddable":true,"href":"https:\/\/ledenonciateur224.com\/index.php\/wp-json\/wp\/v2\/users\/2"}],"replies":[{"embeddable":true,"href":"https:\/\/ledenonciateur224.com\/index.php\/wp-json\/wp\/v2\/comments?post=712"}],"version-history":[{"count":0,"href":"https:\/\/ledenonciateur224.com\/index.php\/wp-json\/wp\/v2\/posts\/712\/revisions"}],"wp:featuredmedia":[{"embeddable":true,"href":"https:\/\/ledenonciateur224.com\/index.php\/wp-json\/wp\/v2\/media\/713"}],"wp:attachment":[{"href":"https:\/\/ledenonciateur224.com\/index.php\/wp-json\/wp\/v2\/media?parent=712"}],"wp:term":[{"taxonomy":"category","embeddable":true,"href":"https:\/\/ledenonciateur224.com\/index.php\/wp-json\/wp\/v2\/categories?post=712"},{"taxonomy":"post_tag","embeddable":true,"href":"https:\/\/ledenonciateur224.com\/index.php\/wp-json\/wp\/v2\/tags?post=712"}],"curies":[{"name":"wp","href":"https:\/\/api.w.org\/{rel}","templated":true}]}}