{"id":7128,"date":"2026-01-16T18:34:29","date_gmt":"2026-01-16T18:34:29","guid":{"rendered":"https:\/\/ledenonciateur224.com\/?p=7128"},"modified":"2026-01-16T21:02:50","modified_gmt":"2026-01-16T21:02:50","slug":"investiture-de-mamadi-doumbouya-paul-kagame-deja-a-conakry-la-capitale-au-rythme-des-grandes-arrivees","status":"publish","type":"post","link":"https:\/\/ledenonciateur224.com\/index.php\/investiture-de-mamadi-doumbouya-paul-kagame-deja-a-conakry-la-capitale-au-rythme-des-grandes-arrivees\/","title":{"rendered":"Investiture de Mamadi Doumbouya : Paul Kagame d\u00e9j\u00e0 \u00e0 Conakry, la capitale au rythme des grandes arriv\u00e9es"},"content":{"rendered":"<p>Le pr\u00e9sident rwandais Paul Kagame est arriv\u00e9 ce vendredi 16 janvier 2026 \u00e0 Conakry, marquant le coup d\u2019envoi des arriv\u00e9es de haut niveau \u00e0 la veille de l\u2019investiture du pr\u00e9sident guin\u00e9en Mamadi Doumbouya. Le chef de l\u2019\u00c9tat rwandais a \u00e9t\u00e9 accueilli dans l\u2019apr\u00e8s-midi \u00e0 l\u2019a\u00e9roport international Ahmed S\u00e9kou Tour\u00e9 par le Premier ministre guin\u00e9en Amadou Oury Bah, en pr\u00e9sence de responsables civils et militaires.<br \/>\nPaul Kagame s\u00e9journe en Guin\u00e9e pour prendre part \u00e0 la c\u00e9r\u00e9monie officielle d\u2019investiture de son homologue guin\u00e9en, pr\u00e9vue ce samedi 17 janvier au stade G\u00e9n\u00e9ral Lansana Cont\u00e9 de Nongo, un \u00e9v\u00e9nement majeur qui marque une nouvelle \u00e9tape dans la transition politique du pays.<br \/>\nDans un communiqu\u00e9, la pr\u00e9sidence rwandaise a confirm\u00e9 l\u2019arriv\u00e9e du dirigeant :<br \/>\n\u00ab Ce soir, le pr\u00e9sident Kagame est arriv\u00e9 \u00e0 Conakry en Guin\u00e9e pour la prestation de serment du pr\u00e9sident \u00e9lu Mamadi Doumbouya comme pr\u00e9sident de la R\u00e9publique de Guin\u00e9e. \u00bb<\/p>\n<p><img loading=\"lazy\" decoding=\"async\" class=\"alignnone size-full wp-image-7130\" src=\"https:\/\/ledenonciateur224.com\/wp-content\/uploads\/2026\/01\/615968848-1463824271773137-3155398502897024455-n-1379x1536-1.jpg\" alt=\"\" width=\"1379\" height=\"1536\" srcset=\"https:\/\/ledenonciateur224.com\/wp-content\/uploads\/2026\/01\/615968848-1463824271773137-3155398502897024455-n-1379x1536-1.jpg 1379w, https:\/\/ledenonciateur224.com\/wp-content\/uploads\/2026\/01\/615968848-1463824271773137-3155398502897024455-n-1379x1536-1-269x300.jpg 269w, https:\/\/ledenonciateur224.com\/wp-content\/uploads\/2026\/01\/615968848-1463824271773137-3155398502897024455-n-1379x1536-1-919x1024.jpg 919w, https:\/\/ledenonciateur224.com\/wp-content\/uploads\/2026\/01\/615968848-1463824271773137-3155398502897024455-n-1379x1536-1-768x855.jpg 768w, https:\/\/ledenonciateur224.com\/wp-content\/uploads\/2026\/01\/615968848-1463824271773137-3155398502897024455-n-1379x1536-1-150x167.jpg 150w, https:\/\/ledenonciateur224.com\/wp-content\/uploads\/2026\/01\/615968848-1463824271773137-3155398502897024455-n-1379x1536-1-300x334.jpg 300w, https:\/\/ledenonciateur224.com\/wp-content\/uploads\/2026\/01\/615968848-1463824271773137-3155398502897024455-n-1379x1536-1-696x775.jpg 696w, https:\/\/ledenonciateur224.com\/wp-content\/uploads\/2026\/01\/615968848-1463824271773137-3155398502897024455-n-1379x1536-1-1068x1190.jpg 1068w, https:\/\/ledenonciateur224.com\/wp-content\/uploads\/2026\/01\/615968848-1463824271773137-3155398502897024455-n-1379x1536-1-377x420.jpg 377w\" sizes=\"auto, (max-width: 1379px) 100vw, 1379px\" \/><br \/>\nSelon les autorit\u00e9s guin\u00e9ennes, plusieurs autres chefs d\u2019\u00c9tat africains, ainsi que des d\u00e9l\u00e9gations de haut niveau, sont \u00e9galement attendus \u00e0 Conakry, t\u00e9moignant de l\u2019importance diplomatique et politique accord\u00e9e \u00e0 cette investiture, tant au niveau r\u00e9gional que continental.<\/p>\n<p>&nbsp;<\/p>\n<p>Ledenonciateur224.com<\/p>\n","protected":false},"excerpt":{"rendered":"<p>Le pr\u00e9sident rwandais Paul Kagame est arriv\u00e9 ce vendredi 16 janvier 2026 \u00e0 Conakry, marquant le coup d\u2019envoi des arriv\u00e9es de haut niveau \u00e0 la veille de l\u2019investiture du pr\u00e9sident guin\u00e9en Mamadi Doumbouya. Le chef de l\u2019\u00c9tat rwandais a \u00e9t\u00e9 accueilli dans l\u2019apr\u00e8s-midi \u00e0 l\u2019a\u00e9roport international Ahmed S\u00e9kou Tour\u00e9 par le Premier ministre guin\u00e9en Amadou [&hellip;]<\/p>\n","protected":false},"author":2,"featured_media":7129,"comment_status":"closed","ping_status":"closed","sticky":false,"template":"","format":"standard","meta":{"_jetpack_memberships_contains_paid_content":false,"footnotes":"","jetpack_publicize_message":"","jetpack_publicize_feature_enabled":true,"jetpack_social_post_already_shared":true,"jetpack_social_options":{"image_generator_settings":{"template":"highway","default_image_id":0,"font":"","enabled":false},"version":2}},"categories":[38,24,27],"tags":[1345,522],"class_list":{"0":"post-7128","1":"post","2":"type-post","3":"status-publish","4":"format-standard","5":"has-post-thumbnail","7":"category-international","8":"category-news","9":"category-politique","10":"tag-investiture","11":"tag-mamadi-doumbouya"},"jetpack_publicize_connections":[],"jetpack_featured_media_url":"https:\/\/ledenonciateur224.com\/wp-content\/uploads\/2026\/01\/615343897-1463824305106467-2704433700825625604-n.jpg","jetpack_sharing_enabled":true,"_links":{"self":[{"href":"https:\/\/ledenonciateur224.com\/index.php\/wp-json\/wp\/v2\/posts\/7128","targetHints":{"allow":["GET"]}}],"collection":[{"href":"https:\/\/ledenonciateur224.com\/index.php\/wp-json\/wp\/v2\/posts"}],"about":[{"href":"https:\/\/ledenonciateur224.com\/index.php\/wp-json\/wp\/v2\/types\/post"}],"author":[{"embeddable":true,"href":"https:\/\/ledenonciateur224.com\/index.php\/wp-json\/wp\/v2\/users\/2"}],"replies":[{"embeddable":true,"href":"https:\/\/ledenonciateur224.com\/index.php\/wp-json\/wp\/v2\/comments?post=7128"}],"version-history":[{"count":1,"href":"https:\/\/ledenonciateur224.com\/index.php\/wp-json\/wp\/v2\/posts\/7128\/revisions"}],"predecessor-version":[{"id":7131,"href":"https:\/\/ledenonciateur224.com\/index.php\/wp-json\/wp\/v2\/posts\/7128\/revisions\/7131"}],"wp:featuredmedia":[{"embeddable":true,"href":"https:\/\/ledenonciateur224.com\/index.php\/wp-json\/wp\/v2\/media\/7129"}],"wp:attachment":[{"href":"https:\/\/ledenonciateur224.com\/index.php\/wp-json\/wp\/v2\/media?parent=7128"}],"wp:term":[{"taxonomy":"category","embeddable":true,"href":"https:\/\/ledenonciateur224.com\/index.php\/wp-json\/wp\/v2\/categories?post=7128"},{"taxonomy":"post_tag","embeddable":true,"href":"https:\/\/ledenonciateur224.com\/index.php\/wp-json\/wp\/v2\/tags?post=7128"}],"curies":[{"name":"wp","href":"https:\/\/api.w.org\/{rel}","templated":true}]}}