{"id":7132,"date":"2026-01-16T20:00:08","date_gmt":"2026-01-16T20:00:08","guid":{"rendered":"https:\/\/ledenonciateur224.com\/?p=7132"},"modified":"2026-01-16T20:00:08","modified_gmt":"2026-01-16T20:00:08","slug":"energie-le-personnel-renouvelle-son-engagement-aux-cotes-du-ministre-namory-camara-pour-une-annee-de-performance-et-de-reformes","status":"publish","type":"post","link":"https:\/\/ledenonciateur224.com\/index.php\/energie-le-personnel-renouvelle-son-engagement-aux-cotes-du-ministre-namory-camara-pour-une-annee-de-performance-et-de-reformes\/","title":{"rendered":"\u00c9nergie : le personnel renouvelle son engagement aux c\u00f4t\u00e9s du ministre Namory Camara pour une ann\u00e9e de performance et de r\u00e9formes"},"content":{"rendered":"<p>Le personnel du minist\u00e8re de l\u2019\u00c9nergie a organis\u00e9, dans l\u2019apr\u00e8s-midi du vendredi 16 janvier, une c\u00e9r\u00e9monie de pr\u00e9sentation de v\u0153ux de Nouvel An au ministre Namory Camara. Cette rencontre traditionnelle a r\u00e9uni l\u2019ensemble des travailleuses et travailleurs du d\u00e9partement, dans une atmosph\u00e8re empreinte de convivialit\u00e9, de respect institutionnel et de solidarit\u00e9 professionnelle, afin d\u2019entamer la nouvelle ann\u00e9e sous le signe de la s\u00e9r\u00e9nit\u00e9 et de l\u2019engagement collectif.<\/p>\n<p><img loading=\"lazy\" decoding=\"async\" class=\"alignnone size-full wp-image-7135\" src=\"https:\/\/ledenonciateur224.com\/wp-content\/uploads\/2026\/01\/20260116-152533-scaled.jpg\" alt=\"\" width=\"2560\" height=\"1263\" srcset=\"https:\/\/ledenonciateur224.com\/wp-content\/uploads\/2026\/01\/20260116-152533-scaled.jpg 2560w, https:\/\/ledenonciateur224.com\/wp-content\/uploads\/2026\/01\/20260116-152533-300x148.jpg 300w, https:\/\/ledenonciateur224.com\/wp-content\/uploads\/2026\/01\/20260116-152533-1024x505.jpg 1024w, https:\/\/ledenonciateur224.com\/wp-content\/uploads\/2026\/01\/20260116-152533-768x379.jpg 768w, https:\/\/ledenonciateur224.com\/wp-content\/uploads\/2026\/01\/20260116-152533-1536x758.jpg 1536w, https:\/\/ledenonciateur224.com\/wp-content\/uploads\/2026\/01\/20260116-152533-2048x1010.jpg 2048w, https:\/\/ledenonciateur224.com\/wp-content\/uploads\/2026\/01\/20260116-152533-150x74.jpg 150w, https:\/\/ledenonciateur224.com\/wp-content\/uploads\/2026\/01\/20260116-152533-696x343.jpg 696w, https:\/\/ledenonciateur224.com\/wp-content\/uploads\/2026\/01\/20260116-152533-1068x527.jpg 1068w, https:\/\/ledenonciateur224.com\/wp-content\/uploads\/2026\/01\/20260116-152533-1920x947.jpg 1920w, https:\/\/ledenonciateur224.com\/wp-content\/uploads\/2026\/01\/20260116-152533-851x420.jpg 851w, https:\/\/ledenonciateur224.com\/wp-content\/uploads\/2026\/01\/20260116-152533-324x160.jpg 324w\" sizes=\"auto, (max-width: 2560px) 100vw, 2560px\" \/><br \/>\nAu cours de cette c\u00e9r\u00e9monie, le ministre de l\u2019\u00c9nergie a pris la parole pour saluer les messages qui lui ont \u00e9t\u00e9 adress\u00e9s par la section syndicale et l\u2019ensemble du personnel. Dans son intervention, il a exprim\u00e9 sa profonde reconnaissance et son attachement aux valeurs du service public, tout en soulignant la port\u00e9e institutionnelle de ces v\u0153ux.<br \/>\n\u00ab J&rsquo;ai accueilli avec une attention soutenue et une profonde consid\u00e9ration les v\u0153ux qui viennent de m&rsquo;\u00eatre adress\u00e9s au nom de la Section syndicale et de l&rsquo;ensemble des travailleuses et travailleurs du Minist\u00e8re de l&rsquo;\u00c9nergie. Ces paroles, empreintes de loyaut\u00e9 institutionnelle, de maturit\u00e9 sociale et d&rsquo;attachement sinc\u00e8re au service public, me vont droit au c\u0153ur.<br \/>\nElles traduisent surtout une conscience \u00e9lev\u00e9e des responsabilit\u00e9s collectives qui sont les n\u00f4tres et une volont\u00e9 partag\u00e9e de voir notre D\u00e9partement s&rsquo;inscrire durablement dans une dynamique de performance, de coh\u00e9sion et de r\u00e9sultats.<br \/>\nSous l&rsquo;autorit\u00e9 de son Excellence le Pr\u00e9sident de la R\u00e9publique, Chef de l&rsquo;\u00c9tat, Monsieur Mamadi DOUMBOUYA et sous la conduite \u00e9clair\u00e9e du Premier Ministre, Chef du Gouvernement, Monsieur Amadou Oury<br \/>\nLes r\u00e9sultats d\u00e9j\u00e0 perceptibles, bien que perfectibles, sont le fruit de l&rsquo;engagement collectif des femmes et des hommes de ce D\u00e9partement. Je tiens \u00e0 le souligner avec force le Gouvernement reconna\u00eet, appr\u00e9cie et encourage les efforts consentis par les travailleuses et travailleurs du Minist\u00e8re de l&rsquo;\u00c9nergie, dont la contribution est d\u00e9terminante pour la r\u00e9ussite des ambitions nationales. \u00bb<br \/>\nPoursuivant son allocution, le ministre Namory Camara a tenu \u00e0 rassurer les agents sur la conduite des r\u00e9formes engag\u00e9es, mettant l\u2019accent sur la place centrale accord\u00e9e au capital humain et au dialogue social dans l\u2019action gouvernementale.<\/p>\n<p><img loading=\"lazy\" decoding=\"async\" class=\"alignnone size-full wp-image-7136\" src=\"https:\/\/ledenonciateur224.com\/wp-content\/uploads\/2026\/01\/20260116-151539-scaled.jpg\" alt=\"\" width=\"2560\" height=\"2195\" srcset=\"https:\/\/ledenonciateur224.com\/wp-content\/uploads\/2026\/01\/20260116-151539-scaled.jpg 2560w, https:\/\/ledenonciateur224.com\/wp-content\/uploads\/2026\/01\/20260116-151539-300x257.jpg 300w, https:\/\/ledenonciateur224.com\/wp-content\/uploads\/2026\/01\/20260116-151539-1024x878.jpg 1024w, https:\/\/ledenonciateur224.com\/wp-content\/uploads\/2026\/01\/20260116-151539-768x658.jpg 768w, https:\/\/ledenonciateur224.com\/wp-content\/uploads\/2026\/01\/20260116-151539-1536x1317.jpg 1536w, https:\/\/ledenonciateur224.com\/wp-content\/uploads\/2026\/01\/20260116-151539-2048x1756.jpg 2048w, https:\/\/ledenonciateur224.com\/wp-content\/uploads\/2026\/01\/20260116-151539-150x129.jpg 150w, https:\/\/ledenonciateur224.com\/wp-content\/uploads\/2026\/01\/20260116-151539-696x597.jpg 696w, https:\/\/ledenonciateur224.com\/wp-content\/uploads\/2026\/01\/20260116-151539-1068x916.jpg 1068w, https:\/\/ledenonciateur224.com\/wp-content\/uploads\/2026\/01\/20260116-151539-1920x1646.jpg 1920w, https:\/\/ledenonciateur224.com\/wp-content\/uploads\/2026\/01\/20260116-151539-490x420.jpg 490w\" sizes=\"auto, (max-width: 2560px) 100vw, 2560px\" \/><br \/>\n\u00ab Je souhaite ici vous rassurer, avec clart\u00e9 et sans \u00e9quivoque.<br \/>\nLa poursuite des r\u00e9formes et l&rsquo;intensification des chantiers prioritaires se feront dans le respect du capital humain et dans la fid\u00e9lit\u00e9 aux principes du dialogue social. Les travailleuses et travailleurs constituent le socle de cr\u00e9dibilit\u00e9, de stabilit\u00e9 et de durabilit\u00e9 de l&rsquo;action publique.<br \/>\n\u00c0 ce titre, le renforcement des capacit\u00e9s, l&rsquo;am\u00e9lioration progressive des conditions de travail, la modernisation des outils administratifs, la reconnaissance du m\u00e9rite et la promotion d&rsquo;une \u00e9thique professionnelle exigeante demeurent des engagements constants de mon action minist\u00e9rielle. \u00bb<\/p>\n<p>Le ministre a \u00e9galement rendu un hommage appuy\u00e9 aux anciens et aux retrait\u00e9s du d\u00e9partement, saluant leur contribution historique au d\u00e9veloppement du secteur \u00e9nerg\u00e9tique et \u00e0 la consolidation de l\u2019administration publique.<\/p>\n<p><img loading=\"lazy\" decoding=\"async\" class=\"alignnone size-full wp-image-7134\" src=\"https:\/\/ledenonciateur224.com\/wp-content\/uploads\/2026\/01\/20260116-152721-scaled.jpg\" alt=\"\" width=\"2560\" height=\"1441\" srcset=\"https:\/\/ledenonciateur224.com\/wp-content\/uploads\/2026\/01\/20260116-152721-scaled.jpg 2560w, https:\/\/ledenonciateur224.com\/wp-content\/uploads\/2026\/01\/20260116-152721-300x169.jpg 300w, https:\/\/ledenonciateur224.com\/wp-content\/uploads\/2026\/01\/20260116-152721-1024x576.jpg 1024w, https:\/\/ledenonciateur224.com\/wp-content\/uploads\/2026\/01\/20260116-152721-768x432.jpg 768w, https:\/\/ledenonciateur224.com\/wp-content\/uploads\/2026\/01\/20260116-152721-1536x864.jpg 1536w, https:\/\/ledenonciateur224.com\/wp-content\/uploads\/2026\/01\/20260116-152721-2048x1153.jpg 2048w, https:\/\/ledenonciateur224.com\/wp-content\/uploads\/2026\/01\/20260116-152721-150x84.jpg 150w, https:\/\/ledenonciateur224.com\/wp-content\/uploads\/2026\/01\/20260116-152721-696x392.jpg 696w, https:\/\/ledenonciateur224.com\/wp-content\/uploads\/2026\/01\/20260116-152721-1068x601.jpg 1068w, https:\/\/ledenonciateur224.com\/wp-content\/uploads\/2026\/01\/20260116-152721-1920x1080.jpg 1920w, https:\/\/ledenonciateur224.com\/wp-content\/uploads\/2026\/01\/20260116-152721-746x420.jpg 746w\" sizes=\"auto, (max-width: 2560px) 100vw, 2560px\" \/><br \/>\n\u00ab \u00c0 nos a\u00een\u00e9s, chers retrait\u00e9s,<br \/>\nJe voudrais exprimer, au nom du Gouvernement Guin\u00e9en et en mon nom personnel, une reconnaissance respectueuse et appuy\u00e9e pour les services \u00e9minents rendus \u00e0 la Nation.<br \/>\nVotre parcours, votre sens du devoir et votre loyaut\u00e9 institutionnelle constituent un h\u00e9ritage pr\u00e9cieux, qui continue d&rsquo;inspirer les g\u00e9n\u00e9rations actuelles et futures.<br \/>\nDans cette trajectoire nationale ambitieuse, le secteur de l&rsquo;\u00e9nergie occupe une place cardinale, pleinement assum\u00e9e par notre D\u00e9partement \u00e0 travers la mise en \u0153uvre du Pacte Mission 300 (M300), d\u00e9clinaison op\u00e9rationnelle de cette vision.<br \/>\nLe Minist\u00e8re de l&rsquo;\u00c9nergie assume pleinement cette responsabilit\u00e9 strat\u00e9gique.<br \/>\nC&rsquo;est dans cet esprit que nous poursuivons, avec engagement et rigueur, la mise en \u0153uvre des priorit\u00e9s sectorielles qui structurent notre action quotidienne, notamment :<br \/>\nl&rsquo;acc\u00e9l\u00e9ration des projets de production, de transport et de distribution,<br \/>\nla diversification ma\u00eetris\u00e9e du mix \u00e9nerg\u00e9tique en valorisant nos ressources nationales, la relance et la s\u00e9curisation des projets \u00e0 forte valeur ajout\u00e9e \u00e9conomique et sociale, le renforcement de la gouvernance, de la transparence et de la performance institutionnelle. \u00bb<\/p>\n<p><img loading=\"lazy\" decoding=\"async\" class=\"alignnone size-full wp-image-7137\" src=\"https:\/\/ledenonciateur224.com\/wp-content\/uploads\/2026\/01\/20260116-152648-scaled.jpg\" alt=\"\" width=\"2560\" height=\"1611\" srcset=\"https:\/\/ledenonciateur224.com\/wp-content\/uploads\/2026\/01\/20260116-152648-scaled.jpg 2560w, https:\/\/ledenonciateur224.com\/wp-content\/uploads\/2026\/01\/20260116-152648-300x189.jpg 300w, https:\/\/ledenonciateur224.com\/wp-content\/uploads\/2026\/01\/20260116-152648-1024x644.jpg 1024w, https:\/\/ledenonciateur224.com\/wp-content\/uploads\/2026\/01\/20260116-152648-768x483.jpg 768w, https:\/\/ledenonciateur224.com\/wp-content\/uploads\/2026\/01\/20260116-152648-1536x966.jpg 1536w, https:\/\/ledenonciateur224.com\/wp-content\/uploads\/2026\/01\/20260116-152648-2048x1289.jpg 2048w, https:\/\/ledenonciateur224.com\/wp-content\/uploads\/2026\/01\/20260116-152648-150x94.jpg 150w, https:\/\/ledenonciateur224.com\/wp-content\/uploads\/2026\/01\/20260116-152648-696x438.jpg 696w, https:\/\/ledenonciateur224.com\/wp-content\/uploads\/2026\/01\/20260116-152648-1068x672.jpg 1068w, https:\/\/ledenonciateur224.com\/wp-content\/uploads\/2026\/01\/20260116-152648-1920x1208.jpg 1920w, https:\/\/ledenonciateur224.com\/wp-content\/uploads\/2026\/01\/20260116-152648-668x420.jpg 668w\" sizes=\"auto, (max-width: 2560px) 100vw, 2560px\" \/><br \/>\nCette c\u00e9r\u00e9monie de pr\u00e9sentation de v\u0153ux a ainsi servi de cadre de dialogue, de reconnaissance mutuelle et de mobilisation collective, confirmant la volont\u00e9 commune du minist\u00e8re de l\u2019\u00c9nergie de poursuivre, avec d\u00e9termination et responsabilit\u00e9, la mise en \u0153uvre des r\u00e9formes au service du d\u00e9veloppement national.<\/p>\n<p>&nbsp;<\/p>\n<p>Ledenonciateur224.com<\/p>\n<p>622 42 41 87<\/p>\n","protected":false},"excerpt":{"rendered":"<p>Le personnel du minist\u00e8re de l\u2019\u00c9nergie a organis\u00e9, dans l\u2019apr\u00e8s-midi du vendredi 16 janvier, une c\u00e9r\u00e9monie de pr\u00e9sentation de v\u0153ux de Nouvel An au ministre Namory Camara. Cette rencontre traditionnelle a r\u00e9uni l\u2019ensemble des travailleuses et travailleurs du d\u00e9partement, dans une atmosph\u00e8re empreinte de convivialit\u00e9, de respect institutionnel et de solidarit\u00e9 professionnelle, afin d\u2019entamer la [&hellip;]<\/p>\n","protected":false},"author":2,"featured_media":7133,"comment_status":"closed","ping_status":"closed","sticky":false,"template":"","format":"standard","meta":{"_jetpack_memberships_contains_paid_content":false,"footnotes":"","jetpack_publicize_message":"","jetpack_publicize_feature_enabled":true,"jetpack_social_post_already_shared":true,"jetpack_social_options":{"image_generator_settings":{"template":"highway","default_image_id":0,"font":"","enabled":false},"version":2}},"categories":[29,24],"tags":[1050,1033],"class_list":{"0":"post-7132","1":"post","2":"type-post","3":"status-publish","4":"format-standard","5":"has-post-thumbnail","7":"category-economie","8":"category-news","9":"tag-energie-guinee","10":"tag-ministre-namory-camara"},"jetpack_publicize_connections":[],"jetpack_featured_media_url":"https:\/\/ledenonciateur224.com\/wp-content\/uploads\/2026\/01\/20260116-151538-scaled.jpg","jetpack_sharing_enabled":true,"_links":{"self":[{"href":"https:\/\/ledenonciateur224.com\/index.php\/wp-json\/wp\/v2\/posts\/7132","targetHints":{"allow":["GET"]}}],"collection":[{"href":"https:\/\/ledenonciateur224.com\/index.php\/wp-json\/wp\/v2\/posts"}],"about":[{"href":"https:\/\/ledenonciateur224.com\/index.php\/wp-json\/wp\/v2\/types\/post"}],"author":[{"embeddable":true,"href":"https:\/\/ledenonciateur224.com\/index.php\/wp-json\/wp\/v2\/users\/2"}],"replies":[{"embeddable":true,"href":"https:\/\/ledenonciateur224.com\/index.php\/wp-json\/wp\/v2\/comments?post=7132"}],"version-history":[{"count":1,"href":"https:\/\/ledenonciateur224.com\/index.php\/wp-json\/wp\/v2\/posts\/7132\/revisions"}],"predecessor-version":[{"id":7138,"href":"https:\/\/ledenonciateur224.com\/index.php\/wp-json\/wp\/v2\/posts\/7132\/revisions\/7138"}],"wp:featuredmedia":[{"embeddable":true,"href":"https:\/\/ledenonciateur224.com\/index.php\/wp-json\/wp\/v2\/media\/7133"}],"wp:attachment":[{"href":"https:\/\/ledenonciateur224.com\/index.php\/wp-json\/wp\/v2\/media?parent=7132"}],"wp:term":[{"taxonomy":"category","embeddable":true,"href":"https:\/\/ledenonciateur224.com\/index.php\/wp-json\/wp\/v2\/categories?post=7132"},{"taxonomy":"post_tag","embeddable":true,"href":"https:\/\/ledenonciateur224.com\/index.php\/wp-json\/wp\/v2\/tags?post=7132"}],"curies":[{"name":"wp","href":"https:\/\/api.w.org\/{rel}","templated":true}]}}