{"id":7139,"date":"2026-01-16T20:56:00","date_gmt":"2026-01-16T20:56:00","guid":{"rendered":"https:\/\/ledenonciateur224.com\/?p=7139"},"modified":"2026-01-16T20:56:00","modified_gmt":"2026-01-16T20:56:00","slug":"investiture-presidentielle-des-chefs-detat-africains-convergent-a-conakry-pour-levenement-historique","status":"publish","type":"post","link":"https:\/\/ledenonciateur224.com\/index.php\/investiture-presidentielle-des-chefs-detat-africains-convergent-a-conakry-pour-levenement-historique\/","title":{"rendered":"Investiture pr\u00e9sidentielle : des chefs d\u2019\u00c9tat africains convergent \u00e0 Conakry pour l\u2019\u00e9v\u00e9nement historique"},"content":{"rendered":"<p>Les arriv\u00e9es se poursuivent \u00e0 l\u2019a\u00e9roport international Ahmed S\u00e9kou Tour\u00e9 \u00e0 Conakry, o\u00f9 le pays s\u2019appr\u00eate \u00e0 vivre un moment historique avec la c\u00e9r\u00e9monie d\u2019investiture du Pr\u00e9sident de la R\u00e9publique, Mamadi Doumbouya.<\/p>\n<p>\u00c0 cette occasion, le Premier Ministre Amadou Oury Bah, accompagn\u00e9 des membres du Gouvernement, a chaleureusement accueilli Son Excellence Adama Barrow, Pr\u00e9sident de la R\u00e9publique de Gambie, venu avec sa d\u00e9l\u00e9gation.<\/p>\n<p><img loading=\"lazy\" decoding=\"async\" class=\"alignnone size-full wp-image-7141\" src=\"https:\/\/ledenonciateur224.com\/wp-content\/uploads\/2026\/01\/615702448-1212045961017294-7193146547163471738-n.jpg\" alt=\"\" width=\"1440\" height=\"1214\" srcset=\"https:\/\/ledenonciateur224.com\/wp-content\/uploads\/2026\/01\/615702448-1212045961017294-7193146547163471738-n.jpg 1440w, https:\/\/ledenonciateur224.com\/wp-content\/uploads\/2026\/01\/615702448-1212045961017294-7193146547163471738-n-300x253.jpg 300w, https:\/\/ledenonciateur224.com\/wp-content\/uploads\/2026\/01\/615702448-1212045961017294-7193146547163471738-n-1024x863.jpg 1024w, https:\/\/ledenonciateur224.com\/wp-content\/uploads\/2026\/01\/615702448-1212045961017294-7193146547163471738-n-768x647.jpg 768w, https:\/\/ledenonciateur224.com\/wp-content\/uploads\/2026\/01\/615702448-1212045961017294-7193146547163471738-n-150x126.jpg 150w, https:\/\/ledenonciateur224.com\/wp-content\/uploads\/2026\/01\/615702448-1212045961017294-7193146547163471738-n-696x587.jpg 696w, https:\/\/ledenonciateur224.com\/wp-content\/uploads\/2026\/01\/615702448-1212045961017294-7193146547163471738-n-1068x900.jpg 1068w, https:\/\/ledenonciateur224.com\/wp-content\/uploads\/2026\/01\/615702448-1212045961017294-7193146547163471738-n-498x420.jpg 498w\" sizes=\"auto, (max-width: 1440px) 100vw, 1440px\" \/><\/p>\n<p>Cette pr\u00e9sence souligne l\u2019importance de l\u2019\u00e9v\u00e9nement sur le plan r\u00e9gional et la volont\u00e9 des dirigeants africains de renforcer la coop\u00e9ration et les liens diplomatiques avec la Guin\u00e9e.<\/p>\n<p>&nbsp;<\/p>\n<p>Ledenonciateur224.com<\/p>\n","protected":false},"excerpt":{"rendered":"<p>Les arriv\u00e9es se poursuivent \u00e0 l\u2019a\u00e9roport international Ahmed S\u00e9kou Tour\u00e9 \u00e0 Conakry, o\u00f9 le pays s\u2019appr\u00eate \u00e0 vivre un moment historique avec la c\u00e9r\u00e9monie d\u2019investiture du Pr\u00e9sident de la R\u00e9publique, Mamadi Doumbouya. \u00c0 cette occasion, le Premier Ministre Amadou Oury Bah, accompagn\u00e9 des membres du Gouvernement, a chaleureusement accueilli Son Excellence Adama Barrow, Pr\u00e9sident de [&hellip;]<\/p>\n","protected":false},"author":2,"featured_media":7140,"comment_status":"closed","ping_status":"closed","sticky":false,"template":"","format":"standard","meta":{"_jetpack_memberships_contains_paid_content":false,"footnotes":"","jetpack_publicize_message":"","jetpack_publicize_feature_enabled":true,"jetpack_social_post_already_shared":true,"jetpack_social_options":{"image_generator_settings":{"template":"highway","default_image_id":0,"font":"","enabled":false},"version":2}},"categories":[24,27],"tags":[1467,1345,522],"class_list":{"0":"post-7139","1":"post","2":"type-post","3":"status-publish","4":"format-standard","5":"has-post-thumbnail","7":"category-news","8":"category-politique","9":"tag-chefs-detat","10":"tag-investiture","11":"tag-mamadi-doumbouya"},"jetpack_publicize_connections":[],"jetpack_featured_media_url":"https:\/\/ledenonciateur224.com\/wp-content\/uploads\/2026\/01\/615766606-1212046024350621-4229935247851534390-n.jpg","jetpack_sharing_enabled":true,"_links":{"self":[{"href":"https:\/\/ledenonciateur224.com\/index.php\/wp-json\/wp\/v2\/posts\/7139","targetHints":{"allow":["GET"]}}],"collection":[{"href":"https:\/\/ledenonciateur224.com\/index.php\/wp-json\/wp\/v2\/posts"}],"about":[{"href":"https:\/\/ledenonciateur224.com\/index.php\/wp-json\/wp\/v2\/types\/post"}],"author":[{"embeddable":true,"href":"https:\/\/ledenonciateur224.com\/index.php\/wp-json\/wp\/v2\/users\/2"}],"replies":[{"embeddable":true,"href":"https:\/\/ledenonciateur224.com\/index.php\/wp-json\/wp\/v2\/comments?post=7139"}],"version-history":[{"count":1,"href":"https:\/\/ledenonciateur224.com\/index.php\/wp-json\/wp\/v2\/posts\/7139\/revisions"}],"predecessor-version":[{"id":7142,"href":"https:\/\/ledenonciateur224.com\/index.php\/wp-json\/wp\/v2\/posts\/7139\/revisions\/7142"}],"wp:featuredmedia":[{"embeddable":true,"href":"https:\/\/ledenonciateur224.com\/index.php\/wp-json\/wp\/v2\/media\/7140"}],"wp:attachment":[{"href":"https:\/\/ledenonciateur224.com\/index.php\/wp-json\/wp\/v2\/media?parent=7139"}],"wp:term":[{"taxonomy":"category","embeddable":true,"href":"https:\/\/ledenonciateur224.com\/index.php\/wp-json\/wp\/v2\/categories?post=7139"},{"taxonomy":"post_tag","embeddable":true,"href":"https:\/\/ledenonciateur224.com\/index.php\/wp-json\/wp\/v2\/tags?post=7139"}],"curies":[{"name":"wp","href":"https:\/\/api.w.org\/{rel}","templated":true}]}}