{"id":7143,"date":"2026-01-17T08:59:14","date_gmt":"2026-01-17T08:59:14","guid":{"rendered":"https:\/\/ledenonciateur224.com\/?p=7143"},"modified":"2026-01-17T08:59:14","modified_gmt":"2026-01-17T08:59:14","slug":"agepi-aboubacar-soumah-elu-president-pour-un-mandat-de-trois-ans","status":"publish","type":"post","link":"https:\/\/ledenonciateur224.com\/index.php\/agepi-aboubacar-soumah-elu-president-pour-un-mandat-de-trois-ans\/","title":{"rendered":"AGEPI : Aboubacar Soumah \u00e9lu pr\u00e9sident pour un mandat de trois ans"},"content":{"rendered":"<p>\u00c0 l\u2019issue de l\u2019assembl\u00e9e g\u00e9n\u00e9rale \u00e9lective tenue ce vendredi 16 janvier 2026 \u00e0 la Maison de la Presse de Conakry, l\u2019Association Guin\u00e9enne des \u00c9diteurs de la Presse \u00c9crite (AGEPI) a proc\u00e9d\u00e9 au renouvellement de ses instances dirigeantes. \u00c0 l\u2019issue du scrutin, Aboubacar Soumah a \u00e9t\u00e9 \u00e9lu pr\u00e9sident de l\u2019institution pour un mandat de trois (3) ans, marquant ainsi une nouvelle \u00e9tape dans la vie de l\u2019organisation.<br \/>\nCe congr\u00e8s \u00e9lectif, plac\u00e9 sous le signe de la transparence et de la l\u00e9galit\u00e9, s\u2019est d\u00e9roul\u00e9 en pr\u00e9sence de plusieurs personnalit\u00e9s de premier plan, notamment Amadou Tour\u00e9, repr\u00e9sentant de la Haute Autorit\u00e9 de la Communication (HAC), un huissier de justice charg\u00e9 de la supervision du processus \u00e9lectoral, ainsi que la pr\u00e9sidente sortante de l\u2019AGEPI. Leur pr\u00e9sence a contribu\u00e9 \u00e0 garantir la cr\u00e9dibilit\u00e9 et la r\u00e9gularit\u00e9 des op\u00e9rations de vote.<br \/>\nD\u00e8s l\u2019annonce des r\u00e9sultats, le nouveau pr\u00e9sident \u00e9lu a prononc\u00e9 un discours empreint de gravit\u00e9 et de sens des responsabilit\u00e9s. Aboubacar Soumah a insist\u00e9 sur la n\u00e9cessit\u00e9 de tourner d\u00e9finitivement la page des divisions internes afin d\u2019ouvrir une \u00e8re nouvelle fond\u00e9e sur l\u2019unit\u00e9, la solidarit\u00e9 et l\u2019engagement collectif au service de la presse \u00e9crite guin\u00e9enne.<br \/>\n\u00ab Chers confr\u00e8res, aujourd\u2019hui, nous c\u00e9l\u00e9brons avant tout la vitalit\u00e9 de notre institution. Je le dis avec une conviction profonde : le temps de la division est d\u00e9finitivement derri\u00e8re nous. Une nouvelle phase d\u00e9bute aujourd\u2019hui, et elle s\u2019\u00e9crira avec tout le monde, sans exception. Mon mandat sera celui de la coh\u00e9sion retrouv\u00e9e et de la solidarit\u00e9 agissante. Je m\u2019engage \u00e0 diriger une \u00e9quipe de mission et d\u2019action, car les d\u00e9fis qui assaillent la presse \u00e9crite ne peuvent \u00eatre relev\u00e9s dans la dispersion \u00bb, a-t-il affirm\u00e9.<\/p>\n<p><img loading=\"lazy\" decoding=\"async\" class=\"alignnone size-full wp-image-7125\" src=\"https:\/\/ledenonciateur224.com\/wp-content\/uploads\/2026\/01\/20260116-112301-scaled.jpg\" alt=\"\" width=\"2560\" height=\"1121\" srcset=\"https:\/\/ledenonciateur224.com\/wp-content\/uploads\/2026\/01\/20260116-112301-scaled.jpg 2560w, https:\/\/ledenonciateur224.com\/wp-content\/uploads\/2026\/01\/20260116-112301-300x131.jpg 300w, https:\/\/ledenonciateur224.com\/wp-content\/uploads\/2026\/01\/20260116-112301-1024x448.jpg 1024w, https:\/\/ledenonciateur224.com\/wp-content\/uploads\/2026\/01\/20260116-112301-768x336.jpg 768w, https:\/\/ledenonciateur224.com\/wp-content\/uploads\/2026\/01\/20260116-112301-1536x672.jpg 1536w, https:\/\/ledenonciateur224.com\/wp-content\/uploads\/2026\/01\/20260116-112301-2048x897.jpg 2048w, https:\/\/ledenonciateur224.com\/wp-content\/uploads\/2026\/01\/20260116-112301-150x66.jpg 150w, https:\/\/ledenonciateur224.com\/wp-content\/uploads\/2026\/01\/20260116-112301-696x305.jpg 696w, https:\/\/ledenonciateur224.com\/wp-content\/uploads\/2026\/01\/20260116-112301-1068x468.jpg 1068w, https:\/\/ledenonciateur224.com\/wp-content\/uploads\/2026\/01\/20260116-112301-1920x840.jpg 1920w, https:\/\/ledenonciateur224.com\/wp-content\/uploads\/2026\/01\/20260116-112301-959x420.jpg 959w\" sizes=\"auto, (max-width: 2560px) 100vw, 2560px\" \/><br \/>\nPoursuivant son intervention, Aboubacar Soumah a lanc\u00e9 un appel solennel \u00e0 l\u2019ensemble des acteurs du secteur, invitant toutes les sensibilit\u00e9s de la corporation \u00e0 s\u2019inscrire dans une dynamique unitaire. Selon lui, seule une action concert\u00e9e permettra de faire face aux nombreuses difficult\u00e9s auxquelles est confront\u00e9e la presse \u00e9crite, notamment la pr\u00e9carit\u00e9 \u00e9conomique des entreprises de presse, la concurrence du num\u00e9rique et la n\u00e9cessit\u00e9 de pr\u00e9server la cr\u00e9dibilit\u00e9 de l\u2019information.<br \/>\n\u00ab Chers confr\u00e8res, je tends une main fraternelle \u00e0 toutes les sensibilit\u00e9s et \u00e0 toutes les tendances de notre corporation. Notre force r\u00e9side dans notre capacit\u00e9 \u00e0 parler d\u2019une seule voix, \u00e0 agir comme un seul homme pour rehausser et redonner \u00e0 la presse \u00e9crite guin\u00e9enne sa valeur et son entente. C\u2019est par cette union sacr\u00e9e que nous remporterons la victoire pour la p\u00e9rennit\u00e9 de nos entreprises. \u00c0 l\u2019endroit de nos partenaires techniques et financiers, l\u2019AGEPI pr\u00e9sente aujourd\u2019hui un visage uni, solide et d\u00e9termin\u00e9 \u00bb, a-t-il d\u00e9clar\u00e9.<br \/>\nPour clore son allocution, le pr\u00e9sident \u00e9lu a adress\u00e9 un message fort \u00e0 l\u2019endroit des partenaires techniques et financiers, les invitant \u00e0 accompagner l\u2019AGEPI dans la mise en \u0153uvre de ses ambitions. Il a rappel\u00e9 le r\u00f4le fondamental de la presse \u00e9crite dans la construction d\u2019un espace m\u00e9diatique cr\u00e9dible, pluraliste et responsable.<br \/>\n\u00ab Nous vous invitons \u00e0 nous accompagner dans ce nouvel \u00e9lan. La presse \u00e9crite est le socle de l\u2019information cr\u00e9dible. La soutenir aujourd\u2019hui, c\u2019est investir dans la qualit\u00e9 et la durabilit\u00e9 de notre espace m\u00e9diatique. Nous sommes pr\u00eats pour des partenariats constructifs et transparents \u00bb, a-t-il soulign\u00e9.<br \/>\nExprimant sa gratitude, Aboubacar Soumah a remerci\u00e9 l\u2019ensemble des membres de l\u2019AGEPI pour la confiance plac\u00e9e en sa personne et en son \u00e9quipe, tout en rendant un hommage appuy\u00e9 aux anciens pr\u00e9sidents de l\u2019association pour leur engagement et leur d\u00e9vouement. Il a enfin assur\u00e9 que son leadership sera plac\u00e9 sous le signe de l\u2019\u00e9coute, du rassemblement et de l\u2019action concr\u00e8te.<br \/>\n\u00ab Je serai le pr\u00e9sident de l\u2019\u00e9coute et de l\u2019unit\u00e9. D\u00e8s demain, nous nous mettons au travail pour que chaque \u00e9diteur de presse se sente fier de son appartenance \u00e0 cette grande famille. Que cette \u00e9lection soit le ciment d\u2019une nouvelle \u00e8re de r\u00e9ussite collective. Vive l\u2019unit\u00e9 et la coh\u00e9sion de la presse \u00e9crite. Vive l\u2019AGEPI \u00bb, a-t-il conclu.<\/p>\n<p>&nbsp;<\/p>\n<p>Ledenonciateur224.com<\/p>\n","protected":false},"excerpt":{"rendered":"<p>\u00c0 l\u2019issue de l\u2019assembl\u00e9e g\u00e9n\u00e9rale \u00e9lective tenue ce vendredi 16 janvier 2026 \u00e0 la Maison de la Presse de Conakry, l\u2019Association Guin\u00e9enne des \u00c9diteurs de la Presse \u00c9crite (AGEPI) a proc\u00e9d\u00e9 au renouvellement de ses instances dirigeantes. \u00c0 l\u2019issue du scrutin, Aboubacar Soumah a \u00e9t\u00e9 \u00e9lu pr\u00e9sident de l\u2019institution pour un mandat de trois (3) [&hellip;]<\/p>\n","protected":false},"author":2,"featured_media":7121,"comment_status":"closed","ping_status":"closed","sticky":false,"template":"","format":"standard","meta":{"_jetpack_memberships_contains_paid_content":false,"footnotes":"","jetpack_publicize_message":"","jetpack_publicize_feature_enabled":true,"jetpack_social_post_already_shared":true,"jetpack_social_options":{"image_generator_settings":{"template":"highway","default_image_id":0,"font":"","enabled":false},"version":2}},"categories":[30,24],"tags":[1468,221],"class_list":{"0":"post-7143","1":"post","2":"type-post","3":"status-publish","4":"format-standard","5":"has-post-thumbnail","7":"category-faits-divers","8":"category-news","9":"tag-congres-agepi","10":"tag-congres-electif"},"jetpack_publicize_connections":[],"jetpack_featured_media_url":"https:\/\/ledenonciateur224.com\/wp-content\/uploads\/2026\/01\/20260116-125414-scaled.jpg","jetpack_sharing_enabled":true,"_links":{"self":[{"href":"https:\/\/ledenonciateur224.com\/index.php\/wp-json\/wp\/v2\/posts\/7143","targetHints":{"allow":["GET"]}}],"collection":[{"href":"https:\/\/ledenonciateur224.com\/index.php\/wp-json\/wp\/v2\/posts"}],"about":[{"href":"https:\/\/ledenonciateur224.com\/index.php\/wp-json\/wp\/v2\/types\/post"}],"author":[{"embeddable":true,"href":"https:\/\/ledenonciateur224.com\/index.php\/wp-json\/wp\/v2\/users\/2"}],"replies":[{"embeddable":true,"href":"https:\/\/ledenonciateur224.com\/index.php\/wp-json\/wp\/v2\/comments?post=7143"}],"version-history":[{"count":1,"href":"https:\/\/ledenonciateur224.com\/index.php\/wp-json\/wp\/v2\/posts\/7143\/revisions"}],"predecessor-version":[{"id":7144,"href":"https:\/\/ledenonciateur224.com\/index.php\/wp-json\/wp\/v2\/posts\/7143\/revisions\/7144"}],"wp:featuredmedia":[{"embeddable":true,"href":"https:\/\/ledenonciateur224.com\/index.php\/wp-json\/wp\/v2\/media\/7121"}],"wp:attachment":[{"href":"https:\/\/ledenonciateur224.com\/index.php\/wp-json\/wp\/v2\/media?parent=7143"}],"wp:term":[{"taxonomy":"category","embeddable":true,"href":"https:\/\/ledenonciateur224.com\/index.php\/wp-json\/wp\/v2\/categories?post=7143"},{"taxonomy":"post_tag","embeddable":true,"href":"https:\/\/ledenonciateur224.com\/index.php\/wp-json\/wp\/v2\/tags?post=7143"}],"curies":[{"name":"wp","href":"https:\/\/api.w.org\/{rel}","templated":true}]}}