{"id":7148,"date":"2026-01-17T15:26:35","date_gmt":"2026-01-17T15:26:35","guid":{"rendered":"https:\/\/ledenonciateur224.com\/?p=7148"},"modified":"2026-01-17T15:26:35","modified_gmt":"2026-01-17T15:26:35","slug":"guinee-mamadi-doumbouya-officiellement-investi-un-septennat-qui-souvre-sous-le-regard-du-monde","status":"publish","type":"post","link":"https:\/\/ledenonciateur224.com\/index.php\/guinee-mamadi-doumbouya-officiellement-investi-un-septennat-qui-souvre-sous-le-regard-du-monde\/","title":{"rendered":"Guin\u00e9e : Mamadi Doumbouya officiellement investi, un septennat qui s\u2019ouvre sous le regard du monde"},"content":{"rendered":"<p>\u00c9lu le 28 d\u00e9cembre dernier 2025, Mamadi Doumbouya a \u00e9t\u00e9 officiellement investi Pr\u00e9sident de la R\u00e9publique de Guin\u00e9e ce samedi 17 janvier 2026, lors d\u2019une c\u00e9r\u00e9monie solennelle organis\u00e9e au stade de Nongo. Devant un parterre de chefs d\u2019\u00c9tat africains, de hauts responsables internationaux et une foule mobilis\u00e9e pour l\u2019\u00e9v\u00e9nement, le nouveau pr\u00e9sident a jur\u00e9 fid\u00e9lit\u00e9 \u00e0 la Constitution, ouvrant ainsi un mandat de sept ans plac\u00e9 sous le signe de la refondation et des attentes populaires. Arr\u00eat\u00e9 au pupitre, il a solennellement d\u00e9clar\u00e9 :<\/p>\n<p>\u00ab Moi Mamadi Doumbouya Pr\u00e9sident de la R\u00e9publique \u00e9lu, je jure devant Dieu et devant le Peuple de Guin\u00e9e, sur mon honneur : de respecter et de faire respecter scrupuleusement la Constitution, les lois, les r\u00e8glements et les d\u00e9cisions de justice :<br \/>\nd\u2019exercer loyalement et dignement les fonctions qui me sont conf\u00e9r\u00e9es dans l\u2019int\u00e9r\u00eat sup\u00e9rieur de la Nation ;<br \/>\nde ne jamais recourir aux pouvoirs qui me sont d\u00e9volus \u00e0 des fins personnelles ;<br \/>\nde pr\u00e9server, en tout lieu et en toute circonstance, la paix, la coh\u00e9sion sociale et l\u2019unit\u00e9 nationale ;<br \/>\nde d\u00e9fendre les Institutions de la R\u00e9publique, l\u2019int\u00e9grit\u00e9 du territoire et l\u2019ind\u00e9pendance nationale. En cas de parjure, que je subisse la rigueur de la loi&gt;&gt;<\/p>\n<p>&nbsp;<\/p>\n<p>Ledenonciateur224.com<\/p>\n","protected":false},"excerpt":{"rendered":"<p>\u00c9lu le 28 d\u00e9cembre dernier 2025, Mamadi Doumbouya a \u00e9t\u00e9 officiellement investi Pr\u00e9sident de la R\u00e9publique de Guin\u00e9e ce samedi 17 janvier 2026, lors d\u2019une c\u00e9r\u00e9monie solennelle organis\u00e9e au stade de Nongo. Devant un parterre de chefs d\u2019\u00c9tat africains, de hauts responsables internationaux et une foule mobilis\u00e9e pour l\u2019\u00e9v\u00e9nement, le nouveau pr\u00e9sident a jur\u00e9 fid\u00e9lit\u00e9 [&hellip;]<\/p>\n","protected":false},"author":2,"featured_media":7149,"comment_status":"closed","ping_status":"closed","sticky":false,"template":"","format":"standard","meta":{"_jetpack_memberships_contains_paid_content":false,"footnotes":"","jetpack_publicize_message":"","jetpack_publicize_feature_enabled":true,"jetpack_social_post_already_shared":true,"jetpack_social_options":{"image_generator_settings":{"template":"highway","default_image_id":0,"font":"","enabled":false},"version":2}},"categories":[24,27],"tags":[1199,1345,1456],"class_list":{"0":"post-7148","1":"post","2":"type-post","3":"status-publish","4":"format-standard","5":"has-post-thumbnail","7":"category-news","8":"category-politique","9":"tag-declaration","10":"tag-investiture","11":"tag-prestation-de-serment"},"jetpack_publicize_connections":[],"jetpack_featured_media_url":"https:\/\/ledenonciateur224.com\/wp-content\/uploads\/2026\/01\/whatsapp-image-2026-01-17-at-145809.jpeg","jetpack_sharing_enabled":true,"_links":{"self":[{"href":"https:\/\/ledenonciateur224.com\/index.php\/wp-json\/wp\/v2\/posts\/7148","targetHints":{"allow":["GET"]}}],"collection":[{"href":"https:\/\/ledenonciateur224.com\/index.php\/wp-json\/wp\/v2\/posts"}],"about":[{"href":"https:\/\/ledenonciateur224.com\/index.php\/wp-json\/wp\/v2\/types\/post"}],"author":[{"embeddable":true,"href":"https:\/\/ledenonciateur224.com\/index.php\/wp-json\/wp\/v2\/users\/2"}],"replies":[{"embeddable":true,"href":"https:\/\/ledenonciateur224.com\/index.php\/wp-json\/wp\/v2\/comments?post=7148"}],"version-history":[{"count":1,"href":"https:\/\/ledenonciateur224.com\/index.php\/wp-json\/wp\/v2\/posts\/7148\/revisions"}],"predecessor-version":[{"id":7150,"href":"https:\/\/ledenonciateur224.com\/index.php\/wp-json\/wp\/v2\/posts\/7148\/revisions\/7150"}],"wp:featuredmedia":[{"embeddable":true,"href":"https:\/\/ledenonciateur224.com\/index.php\/wp-json\/wp\/v2\/media\/7149"}],"wp:attachment":[{"href":"https:\/\/ledenonciateur224.com\/index.php\/wp-json\/wp\/v2\/media?parent=7148"}],"wp:term":[{"taxonomy":"category","embeddable":true,"href":"https:\/\/ledenonciateur224.com\/index.php\/wp-json\/wp\/v2\/categories?post=7148"},{"taxonomy":"post_tag","embeddable":true,"href":"https:\/\/ledenonciateur224.com\/index.php\/wp-json\/wp\/v2\/tags?post=7148"}],"curies":[{"name":"wp","href":"https:\/\/api.w.org\/{rel}","templated":true}]}}