{"id":7151,"date":"2026-01-17T16:16:27","date_gmt":"2026-01-17T16:16:27","guid":{"rendered":"https:\/\/ledenonciateur224.com\/?p=7151"},"modified":"2026-01-17T16:16:27","modified_gmt":"2026-01-17T16:16:27","slug":"mamadi-doumbouya-investi-president-entre-solennite-republicaine-et-promesse-dunite-nationale","status":"publish","type":"post","link":"https:\/\/ledenonciateur224.com\/index.php\/mamadi-doumbouya-investi-president-entre-solennite-republicaine-et-promesse-dunite-nationale\/","title":{"rendered":"Mamadi Doumbouya investi pr\u00e9sident : entre solennit\u00e9 r\u00e9publicaine et promesse d\u2019unit\u00e9 nationale"},"content":{"rendered":"<p>\u00c9lu pr\u00e9sident de la R\u00e9publique de Guin\u00e9e avec 86,72 % des suffrages \u00e0 l\u2019issue du scrutin pr\u00e9sidentiel, Mamadi Doumbouya a \u00e9t\u00e9 officiellement investi ce samedi 18 janvier 2026, lors d\u2019une c\u00e9r\u00e9monie empreinte de solennit\u00e9 et de symboles forts. Cet \u00e9v\u00e9nement marque l\u2019aboutissement d\u2019un long processus politique et ouvre une nouvelle page de la vie institutionnelle du pays.<br \/>\nLa c\u00e9r\u00e9monie d\u2019investiture s\u2019est tenue en pr\u00e9sence de plusieurs chefs d\u2019\u00c9tat et de gouvernement de la sous-r\u00e9gion, de hauts responsables politiques, diplomatiques et militaires, ainsi que de d\u00e9l\u00e9gations venues de divers horizons. Cette mobilisation internationale a donn\u00e9 \u00e0 l\u2019\u00e9v\u00e9nement une dimension particuli\u00e8re, traduisant \u00e0 la fois l\u2019importance strat\u00e9gique de la Guin\u00e9e et l\u2019int\u00e9r\u00eat de ses partenaires pour la stabilit\u00e9 et l\u2019avenir du pays.<br \/>\nDans son discours d\u2019investiture, le Chef de l\u2019\u00c9tat, s\u2019exprimant au nom du peuple souverain de Guin\u00e9e, a souhait\u00e9 la bienvenue \u00e0 ses h\u00f4tes en rappelant la port\u00e9e symbolique du territoire guin\u00e9en, qu\u2019il a pr\u00e9sent\u00e9 comme une terre africaine de dignit\u00e9, de r\u00e9sistance, d\u2019hospitalit\u00e9 et d\u2019esp\u00e9rance. Un message fort, destin\u00e9 \u00e0 inscrire son mandat sous le signe des valeurs panafricaines et du respect mutuel entre les nations.<br \/>\nMamadi Doumbouya a ensuite adress\u00e9 ses remerciements appuy\u00e9s aux dirigeants et repr\u00e9sentants \u00e9trangers ayant honor\u00e9 la c\u00e9r\u00e9monie de leur pr\u00e9sence, qu\u2019il a qualifi\u00e9e de t\u00e9moignage \u00e9loquent de la solidarit\u00e9 africaine, de l\u2019amiti\u00e9 entre les peuples et de la volont\u00e9 commune de b\u00e2tir un avenir fond\u00e9 sur la paix, le respect et la prosp\u00e9rit\u00e9 partag\u00e9e, pour le bien-\u00eatre des populations.<br \/>\n\u00c9voquant les d\u00e9fis \u00e0 venir, le nouveau pr\u00e9sident a r\u00e9affirm\u00e9 sa d\u00e9termination \u00e0 rassembler les Guin\u00e9ennes et les Guin\u00e9ens, sans distinction, autour d\u2019un projet national inclusif. Succ\u00e9dant au professeur Alpha Cond\u00e9, il s\u2019est engag\u00e9 \u00e0 \u0153uvrer pour une Guin\u00e9e pacifi\u00e9e, stable et tourn\u00e9e vers le d\u00e9veloppement, avec une attention particuli\u00e8re port\u00e9e aux g\u00e9n\u00e9rations futures.<br \/>\nC\u2019est dans un ton empreint d\u2019\u00e9motion et de gravit\u00e9 qu\u2019il s\u2019est adress\u00e9 directement \u00e0 la nation :<br \/>\n\u00ab Chers compatriotes, en ce jour solennelle mon c\u0153ur est rempli d\u2019\u00e9motions, de gratitude et d\u2019humilit\u00e9. Je mesure pleinement la responsabilit\u00e9 immense que le peuple de Guin\u00e9e vient de me confier \u00e0 l\u2019issue \u00e9lections pr\u00e9sidentielles du 28 d\u00e9cembre 2025. Je remercie l\u2019ensemble de nos concitoyens pour la campagne pr\u00e9sidentielle. Ce mandat qui vient de m\u2019\u00eatre donn\u00e9 n\u2019est pas un nom personnel mais un engagement envers les guin\u00e9ennes et les guin\u00e9ens, un engagement \u00e0 r\u00e9pondre aux diff\u00e9rents d\u00e9fis de gouvernance qui se pose \u00e0 notre pays. Je m\u2019emploierai de tous mes efforts pour r\u00e9pondre aux attentes guin\u00e9ennes et guin\u00e9ens. La Guin\u00e9e est une et indivisible elle le restera. Notre diversit\u00e9 et notre richesse, notre unit\u00e9 est notre force. J\u2019en appelle \u00e0 un engagement citoyen \u00e0 une d\u00e9marche participative pour construire une Guin\u00e9e de paix et de prosp\u00e9rit\u00e9 pour nous-m\u00eames, nos enfants et pour le futur de la g\u00e9n\u00e9ration \u00bb.<br \/>\nPar ces mots, Mamadi Doumbouya a clairement plac\u00e9 son mandat sous le signe de la responsabilit\u00e9, de l\u2019unit\u00e9 nationale et de la participation citoyenne, invitant chaque Guin\u00e9enne et chaque Guin\u00e9en \u00e0 prendre part activement \u00e0 la construction du pays.<\/p>\n<p>En conclusion de son allocution, le pr\u00e9sident de la R\u00e9publique a tenu \u00e0 souligner que sa main reste tendue \u00e0 toutes les filles et \u00e0 tous les fils de Guin\u00e9e, r\u00e9affirmant ainsi sa volont\u00e9 de dialogue, de r\u00e9conciliation et de rassemblement autour de l\u2019int\u00e9r\u00eat sup\u00e9rieur de la nation. Une posture qui se veut rassurante, \u00e0 l\u2019heure o\u00f9 de nombreux citoyens nourrissent de fortes attentes quant \u00e0 la gouvernance, \u00e0 la paix sociale et au d\u00e9veloppement durable du pays.<\/p>\n<p>&nbsp;<\/p>\n<p>Aboubacar Moussa Camara<\/p>\n<p>622 42 41 87<\/p>\n","protected":false},"excerpt":{"rendered":"<p>\u00c9lu pr\u00e9sident de la R\u00e9publique de Guin\u00e9e avec 86,72 % des suffrages \u00e0 l\u2019issue du scrutin pr\u00e9sidentiel, Mamadi Doumbouya a \u00e9t\u00e9 officiellement investi ce samedi 18 janvier 2026, lors d\u2019une c\u00e9r\u00e9monie empreinte de solennit\u00e9 et de symboles forts. Cet \u00e9v\u00e9nement marque l\u2019aboutissement d\u2019un long processus politique et ouvre une nouvelle page de la vie institutionnelle [&hellip;]<\/p>\n","protected":false},"author":2,"featured_media":7154,"comment_status":"closed","ping_status":"closed","sticky":false,"template":"","format":"standard","meta":{"_jetpack_memberships_contains_paid_content":false,"footnotes":"","jetpack_publicize_message":"","jetpack_publicize_feature_enabled":true,"jetpack_social_post_already_shared":true,"jetpack_social_options":{"image_generator_settings":{"template":"highway","default_image_id":0,"font":"","enabled":false},"version":2}},"categories":[24,27],"tags":[1469,522],"class_list":{"0":"post-7151","1":"post","2":"type-post","3":"status-publish","4":"format-standard","5":"has-post-thumbnail","7":"category-news","8":"category-politique","9":"tag-discours-presidentiel","10":"tag-mamadi-doumbouya"},"jetpack_publicize_connections":[],"jetpack_featured_media_url":"https:\/\/ledenonciateur224.com\/wp-content\/uploads\/2026\/01\/fb-img-1768666458153.jpg","jetpack_sharing_enabled":true,"_links":{"self":[{"href":"https:\/\/ledenonciateur224.com\/index.php\/wp-json\/wp\/v2\/posts\/7151","targetHints":{"allow":["GET"]}}],"collection":[{"href":"https:\/\/ledenonciateur224.com\/index.php\/wp-json\/wp\/v2\/posts"}],"about":[{"href":"https:\/\/ledenonciateur224.com\/index.php\/wp-json\/wp\/v2\/types\/post"}],"author":[{"embeddable":true,"href":"https:\/\/ledenonciateur224.com\/index.php\/wp-json\/wp\/v2\/users\/2"}],"replies":[{"embeddable":true,"href":"https:\/\/ledenonciateur224.com\/index.php\/wp-json\/wp\/v2\/comments?post=7151"}],"version-history":[{"count":1,"href":"https:\/\/ledenonciateur224.com\/index.php\/wp-json\/wp\/v2\/posts\/7151\/revisions"}],"predecessor-version":[{"id":7155,"href":"https:\/\/ledenonciateur224.com\/index.php\/wp-json\/wp\/v2\/posts\/7151\/revisions\/7155"}],"wp:featuredmedia":[{"embeddable":true,"href":"https:\/\/ledenonciateur224.com\/index.php\/wp-json\/wp\/v2\/media\/7154"}],"wp:attachment":[{"href":"https:\/\/ledenonciateur224.com\/index.php\/wp-json\/wp\/v2\/media?parent=7151"}],"wp:term":[{"taxonomy":"category","embeddable":true,"href":"https:\/\/ledenonciateur224.com\/index.php\/wp-json\/wp\/v2\/categories?post=7151"},{"taxonomy":"post_tag","embeddable":true,"href":"https:\/\/ledenonciateur224.com\/index.php\/wp-json\/wp\/v2\/tags?post=7151"}],"curies":[{"name":"wp","href":"https:\/\/api.w.org\/{rel}","templated":true}]}}