{"id":7177,"date":"2026-01-19T15:02:56","date_gmt":"2026-01-19T15:02:56","guid":{"rendered":"https:\/\/ledenonciateur224.com\/?p=7177"},"modified":"2026-01-19T15:02:56","modified_gmt":"2026-01-19T15:02:56","slug":"vers-la-demission-du-gouvernement-bah-oury","status":"publish","type":"post","link":"https:\/\/ledenonciateur224.com\/index.php\/vers-la-demission-du-gouvernement-bah-oury\/","title":{"rendered":"Vers la d\u00e9mission du gouvernement Bah Oury ?"},"content":{"rendered":"<p>Apr\u00e8s l\u2019investiture du Pr\u00e9sident Mamadi Doumbouya, des signaux annoncent une possible recomposition de l\u2019Ex\u00e9cutif, entre tradition politique et r\u00e9alit\u00e9s constitutionnelles.<\/p>\n<p>Apr\u00e8s avoir \u00e9t\u00e9 officiellement investi et install\u00e9 dans ses fonctions de Pr\u00e9sident de la R\u00e9publique de Guin\u00e9e,\u00a0 Mamadi Doumbouya pourrait recevoir, dans les prochaines heures ou jours, la d\u00e9mission du gouvernement conduit par Amadou Oury Bah, en poste depuis le 13 mars 2024. Cette \u00e9ventualit\u00e9, bien que non syst\u00e9matiquement impos\u00e9e par les textes, s\u2019inscrit dans une tradition politique largement observ\u00e9e dans les r\u00e9gimes r\u00e9publicains, notamment en p\u00e9riode de transition ou de renouvellement institutionnel.<br \/>\nEn effet, l\u2019entr\u00e9e en fonction d\u2019un nouveau Pr\u00e9sident de la R\u00e9publique est souvent suivie, par usage politique, du d\u00e9p\u00f4t de la d\u00e9mission du Premier ministre et de son \u00e9quipe gouvernementale. Cette d\u00e9marche vise \u00e0 permettre au Chef de l\u2019\u00c9tat de r\u00e9affirmer son autorit\u00e9 ex\u00e9cutive et de disposer d\u2019une pleine latitude dans la reconduction ou la recomposition de l\u2019\u00e9quipe gouvernementale. Il revient alors au Pr\u00e9sident, en toute souverainet\u00e9, de maintenir le Premier ministre en fonction ou de proc\u00e9der \u00e0 un changement, selon les orientations politiques et strat\u00e9giques qu\u2019il entend impulser.<br \/>\nDes signaux annonciateurs de cette possible d\u00e9mission ont \u00e9t\u00e9 observ\u00e9s au cours des derniers jours. La semaine derni\u00e8re, le Premier ministre Amadou Oury Bah, commun\u00e9ment appel\u00e9 Bah Oury, a convi\u00e9 les membres de son gouvernement \u00e0 un d\u00eener \u00e0 son domicile situ\u00e9 \u00e0 la cit\u00e9 minist\u00e9rielle. Ce geste, \u00e0 forte port\u00e9e symbolique dans les cercles du pouvoir, est intervenu peu apr\u00e8s la tenue d\u2019un dernier conseil interminist\u00e9riel au Palais de la Colombe, si\u00e8ge de la Pr\u00e9sidence.<br \/>\nSelon des informations concordantes, l\u2019\u00e9conomiste nomm\u00e9 Premier ministre le 27 f\u00e9vrier 2024 aurait profit\u00e9 de cette ultime r\u00e9union gouvernementale pour informer clairement ses collaborateurs qu\u2019il s\u2019agissait du dernier conseil interminist\u00e9riel qu\u2019il pr\u00e9sidait sous la configuration actuelle. Une d\u00e9claration qui laisse entrevoir soit une d\u00e9mission imminente, soit une probable recomposition gouvernementale d\u00e9cid\u00e9e au sommet de l\u2019\u00c9tat.<br \/>\nCependant, contrairement \u00e0 certaines interpr\u00e9tations largement r\u00e9pandues dans l\u2019opinion publique, la Constitution guin\u00e9enne en vigueur ne subordonne pas juridiquement le maintien du gouvernement \u00e0 l\u2019installation d\u2019un nouveau Pr\u00e9sident de la R\u00e9publique. Sur le plan strictement l\u00e9gal, le sort du gouvernement n\u2019est pas automatiquement li\u00e9 \u00e0 l\u2019investiture du Chef de l\u2019\u00c9tat.<br \/>\n\u00c0 ce sujet, le juriste et analyste politique Makan\u00e9ra Kak\u00e9 apporte un \u00e9clairage pr\u00e9cis au micro de nos confr\u00e8res de Africaguinee.com:<br \/>\n\u00ab L\u00e9galement, sur le plan constitutionnel, surtout au regard de la nouvelle Constitution qui encadre l\u2019exercice du pouvoir actuel, il n\u2019est nullement pr\u00e9vu que le gouvernement d\u00e9missionne \u00e0 la suite de l\u2019\u00e9lection ou de l\u2019installation du Pr\u00e9sident de la R\u00e9publique. La nouvelle Constitution ne reconna\u00eet la d\u00e9mission du gouvernement que dans trois hypoth\u00e8ses bien pr\u00e9cises, limitativement \u00e9num\u00e9r\u00e9es par les textes. \u00bb<\/p>\n<p>Cette clarification juridique met en \u00e9vidence la distinction entre la pratique politique et les exigences constitutionnelles. Elle souligne \u00e9galement que toute d\u00e9mission du gouvernement de Bah Oury rel\u00e8verait davantage d\u2019une d\u00e9cision politique ou d\u2019un choix strat\u00e9gique du Pr\u00e9sident Mamadi Doumbouya que d\u2019une obligation l\u00e9gale.<br \/>\nDans ce contexte de transition institutionnelle, les prochains jours s\u2019annoncent d\u00e9cisifs pour la configuration de l\u2019Ex\u00e9cutif guin\u00e9en, alors que l\u2019opinion publique et les acteurs politiques restent attentifs aux orientations que prendra le Chef de l\u2019\u00c9tat pour la suite du processus politique et gouvernemental.<\/p>\n<p>&nbsp;<\/p>\n<p>&nbsp;<\/p>\n<p>AMC 622 42 41 87<\/p>\n","protected":false},"excerpt":{"rendered":"<p>Apr\u00e8s l\u2019investiture du Pr\u00e9sident Mamadi Doumbouya, des signaux annoncent une possible recomposition de l\u2019Ex\u00e9cutif, entre tradition politique et r\u00e9alit\u00e9s constitutionnelles. Apr\u00e8s avoir \u00e9t\u00e9 officiellement investi et install\u00e9 dans ses fonctions de Pr\u00e9sident de la R\u00e9publique de Guin\u00e9e,\u00a0 Mamadi Doumbouya pourrait recevoir, dans les prochaines heures ou jours, la d\u00e9mission du gouvernement conduit par Amadou Oury [&hellip;]<\/p>\n","protected":false},"author":2,"featured_media":7178,"comment_status":"closed","ping_status":"closed","sticky":false,"template":"","format":"standard","meta":{"_jetpack_memberships_contains_paid_content":false,"footnotes":"","jetpack_publicize_message":"","jetpack_publicize_feature_enabled":true,"jetpack_social_post_already_shared":true,"jetpack_social_options":{"image_generator_settings":{"template":"highway","default_image_id":0,"font":"","enabled":false},"version":2}},"categories":[24,27],"tags":[1471],"class_list":{"0":"post-7177","1":"post","2":"type-post","3":"status-publish","4":"format-standard","5":"has-post-thumbnail","7":"category-news","8":"category-politique","9":"tag-demission-du-gouvernement"},"jetpack_publicize_connections":[],"jetpack_featured_media_url":"https:\/\/ledenonciateur224.com\/wp-content\/uploads\/2026\/01\/gouvernement-gn-2025.jpg","jetpack_sharing_enabled":true,"_links":{"self":[{"href":"https:\/\/ledenonciateur224.com\/index.php\/wp-json\/wp\/v2\/posts\/7177","targetHints":{"allow":["GET"]}}],"collection":[{"href":"https:\/\/ledenonciateur224.com\/index.php\/wp-json\/wp\/v2\/posts"}],"about":[{"href":"https:\/\/ledenonciateur224.com\/index.php\/wp-json\/wp\/v2\/types\/post"}],"author":[{"embeddable":true,"href":"https:\/\/ledenonciateur224.com\/index.php\/wp-json\/wp\/v2\/users\/2"}],"replies":[{"embeddable":true,"href":"https:\/\/ledenonciateur224.com\/index.php\/wp-json\/wp\/v2\/comments?post=7177"}],"version-history":[{"count":1,"href":"https:\/\/ledenonciateur224.com\/index.php\/wp-json\/wp\/v2\/posts\/7177\/revisions"}],"predecessor-version":[{"id":7179,"href":"https:\/\/ledenonciateur224.com\/index.php\/wp-json\/wp\/v2\/posts\/7177\/revisions\/7179"}],"wp:featuredmedia":[{"embeddable":true,"href":"https:\/\/ledenonciateur224.com\/index.php\/wp-json\/wp\/v2\/media\/7178"}],"wp:attachment":[{"href":"https:\/\/ledenonciateur224.com\/index.php\/wp-json\/wp\/v2\/media?parent=7177"}],"wp:term":[{"taxonomy":"category","embeddable":true,"href":"https:\/\/ledenonciateur224.com\/index.php\/wp-json\/wp\/v2\/categories?post=7177"},{"taxonomy":"post_tag","embeddable":true,"href":"https:\/\/ledenonciateur224.com\/index.php\/wp-json\/wp\/v2\/tags?post=7177"}],"curies":[{"name":"wp","href":"https:\/\/api.w.org\/{rel}","templated":true}]}}