{"id":7190,"date":"2026-01-20T16:36:16","date_gmt":"2026-01-20T16:36:16","guid":{"rendered":"https:\/\/ledenonciateur224.com\/?p=7190"},"modified":"2026-01-20T16:36:16","modified_gmt":"2026-01-20T16:36:16","slug":"fin-dexil-pour-paul-henri-damiba-lancien-chef-de-la-transition-burkinabe-expulse-du-togo-vers-ouagadougou","status":"publish","type":"post","link":"https:\/\/ledenonciateur224.com\/index.php\/fin-dexil-pour-paul-henri-damiba-lancien-chef-de-la-transition-burkinabe-expulse-du-togo-vers-ouagadougou\/","title":{"rendered":"Fin d\u2019exil pour Paul-Henri Damiba : l\u2019ancien chef de la transition burkinab\u00e8 expuls\u00e9 du Togo vers Ouagadougou"},"content":{"rendered":"<p>L\u2019exil togolais de Paul-Henri Sandaogo Damiba a pris fin. L\u2019ancien pr\u00e9sident de la transition du Burkina Faso, r\u00e9fugi\u00e9 au Togo depuis octobre 2022, a \u00e9t\u00e9 expuls\u00e9 de Lom\u00e9 vers son pays d\u2019origine ce samedi 17 janvier 2026, selon plusieurs sources concordantes.<br \/>\nInstall\u00e9 jusque-l\u00e0 dans le complexe ultra-s\u00e9curis\u00e9 des \u00ab Six villas \u00bb, sous \u00e9troite surveillance des autorit\u00e9s togolaises, le lieutenant-colonel Damiba vivait en retrait depuis sa chute du pouvoir. Son retour forc\u00e9 intervient dans un contexte de fortes tensions politiques et s\u00e9curitaires au Burkina Faso.<br \/>\nLe pouvoir en place \u00e0 Ouagadougou, dirig\u00e9 par le capitaine Ibrahim Traor\u00e9, accuse l\u2019ancien chef de la transition d\u2019avoir \u00e9t\u00e9 impliqu\u00e9 dans une tentative de d\u00e9stabilisation du r\u00e9gime survenue le 3 janvier 2026. Des accusations graves qui ont conduit les autorit\u00e9s burkinab\u00e8 \u00e0 formuler une demande officielle d\u2019extradition.<br \/>\nD\u2019apr\u00e8s des informations rapport\u00e9es par RFI, c\u2019est le vendredi 16 janvier que Paul-Henri Damiba a \u00e9t\u00e9 extrait de sa villa situ\u00e9e dans le quartier Lom\u00e9 2 pour \u00eatre conduit devant la Cour d\u2019appel de Lom\u00e9. \u00c0 l\u2019issue de l\u2019audience, un magistrat togolais a donn\u00e9 suite \u00e0 la requ\u00eate burkinab\u00e8, ouvrant ainsi la voie \u00e0 son expulsion. Peu apr\u00e8s la d\u00e9cision judiciaire, certains de ses effets personnels lui ont \u00e9t\u00e9 remis depuis le complexe des \u00ab Six villas \u00bb.<br \/>\nConsid\u00e9r\u00e9 par les autorit\u00e9s burkinab\u00e8 comme une menace potentielle \u00e0 la stabilit\u00e9 du r\u00e9gime r\u00e9volutionnaire en place, l\u2019ancien chef de la transition faisait l\u2019objet d\u2019une surveillance constante depuis son arriv\u00e9e au Togo.<\/p>\n<p>\u00c0 l\u2019heure actuelle, ni le gouvernement togolais ni celui du Burkina Faso n\u2019ont officiellement communiqu\u00e9 sur cette extradition, pas plus que sur la destination finale ou les conditions de d\u00e9tention de Paul-Henri Sandaogo Damiba, laissant planer de nombreuses interrogations sur la suite de cette affaire hautement sensible.<\/p>\n<p>&nbsp;<\/p>\n<p>Ledenonciateur224.com<\/p>\n","protected":false},"excerpt":{"rendered":"<p>L\u2019exil togolais de Paul-Henri Sandaogo Damiba a pris fin. L\u2019ancien pr\u00e9sident de la transition du Burkina Faso, r\u00e9fugi\u00e9 au Togo depuis octobre 2022, a \u00e9t\u00e9 expuls\u00e9 de Lom\u00e9 vers son pays d\u2019origine ce samedi 17 janvier 2026, selon plusieurs sources concordantes. Install\u00e9 jusque-l\u00e0 dans le complexe ultra-s\u00e9curis\u00e9 des \u00ab Six villas \u00bb, sous \u00e9troite surveillance [&hellip;]<\/p>\n","protected":false},"author":2,"featured_media":7191,"comment_status":"closed","ping_status":"closed","sticky":false,"template":"","format":"standard","meta":{"_jetpack_memberships_contains_paid_content":false,"footnotes":"","jetpack_publicize_message":"","jetpack_publicize_feature_enabled":true,"jetpack_social_post_already_shared":true,"jetpack_social_options":{"image_generator_settings":{"template":"highway","default_image_id":0,"font":"","enabled":false},"version":2}},"categories":[38,24],"tags":[95],"class_list":{"0":"post-7190","1":"post","2":"type-post","3":"status-publish","4":"format-standard","5":"has-post-thumbnail","7":"category-international","8":"category-news","9":"tag-arrestation"},"jetpack_publicize_connections":[],"jetpack_featured_media_url":"https:\/\/ledenonciateur224.com\/wp-content\/uploads\/2026\/01\/jad20240717-ass-burkina-damiba-a-ibrahim-traore.jpg","jetpack_sharing_enabled":true,"_links":{"self":[{"href":"https:\/\/ledenonciateur224.com\/index.php\/wp-json\/wp\/v2\/posts\/7190","targetHints":{"allow":["GET"]}}],"collection":[{"href":"https:\/\/ledenonciateur224.com\/index.php\/wp-json\/wp\/v2\/posts"}],"about":[{"href":"https:\/\/ledenonciateur224.com\/index.php\/wp-json\/wp\/v2\/types\/post"}],"author":[{"embeddable":true,"href":"https:\/\/ledenonciateur224.com\/index.php\/wp-json\/wp\/v2\/users\/2"}],"replies":[{"embeddable":true,"href":"https:\/\/ledenonciateur224.com\/index.php\/wp-json\/wp\/v2\/comments?post=7190"}],"version-history":[{"count":1,"href":"https:\/\/ledenonciateur224.com\/index.php\/wp-json\/wp\/v2\/posts\/7190\/revisions"}],"predecessor-version":[{"id":7192,"href":"https:\/\/ledenonciateur224.com\/index.php\/wp-json\/wp\/v2\/posts\/7190\/revisions\/7192"}],"wp:featuredmedia":[{"embeddable":true,"href":"https:\/\/ledenonciateur224.com\/index.php\/wp-json\/wp\/v2\/media\/7191"}],"wp:attachment":[{"href":"https:\/\/ledenonciateur224.com\/index.php\/wp-json\/wp\/v2\/media?parent=7190"}],"wp:term":[{"taxonomy":"category","embeddable":true,"href":"https:\/\/ledenonciateur224.com\/index.php\/wp-json\/wp\/v2\/categories?post=7190"},{"taxonomy":"post_tag","embeddable":true,"href":"https:\/\/ledenonciateur224.com\/index.php\/wp-json\/wp\/v2\/tags?post=7190"}],"curies":[{"name":"wp","href":"https:\/\/api.w.org\/{rel}","templated":true}]}}