{"id":7196,"date":"2026-01-21T12:59:04","date_gmt":"2026-01-21T12:59:04","guid":{"rendered":"https:\/\/ledenonciateur224.com\/?p=7196"},"modified":"2026-01-21T12:59:04","modified_gmt":"2026-01-21T12:59:04","slug":"exile-au-togo-paul-henri-sandaogo-damiba-extrade-vers-le-burkina-faso","status":"publish","type":"post","link":"https:\/\/ledenonciateur224.com\/index.php\/exile-au-togo-paul-henri-sandaogo-damiba-extrade-vers-le-burkina-faso\/","title":{"rendered":"Exil\u00e9 au Togo, Paul-Henri Sandaogo Damiba extrad\u00e9 vers le Burkina Faso"},"content":{"rendered":"<p>Les autorit\u00e9s togolaises ont proc\u00e9d\u00e9 \u00e0 l\u2019extradition de Paul-Henri Sandaogo Damiba, ancien pr\u00e9sident de la transition burkinab\u00e8, vers le Burkina Faso, o\u00f9 il est d\u00e9sormais remis aux autorit\u00e9s judiciaires de son pays.<\/p>\n<p>L\u2019information, initialement r\u00e9v\u00e9l\u00e9e par des proches de l\u2019ex-putschiste, a \u00e9t\u00e9 officiellement confirm\u00e9e ce 20 janvier par le ministre togolais de la Justice et des Droits humains, Pac\u00f4me Adjourouvi, \u00e0 travers un communiqu\u00e9 rendu public par le gouvernement togolais.<br \/>\nSelon les autorit\u00e9s de Lom\u00e9, l\u2019extradition a eu lieu le 17 janvier dernier, mettant ainsi fin \u00e0 plusieurs ann\u00e9es d\u2019exil de Paul-Henri Sandaogo Damiba au Togo. La d\u00e9cision fait suite \u00e0 une demande formelle des autorit\u00e9s burkinab\u00e8, qui reprochent \u00e0 l\u2019ancien chef de la junte plusieurs chefs d\u2019accusation graves.<br \/>\nLe dossier d\u2019extradition \u00e9voque notamment des faits pr\u00e9sum\u00e9s de \u00ab d\u00e9tournement criminel de deniers publics, corruption, blanchiment de capitaux \u00bb, ainsi que \u00ab l\u2019incitation \u00e0 la commission de d\u00e9lits et de crimes \u00bb, ont pr\u00e9cis\u00e9 les autorit\u00e9s togolaises.<\/p>\n<p>Ancien lieutenant-colonel de l\u2019arm\u00e9e burkinab\u00e8, Paul-Henri Sandaogo Damiba s\u2019\u00e9tait empar\u00e9 du pouvoir le 24 janvier 2022, \u00e0 la t\u00eate d\u2019un groupe de soldats mutins, renversant le pr\u00e9sident \u00e9lu Roch Marc Christian Kabor\u00e9. Il sera lui-m\u00eame \u00e9vinc\u00e9 quelques mois plus tard, lors d\u2019un nouveau coup d\u2019\u00c9tat conduit par le capitaine Ibrahim Traor\u00e9.<\/p>\n<p>Cette extradition marque une \u00e9tape majeure dans les proc\u00e9dures judiciaires engag\u00e9es contre l\u2019ancien homme fort de Ouagadougou, et pourrait ouvrir la voie \u00e0 de nouvelles poursuites devant les juridictions burkinab\u00e8.<\/p>\n<p>&nbsp;<\/p>\n<p>Ledenonciateur224.com<\/p>\n","protected":false},"excerpt":{"rendered":"<p>Les autorit\u00e9s togolaises ont proc\u00e9d\u00e9 \u00e0 l\u2019extradition de Paul-Henri Sandaogo Damiba, ancien pr\u00e9sident de la transition burkinab\u00e8, vers le Burkina Faso, o\u00f9 il est d\u00e9sormais remis aux autorit\u00e9s judiciaires de son pays. L\u2019information, initialement r\u00e9v\u00e9l\u00e9e par des proches de l\u2019ex-putschiste, a \u00e9t\u00e9 officiellement confirm\u00e9e ce 20 janvier par le ministre togolais de la Justice et [&hellip;]<\/p>\n","protected":false},"author":2,"featured_media":7191,"comment_status":"closed","ping_status":"closed","sticky":false,"template":"","format":"standard","meta":{"_jetpack_memberships_contains_paid_content":false,"footnotes":"","jetpack_publicize_message":"","jetpack_publicize_feature_enabled":true,"jetpack_social_post_already_shared":true,"jetpack_social_options":{"image_generator_settings":{"template":"highway","default_image_id":0,"font":"","enabled":false},"version":2}},"categories":[38,24],"tags":[1473,1337,95],"class_list":{"0":"post-7196","1":"post","2":"type-post","3":"status-publish","4":"format-standard","5":"has-post-thumbnail","7":"category-international","8":"category-news","9":"tag-burkinabe","10":"tag-coup-detat","11":"tag-arrestation"},"jetpack_publicize_connections":[],"jetpack_featured_media_url":"https:\/\/ledenonciateur224.com\/wp-content\/uploads\/2026\/01\/jad20240717-ass-burkina-damiba-a-ibrahim-traore.jpg","jetpack_sharing_enabled":true,"_links":{"self":[{"href":"https:\/\/ledenonciateur224.com\/index.php\/wp-json\/wp\/v2\/posts\/7196","targetHints":{"allow":["GET"]}}],"collection":[{"href":"https:\/\/ledenonciateur224.com\/index.php\/wp-json\/wp\/v2\/posts"}],"about":[{"href":"https:\/\/ledenonciateur224.com\/index.php\/wp-json\/wp\/v2\/types\/post"}],"author":[{"embeddable":true,"href":"https:\/\/ledenonciateur224.com\/index.php\/wp-json\/wp\/v2\/users\/2"}],"replies":[{"embeddable":true,"href":"https:\/\/ledenonciateur224.com\/index.php\/wp-json\/wp\/v2\/comments?post=7196"}],"version-history":[{"count":1,"href":"https:\/\/ledenonciateur224.com\/index.php\/wp-json\/wp\/v2\/posts\/7196\/revisions"}],"predecessor-version":[{"id":7197,"href":"https:\/\/ledenonciateur224.com\/index.php\/wp-json\/wp\/v2\/posts\/7196\/revisions\/7197"}],"wp:featuredmedia":[{"embeddable":true,"href":"https:\/\/ledenonciateur224.com\/index.php\/wp-json\/wp\/v2\/media\/7191"}],"wp:attachment":[{"href":"https:\/\/ledenonciateur224.com\/index.php\/wp-json\/wp\/v2\/media?parent=7196"}],"wp:term":[{"taxonomy":"category","embeddable":true,"href":"https:\/\/ledenonciateur224.com\/index.php\/wp-json\/wp\/v2\/categories?post=7196"},{"taxonomy":"post_tag","embeddable":true,"href":"https:\/\/ledenonciateur224.com\/index.php\/wp-json\/wp\/v2\/tags?post=7196"}],"curies":[{"name":"wp","href":"https:\/\/api.w.org\/{rel}","templated":true}]}}