{"id":7201,"date":"2026-01-21T23:42:24","date_gmt":"2026-01-21T23:42:24","guid":{"rendered":"https:\/\/ledenonciateur224.com\/?p=7201"},"modified":"2026-01-21T23:42:24","modified_gmt":"2026-01-21T23:42:24","slug":"nzerekore-accueille-la-depouille-de-claude-pivi-la-region-sapprete-a-lui-rendre-un-dernier-hommage","status":"publish","type":"post","link":"https:\/\/ledenonciateur224.com\/index.php\/nzerekore-accueille-la-depouille-de-claude-pivi-la-region-sapprete-a-lui-rendre-un-dernier-hommage\/","title":{"rendered":"Nz\u00e9r\u00e9kor\u00e9 accueille la d\u00e9pouille de Claude PIVI : la r\u00e9gion s\u2019appr\u00eate \u00e0 lui rendre un dernier hommage"},"content":{"rendered":"<p>La d\u00e9pouille mortelle de Claude PIVI est arriv\u00e9e ce mercredi 21 janvier 2026 \u00e0 l\u2019a\u00e9roport de Konia Aviation de Nz\u00e9r\u00e9kor\u00e9, en provenance de Conakry, dans une atmosph\u00e8re empreinte de recueillement et d\u2019\u00e9motion.<br \/>\nLe corps du d\u00e9funt \u00e9tait accompagn\u00e9 d\u2019un responsable de la famille, du pr\u00e9sident des ressortissants de Macenta \u00e0 Conakry, ainsi que de deux filles de Claude PIVI. \u00c0 leur arriv\u00e9e, la d\u00e9l\u00e9gation a \u00e9t\u00e9 officiellement accueillie par les autorit\u00e9s administratives r\u00e9gionales de Nz\u00e9r\u00e9kor\u00e9, t\u00e9moignant de l\u2019importance accord\u00e9e \u00e0 cet \u00e9v\u00e9nement.<\/p>\n<p>Parmi les personnalit\u00e9s venues de la capitale figurait notamment le conseiller du Premier ministre charg\u00e9 des questions de sant\u00e9 et d\u2019hygi\u00e8ne publique, d\u00e9p\u00each\u00e9 pour repr\u00e9senter le Chef du gouvernement \u00e0 cette c\u00e9r\u00e9monie fun\u00e8bre.<br \/>\nApr\u00e8s l\u2019accomplissement des formalit\u00e9s d\u2019usage \u00e0 l\u2019a\u00e9roport, la d\u00e9pouille mortelle a \u00e9t\u00e9 transf\u00e9r\u00e9e \u00e0 l\u2019h\u00f4pital r\u00e9gional de Nz\u00e9r\u00e9kor\u00e9, o\u00f9 elle repose en attendant l\u2019organisation des obs\u00e8ques.<\/p>\n<p>Selon nos informations, la c\u00e9r\u00e9monie fun\u00e8bre est pr\u00e9vue pour le vendredi 23 janvier 2026 au pont Diani. Parents, amis, connaissances, autorit\u00e9s administratives et figures de la r\u00e9gion y sont attendus pour rendre un dernier hommage \u00e0 Claude PIVI, dont la disparition laisse un grand vide au sein de sa famille et de sa communaut\u00e9.<\/p>\n<p>&nbsp;<\/p>\n<p>Ledenonciateur224.com<\/p>\n","protected":false},"excerpt":{"rendered":"<p>La d\u00e9pouille mortelle de Claude PIVI est arriv\u00e9e ce mercredi 21 janvier 2026 \u00e0 l\u2019a\u00e9roport de Konia Aviation de Nz\u00e9r\u00e9kor\u00e9, en provenance de Conakry, dans une atmosph\u00e8re empreinte de recueillement et d\u2019\u00e9motion. Le corps du d\u00e9funt \u00e9tait accompagn\u00e9 d\u2019un responsable de la famille, du pr\u00e9sident des ressortissants de Macenta \u00e0 Conakry, ainsi que de deux [&hellip;]<\/p>\n","protected":false},"author":2,"featured_media":6989,"comment_status":"closed","ping_status":"closed","sticky":false,"template":"","format":"standard","meta":{"_jetpack_memberships_contains_paid_content":false,"footnotes":"","jetpack_publicize_message":"","jetpack_publicize_feature_enabled":true,"jetpack_social_post_already_shared":true,"jetpack_social_options":{"image_generator_settings":{"template":"highway","default_image_id":0,"font":"","enabled":false},"version":2}},"categories":[30,24,33],"tags":[1459],"class_list":{"0":"post-7201","1":"post","2":"type-post","3":"status-publish","4":"format-standard","5":"has-post-thumbnail","7":"category-faits-divers","8":"category-news","9":"category-region","10":"tag-colonel-claude-pivi"},"jetpack_publicize_connections":[],"jetpack_featured_media_url":"https:\/\/ledenonciateur224.com\/wp-content\/uploads\/2026\/01\/screenshot-20260106-213342-google-897x570-1.jpg","jetpack_sharing_enabled":true,"_links":{"self":[{"href":"https:\/\/ledenonciateur224.com\/index.php\/wp-json\/wp\/v2\/posts\/7201","targetHints":{"allow":["GET"]}}],"collection":[{"href":"https:\/\/ledenonciateur224.com\/index.php\/wp-json\/wp\/v2\/posts"}],"about":[{"href":"https:\/\/ledenonciateur224.com\/index.php\/wp-json\/wp\/v2\/types\/post"}],"author":[{"embeddable":true,"href":"https:\/\/ledenonciateur224.com\/index.php\/wp-json\/wp\/v2\/users\/2"}],"replies":[{"embeddable":true,"href":"https:\/\/ledenonciateur224.com\/index.php\/wp-json\/wp\/v2\/comments?post=7201"}],"version-history":[{"count":1,"href":"https:\/\/ledenonciateur224.com\/index.php\/wp-json\/wp\/v2\/posts\/7201\/revisions"}],"predecessor-version":[{"id":7202,"href":"https:\/\/ledenonciateur224.com\/index.php\/wp-json\/wp\/v2\/posts\/7201\/revisions\/7202"}],"wp:featuredmedia":[{"embeddable":true,"href":"https:\/\/ledenonciateur224.com\/index.php\/wp-json\/wp\/v2\/media\/6989"}],"wp:attachment":[{"href":"https:\/\/ledenonciateur224.com\/index.php\/wp-json\/wp\/v2\/media?parent=7201"}],"wp:term":[{"taxonomy":"category","embeddable":true,"href":"https:\/\/ledenonciateur224.com\/index.php\/wp-json\/wp\/v2\/categories?post=7201"},{"taxonomy":"post_tag","embeddable":true,"href":"https:\/\/ledenonciateur224.com\/index.php\/wp-json\/wp\/v2\/tags?post=7201"}],"curies":[{"name":"wp","href":"https:\/\/api.w.org\/{rel}","templated":true}]}}