{"id":7203,"date":"2026-01-22T09:25:03","date_gmt":"2026-01-22T09:25:03","guid":{"rendered":"https:\/\/ledenonciateur224.com\/?p=7203"},"modified":"2026-01-22T09:27:47","modified_gmt":"2026-01-22T09:27:47","slug":"tribune-par-alpha-bayo","status":"publish","type":"post","link":"https:\/\/ledenonciateur224.com\/index.php\/tribune-par-alpha-bayo\/","title":{"rendered":"Tribune: \u00a0\u00bb 5\u1d49 R\u00e9publique, nouveau d\u00e9part \u00ab\u00a0Par Alpha BAYO"},"content":{"rendered":"<p>L\u2019av\u00e8nement de la Cinqui\u00e8me R\u00e9publique marque un tournant historique pour notre nation, la R\u00e9publique de Guin\u00e9e. \u00c0 travers son discours d\u2019investiture, le Pr\u00e9sident de la R\u00e9publique, Son Excellence Mamady Doumbouya, a donn\u00e9 une orientation claire \u00e0 son mandat : un engagement solennel en faveur des femmes et de la jeunesse, plac\u00e9 sous le sceau du travail, de la rigueur et de la responsabilit\u00e9, tout en r\u00e9affirmant sa main tendue \u00e0 toutes les Guin\u00e9ennes et \u00e0 tous les Guin\u00e9ens, sans exclusion.<\/p>\n<p>Ce message d\u2019unit\u00e9 nationale doit \u00eatre entendu, compris et surtout accompagn\u00e9 par des actes forts. Les d\u00e9fis qui attendent le Nouveau Pr\u00e9sident de la Cinqui\u00e8me R\u00e9publique sont immenses. Ils appellent \u00e0 une mobilisation collective, car aucun homme, aussi d\u00e9termin\u00e9 soit-il, ne peut \u00e0 lui seul transformer une nation. Chaque Guin\u00e9en, \u00e0 son niveau, doit contribuer \u00e0 la r\u00e9ussite de ce mandat afin de propulser la Guin\u00e9e vers l\u2019\u00e9mergence. Oui, c\u2019est possible, car notre pays regorge de ressources humaines comp\u00e9tentes, des ressources naturelles et culturelles capables de soutenir cette ambition.<\/p>\n<p>L\u2019\u00e9lection du Pr\u00e9sident de la R\u00e9publique met d\u00e9finitivement fin \u00e0 une transition qui aura dur\u00e9 quatre ann\u00e9es. Cette page d\u00e9sormais tourn\u00e9e, le peuple guin\u00e9en attend des signaux forts pour apaiser les tensions, restaurer la confiance et rapprocher les positions. La r\u00e9conciliation nationale ne doit pas rester un slogan, elle doit devenir une r\u00e9alit\u00e9 v\u00e9cue et partag\u00e9e.<\/p>\n<p>C\u2019est dans cet esprit que je recommande solennellement aux acteurs sociopolitiques de r\u00e9pondre favorablement \u00e0 la main tendue de son Excellence Monsieur le Pr\u00e9sident de la R\u00e9publique Mamady Doumbouya. L\u2019heure n\u2019est plus \u00e0 la confrontation permanente, mais \u00e0 la responsabilit\u00e9 historique. La Guin\u00e9e, notre nation a besoin de stabilit\u00e9 politique, de dialogue sinc\u00e8re et d\u2019un consensus minimal autour de l\u2019essentiel : la paix, le d\u00e9veloppement et la dignit\u00e9 des citoyens.<\/p>\n<p>Le gouvernement qui sera mis en place devra imp\u00e9rativement r\u00e9pondre aux attentes l\u00e9gitimes du peuple. Il ne saurait \u00eatre un gouvernement de r\u00e9compense, mais un gouvernement de mission. Sa composition doit reposer exclusivement sur des crit\u00e8res de comp\u00e9tence, de m\u00e9rite, d\u2019int\u00e9grit\u00e9 et d\u2019efficacit\u00e9, afin de relever les d\u00e9fis complexes auxquels notre pays est confront\u00e9.<\/p>\n<p>Il est important de rappeler que Son Excellence Mamady Doumbouya est d\u00e9sormais le Pr\u00e9sident des quatorze millions de Guin\u00e9ennes et de Guin\u00e9ens, y compris de ceux qui n\u2019ont pas port\u00e9 leur suffrage sur sa personne. Cette posture r\u00e9publicaine impose une gouvernance inclusive, respectueuse des diff\u00e9rences et orient\u00e9e vers l\u2019int\u00e9r\u00eat g\u00e9n\u00e9ral.<\/p>\n<p>Pour r\u00e9ussir ce mandat, plusieurs d\u00e9fis majeurs doivent \u00eatre amorc\u00e9s avec courage et d\u00e9termination: l\u2019instauration effective de la bonne gouvernance, la lutte implacable contre la corruption et l\u2019impunit\u00e9, la r\u00e9forme de l\u2019administration publique pour plus d\u2019efficacit\u00e9 et de transparence, la promotion de l\u2019emploi des jeunes et de l\u2019autonomisation des femmes , l\u2019am\u00e9lioration du syst\u00e8me \u00e9ducatif et de la formation professionnelle, le renforcement de la justice et de l\u2019\u00c9tat de droit, la transformation locale de nos ressources naturelles pour une croissance inclusive.<\/p>\n<p>\u00c0 cet effet, je plaide \u00e9galement pour une rationalisation de l\u2019architecture gouvernementale. La r\u00e9duction du nombre de d\u00e9partements minist\u00e9riels permettrait plus de coh\u00e9rence et d\u2019efficacit\u00e9 dans l\u2019action publique. La cr\u00e9ation de minist\u00e8res d\u2019\u00c9tat strat\u00e9giques est une piste pertinente. \u00c0 titre d\u2019exemple, un Minist\u00e8re d\u2019\u00c9tat de l\u2019Enseignement g\u00e9n\u00e9ral pourrait regrouper l\u2019enseignement pr\u00e9-universitaire, l\u2019enseignement sup\u00e9rieur, ainsi que l\u2019enseignement technique et professionnel, afin d\u2019assurer une vision globale, coh\u00e9rente et adapt\u00e9e aux besoins du march\u00e9 du travail.<\/p>\n<p>La Cinqui\u00e8me R\u00e9publique doit \u00eatre celle de la rupture avec les pratiques du pass\u00e9, mais aussi celle de l\u2019espoir renouvel\u00e9. Elle doit incarner un nouveau d\u00e9part fond\u00e9 sur la confiance, la comp\u00e9tence et l\u2019engagement patriotique.<\/p>\n<p>La Guin\u00e9e m\u00e9rite mieux. Ensemble, faisons de ce mandat une r\u00e9ussite collective et historique.<\/p>\n<p>&nbsp;<\/p>\n<p>ALPHA BAYO<\/p>\n","protected":false},"excerpt":{"rendered":"<p>L\u2019av\u00e8nement de la Cinqui\u00e8me R\u00e9publique marque un tournant historique pour notre nation, la R\u00e9publique de Guin\u00e9e. \u00c0 travers son discours d\u2019investiture, le Pr\u00e9sident de la R\u00e9publique, Son Excellence Mamady Doumbouya, a donn\u00e9 une orientation claire \u00e0 son mandat : un engagement solennel en faveur des femmes et de la jeunesse, plac\u00e9 sous le sceau du [&hellip;]<\/p>\n","protected":false},"author":2,"featured_media":7204,"comment_status":"closed","ping_status":"closed","sticky":false,"template":"","format":"standard","meta":{"_jetpack_memberships_contains_paid_content":false,"footnotes":"","jetpack_publicize_message":"","jetpack_publicize_feature_enabled":true,"jetpack_social_post_already_shared":true,"jetpack_social_options":{"image_generator_settings":{"template":"highway","default_image_id":0,"font":"","enabled":false},"version":2}},"categories":[30,24],"tags":[1475,73],"class_list":{"0":"post-7203","1":"post","2":"type-post","3":"status-publish","4":"format-standard","5":"has-post-thumbnail","7":"category-faits-divers","8":"category-news","9":"tag-5eme-republique","10":"tag-alpha-bayo"},"jetpack_publicize_connections":[],"jetpack_featured_media_url":"https:\/\/ledenonciateur224.com\/wp-content\/uploads\/2026\/01\/img-20260122-wa0007.jpg","jetpack_sharing_enabled":true,"_links":{"self":[{"href":"https:\/\/ledenonciateur224.com\/index.php\/wp-json\/wp\/v2\/posts\/7203","targetHints":{"allow":["GET"]}}],"collection":[{"href":"https:\/\/ledenonciateur224.com\/index.php\/wp-json\/wp\/v2\/posts"}],"about":[{"href":"https:\/\/ledenonciateur224.com\/index.php\/wp-json\/wp\/v2\/types\/post"}],"author":[{"embeddable":true,"href":"https:\/\/ledenonciateur224.com\/index.php\/wp-json\/wp\/v2\/users\/2"}],"replies":[{"embeddable":true,"href":"https:\/\/ledenonciateur224.com\/index.php\/wp-json\/wp\/v2\/comments?post=7203"}],"version-history":[{"count":2,"href":"https:\/\/ledenonciateur224.com\/index.php\/wp-json\/wp\/v2\/posts\/7203\/revisions"}],"predecessor-version":[{"id":7207,"href":"https:\/\/ledenonciateur224.com\/index.php\/wp-json\/wp\/v2\/posts\/7203\/revisions\/7207"}],"wp:featuredmedia":[{"embeddable":true,"href":"https:\/\/ledenonciateur224.com\/index.php\/wp-json\/wp\/v2\/media\/7204"}],"wp:attachment":[{"href":"https:\/\/ledenonciateur224.com\/index.php\/wp-json\/wp\/v2\/media?parent=7203"}],"wp:term":[{"taxonomy":"category","embeddable":true,"href":"https:\/\/ledenonciateur224.com\/index.php\/wp-json\/wp\/v2\/categories?post=7203"},{"taxonomy":"post_tag","embeddable":true,"href":"https:\/\/ledenonciateur224.com\/index.php\/wp-json\/wp\/v2\/tags?post=7203"}],"curies":[{"name":"wp","href":"https:\/\/api.w.org\/{rel}","templated":true}]}}