{"id":721,"date":"2024-12-30T23:50:20","date_gmt":"2024-12-30T23:50:20","guid":{"rendered":"https:\/\/ledenonciateur224.com\/?p=721"},"modified":"2024-12-30T23:50:20","modified_gmt":"2024-12-30T23:50:20","slug":"aliou-bah-envoye-en-prison-lobjectif-est-de-le-faire-taire-selon-son-avocat-me-almamy-samory-traore","status":"publish","type":"post","link":"https:\/\/ledenonciateur224.com\/index.php\/aliou-bah-envoye-en-prison-lobjectif-est-de-le-faire-taire-selon-son-avocat-me-almamy-samory-traore\/","title":{"rendered":"Aliou Bah envoy\u00e9 en prison : \u00ab L\u2019objectif est de le faire taire \u00bb, selon son avocat Me Almamy Samory Traor\u00e9"},"content":{"rendered":"<div dir=\"auto\">Apr\u00e8s la d\u00e9cision du procureur de placer Aliou Bah sous mandat de d\u00e9p\u00f4t pour \u00ab offense au chef de l&rsquo;\u00c9tat \u00bb et autres infractions, son avocat, Me Almamy Samory Traor\u00e9, d\u00e9nonce une tentative de faire taire le seul opposant politique \u00e0 s\u2019exprimer librement sur la gestion de la transition. Le proc\u00e8s est pr\u00e9vu pour demain devant le TPI de Kaloum.<\/div>\n<div dir=\"auto\"><\/div>\n<div dir=\"auto\"><\/div>\n<div dir=\"auto\">Suite \u00e0 l&rsquo;incarc\u00e9ration d&rsquo;Aliou Bah, pr\u00e9sident du Mouvement D\u00e9mocratique Lib\u00e9ral (MODEL), plac\u00e9e sous mandat de d\u00e9p\u00f4t \u00e0 la maison centrale de Conakry ce lundi 30 d\u00e9cembre 2024, son avocat, Me Almamy Samory Traor\u00e9, a vivement r\u00e9agi. \u00c0 sa sortie du parquet de Kaloum, il a d\u00e9nonc\u00e9 ce qu&rsquo;il consid\u00e8re comme une tentative d\u00e9lib\u00e9r\u00e9e de faire taire leur client. Selon l&rsquo;avocat, l&rsquo;incarc\u00e9ration d&rsquo;Aliou Bah ne vise qu&rsquo;\u00e0 r\u00e9duire au silence un homme qui, selon lui, repr\u00e9sente la voix des citoyens d\u00e9sireux de justice et de libert\u00e9.<\/div>\n<div dir=\"auto\"><\/div>\n<div dir=\"auto\"><\/div>\n<div dir=\"auto\">\u00ab L&rsquo;objectif est en r\u00e9alit\u00e9 de le faire taire. Aliou Bah est aujourd&rsquo;hui le seul acteur politique qui ose prendre la parole et dire ce que pensent les citoyens \u00e9pris de paix et de justice, ceux qui aspirent \u00e0 la libert\u00e9. Il n&rsquo;a fait que rappeler aux autorit\u00e9s les engagements qu&rsquo;elles ont pris et qu&rsquo;elles sont tenues de respecter \u00bb, a affirm\u00e9 Me Almamy Samory Traor\u00e9. L&rsquo;avocat a ajout\u00e9 qu&rsquo;ils n&rsquo;\u00e9taient pas surpris par la d\u00e9cision du procureur et qu&rsquo;ils comptaient d\u00e9montrer, lors du proc\u00e8s, que les accusations port\u00e9es contre leur client sont infond\u00e9es.<\/div>\n<div dir=\"auto\"><\/div>\n<div dir=\"auto\"><\/div>\n<div dir=\"auto\"><\/div>\n<div dir=\"auto\">Me Traor\u00e9 a \u00e9galement soulign\u00e9 que cette d\u00e9cision vise \u00e0 limiter la libert\u00e9 d&rsquo;expression et \u00e0 museler toute critique de la gestion actuelle de la transition. \u00ab Si l&rsquo;on doit interdire aux acteurs politiques de critiquer l\u2019action gouvernementale, Aliou Bah ne fait que rappeler aux autorit\u00e9s leurs engagements. Nous sommes convaincus que devant un juge ind\u00e9pendant, ces accusations s&rsquo;effondreront, et nous obtiendrons sa mise en libert\u00e9 \u00bb, a-t-il promis.<\/div>\n<div dir=\"auto\"><\/div>\n<div dir=\"auto\"><\/div>\n<div dir=\"auto\">L&rsquo;ouverture du proc\u00e8s est pr\u00e9vue pour demain devant le Tribunal de Premi\u00e8re Instance (TPI) de Kaloum. L&rsquo;affaire, qui suscite de vives r\u00e9actions, pourrait bien marquer un tournant dans le climat politique du pays.<\/div>\n<div dir=\"auto\"><\/div>\n<div dir=\"auto\"><\/div>\n<div dir=\"auto\"><\/div>\n<div dir=\"auto\"><\/div>\n<div dir=\"auto\">Mohamed Aboubacar Camara<\/div>\n","protected":false},"excerpt":{"rendered":"<p>Apr\u00e8s la d\u00e9cision du procureur de placer Aliou Bah sous mandat de d\u00e9p\u00f4t pour \u00ab offense au chef de l&rsquo;\u00c9tat \u00bb et autres infractions, son avocat, Me Almamy Samory Traor\u00e9, d\u00e9nonce une tentative de faire taire le seul opposant politique \u00e0 s\u2019exprimer librement sur la gestion de la transition. Le proc\u00e8s est pr\u00e9vu pour demain [&hellip;]<\/p>\n","protected":false},"author":2,"featured_media":722,"comment_status":"open","ping_status":"open","sticky":false,"template":"","format":"standard","meta":{"_jetpack_memberships_contains_paid_content":false,"footnotes":"","jetpack_publicize_message":"","jetpack_publicize_feature_enabled":true,"jetpack_social_post_already_shared":false,"jetpack_social_options":{"image_generator_settings":{"template":"highway","default_image_id":0,"font":"","enabled":false},"version":2}},"categories":[30,24,27],"tags":[140,36,35,160],"class_list":{"0":"post-721","1":"post","2":"type-post","3":"status-publish","4":"format-standard","5":"has-post-thumbnail","7":"category-faits-divers","8":"category-news","9":"category-politique","10":"tag-aliou-bah","11":"tag-conakry","12":"tag-guinee","13":"tag-maison-centrale"},"jetpack_publicize_connections":[],"jetpack_featured_media_url":"https:\/\/ledenonciateur224.com\/wp-content\/uploads\/2024\/12\/img-20241230-wa0129.jpg","jetpack_sharing_enabled":true,"_links":{"self":[{"href":"https:\/\/ledenonciateur224.com\/index.php\/wp-json\/wp\/v2\/posts\/721","targetHints":{"allow":["GET"]}}],"collection":[{"href":"https:\/\/ledenonciateur224.com\/index.php\/wp-json\/wp\/v2\/posts"}],"about":[{"href":"https:\/\/ledenonciateur224.com\/index.php\/wp-json\/wp\/v2\/types\/post"}],"author":[{"embeddable":true,"href":"https:\/\/ledenonciateur224.com\/index.php\/wp-json\/wp\/v2\/users\/2"}],"replies":[{"embeddable":true,"href":"https:\/\/ledenonciateur224.com\/index.php\/wp-json\/wp\/v2\/comments?post=721"}],"version-history":[{"count":0,"href":"https:\/\/ledenonciateur224.com\/index.php\/wp-json\/wp\/v2\/posts\/721\/revisions"}],"wp:featuredmedia":[{"embeddable":true,"href":"https:\/\/ledenonciateur224.com\/index.php\/wp-json\/wp\/v2\/media\/722"}],"wp:attachment":[{"href":"https:\/\/ledenonciateur224.com\/index.php\/wp-json\/wp\/v2\/media?parent=721"}],"wp:term":[{"taxonomy":"category","embeddable":true,"href":"https:\/\/ledenonciateur224.com\/index.php\/wp-json\/wp\/v2\/categories?post=721"},{"taxonomy":"post_tag","embeddable":true,"href":"https:\/\/ledenonciateur224.com\/index.php\/wp-json\/wp\/v2\/tags?post=721"}],"curies":[{"name":"wp","href":"https:\/\/api.w.org\/{rel}","templated":true}]}}