{"id":7214,"date":"2026-01-22T19:05:29","date_gmt":"2026-01-22T19:05:29","guid":{"rendered":"https:\/\/ledenonciateur224.com\/?p=7214"},"modified":"2026-01-22T19:05:29","modified_gmt":"2026-01-22T19:05:29","slug":"guinee-le-gouvernement-de-transition-remet-sa-demission-au-president-doumbouya","status":"publish","type":"post","link":"https:\/\/ledenonciateur224.com\/index.php\/guinee-le-gouvernement-de-transition-remet-sa-demission-au-president-doumbouya\/","title":{"rendered":"Guin\u00e9e : le gouvernement de transition remet sa d\u00e9mission au pr\u00e9sident Doumbouya"},"content":{"rendered":"<p><span style=\"color: #333333;font-family: helvetica neue, helvetica, roboto, arial, sans-serif\">Le gouvernement de la transition, conduit par le Premier ministre Amadou Oury Bah, a officiellement pr\u00e9sent\u00e9 sa d\u00e9mission au Pr\u00e9sident de la R\u00e9publique, le G\u00e9n\u00e9ral Mamadi Doumbouya, ce jeudi 22 janvier 2026. Un acte institutionnel majeur qui marque une nouvelle \u00e9tape dans le processus de transition en cours.<\/span><\/p>\n<p><span style=\"color: #333333;font-family: helvetica neue, helvetica, roboto, arial, sans-serif\">Le Chef de l\u2019\u00c9tat a accept\u00e9 cette d\u00e9mission, rappelant qu\u2019elle s\u2019inscrit dans le respect de l\u2019int\u00e9r\u00eat sup\u00e9rieur de la Nation et des engagements pris envers le peuple guin\u00e9en. Cette d\u00e9cision ouvre la voie \u00e0 une recomposition de l\u2019ex\u00e9cutif, dans un contexte o\u00f9 les attentes restent fortes en mati\u00e8re de gouvernance, de r\u00e9formes et de stabilit\u00e9 politique.<\/span><\/p>\n<p>Ledenonciateur224.com<\/p>\n","protected":false},"excerpt":{"rendered":"<p>Le gouvernement de la transition, conduit par le Premier ministre Amadou Oury Bah, a officiellement pr\u00e9sent\u00e9 sa d\u00e9mission au Pr\u00e9sident de la R\u00e9publique, le G\u00e9n\u00e9ral Mamadi Doumbouya, ce jeudi 22 janvier 2026. Un acte institutionnel majeur qui marque une nouvelle \u00e9tape dans le processus de transition en cours. Le Chef de l\u2019\u00c9tat a accept\u00e9 cette [&hellip;]<\/p>\n","protected":false},"author":2,"featured_media":7215,"comment_status":"closed","ping_status":"closed","sticky":false,"template":"","format":"standard","meta":{"_jetpack_memberships_contains_paid_content":false,"footnotes":"","jetpack_publicize_message":"","jetpack_publicize_feature_enabled":true,"jetpack_social_post_already_shared":true,"jetpack_social_options":{"image_generator_settings":{"template":"highway","default_image_id":0,"font":"","enabled":false},"version":2}},"categories":[24,27],"tags":[1471],"class_list":{"0":"post-7214","1":"post","2":"type-post","3":"status-publish","4":"format-standard","5":"has-post-thumbnail","7":"category-news","8":"category-politique","9":"tag-demission-du-gouvernement"},"jetpack_publicize_connections":[],"jetpack_featured_media_url":"https:\/\/ledenonciateur224.com\/wp-content\/uploads\/2026\/01\/img-6521.jpeg","jetpack_sharing_enabled":true,"_links":{"self":[{"href":"https:\/\/ledenonciateur224.com\/index.php\/wp-json\/wp\/v2\/posts\/7214","targetHints":{"allow":["GET"]}}],"collection":[{"href":"https:\/\/ledenonciateur224.com\/index.php\/wp-json\/wp\/v2\/posts"}],"about":[{"href":"https:\/\/ledenonciateur224.com\/index.php\/wp-json\/wp\/v2\/types\/post"}],"author":[{"embeddable":true,"href":"https:\/\/ledenonciateur224.com\/index.php\/wp-json\/wp\/v2\/users\/2"}],"replies":[{"embeddable":true,"href":"https:\/\/ledenonciateur224.com\/index.php\/wp-json\/wp\/v2\/comments?post=7214"}],"version-history":[{"count":1,"href":"https:\/\/ledenonciateur224.com\/index.php\/wp-json\/wp\/v2\/posts\/7214\/revisions"}],"predecessor-version":[{"id":7216,"href":"https:\/\/ledenonciateur224.com\/index.php\/wp-json\/wp\/v2\/posts\/7214\/revisions\/7216"}],"wp:featuredmedia":[{"embeddable":true,"href":"https:\/\/ledenonciateur224.com\/index.php\/wp-json\/wp\/v2\/media\/7215"}],"wp:attachment":[{"href":"https:\/\/ledenonciateur224.com\/index.php\/wp-json\/wp\/v2\/media?parent=7214"}],"wp:term":[{"taxonomy":"category","embeddable":true,"href":"https:\/\/ledenonciateur224.com\/index.php\/wp-json\/wp\/v2\/categories?post=7214"},{"taxonomy":"post_tag","embeddable":true,"href":"https:\/\/ledenonciateur224.com\/index.php\/wp-json\/wp\/v2\/tags?post=7214"}],"curies":[{"name":"wp","href":"https:\/\/api.w.org\/{rel}","templated":true}]}}