{"id":7221,"date":"2026-01-22T19:35:58","date_gmt":"2026-01-22T19:35:58","guid":{"rendered":"https:\/\/ledenonciateur224.com\/?p=7221"},"modified":"2026-01-22T19:35:58","modified_gmt":"2026-01-22T19:35:58","slug":"guinee-le-president-de-la-republique-declare-ses-biens-aupres-de-la-cour-supreme","status":"publish","type":"post","link":"https:\/\/ledenonciateur224.com\/index.php\/guinee-le-president-de-la-republique-declare-ses-biens-aupres-de-la-cour-supreme\/","title":{"rendered":"Guin\u00e9e : Le Pr\u00e9sident de la R\u00e9publique d\u00e9clare ses biens aupr\u00e8s de la Cour supr\u00eame"},"content":{"rendered":"<p>L\ud835\uddf2 \ud835\udde3\ud835\uddff\ud835\uddf2\ud835\ude00\ud835\uddf6\ud835\uddf1\ud835\uddf2\ud835\uddfb\ud835\ude01 \ud835\uddf1\ud835\uddf2 \ud835\uddf9\ud835\uddee \ud835\udde5\ud835\uddf2\ud835\uddfd\ud835\ude02\ud835\uddef\ud835\uddf9\ud835\uddf6\ud835\uddfe\ud835\ude02\ud835\uddf2 \ud835\udde6\ud835\uddfc\ud835\uddfb \ud835\uddd8\ud835\ude05\ud835\uddf0\ud835\uddf2\ud835\uddf9\ud835\uddf9\ud835\uddf2\ud835\uddfb\ud835\uddf0\ud835\uddf2 \ud835\udde0\ud835\uddee\ud835\uddfa\ud835\uddee\ud835\uddf1\ud835\uddf6 \ud835\uddd7\ud835\udde2\ud835\udde8\ud835\udde0\ud835\uddd5\ud835\udde2\ud835\udde8\ud835\uddec\ud835\uddd4 \ud835\uddf1\ud835\uddf2\ud835\uddfd\ud835\uddfc\ud835\ude00\ud835\uddf2 \ud835\ude00\ud835\uddee \ud835\uddf1\u00e9\ud835\uddf0\ud835\uddf9\ud835\uddee\ud835\uddff\ud835\uddee\ud835\ude01\ud835\uddf6\ud835\uddfc\ud835\uddfb \ud835\uddf1\ud835\uddf2 \ud835\uddef\ud835\uddf6\ud835\uddf2\ud835\uddfb\ud835\ude00 \u00e0 \ud835\uddf9\ud835\uddee \ud835\uddd6\ud835\uddfc\ud835\ude02\ud835\uddff \ud835\ude00\ud835\ude02\ud835\uddfd\ud835\uddff\ud835\uddf2\ud835\uddfa\ud835\uddf2<\/p>\n<p>Conform\u00e9ment aux dispositions constitutionnelles en vigueur, le Pr\u00e9sident de la R\u00e9publique, Chef de l\u2019\u00c9tat, Commandant en Chef supr\u00eame des Forces arm\u00e9es, Son Excellence le Pr\u00e9sident Mamadi DOUMBOUYA, a proc\u00e9d\u00e9 ce jeudi 22 janvier 2026 au d\u00e9p\u00f4t officiel de sa d\u00e9claration de patrimoine aupr\u00e8s de la Cour supr\u00eame.<\/p>\n<p><img loading=\"lazy\" decoding=\"async\" class=\"alignnone size-full wp-image-7222\" src=\"https:\/\/ledenonciateur224.com\/wp-content\/uploads\/2026\/01\/fb-img-1769110167192.jpg\" alt=\"\" width=\"2048\" height=\"1490\" srcset=\"https:\/\/ledenonciateur224.com\/wp-content\/uploads\/2026\/01\/fb-img-1769110167192.jpg 2048w, https:\/\/ledenonciateur224.com\/wp-content\/uploads\/2026\/01\/fb-img-1769110167192-300x218.jpg 300w, https:\/\/ledenonciateur224.com\/wp-content\/uploads\/2026\/01\/fb-img-1769110167192-1024x745.jpg 1024w, https:\/\/ledenonciateur224.com\/wp-content\/uploads\/2026\/01\/fb-img-1769110167192-768x559.jpg 768w, https:\/\/ledenonciateur224.com\/wp-content\/uploads\/2026\/01\/fb-img-1769110167192-1536x1118.jpg 1536w, https:\/\/ledenonciateur224.com\/wp-content\/uploads\/2026\/01\/fb-img-1769110167192-150x109.jpg 150w, https:\/\/ledenonciateur224.com\/wp-content\/uploads\/2026\/01\/fb-img-1769110167192-696x506.jpg 696w, https:\/\/ledenonciateur224.com\/wp-content\/uploads\/2026\/01\/fb-img-1769110167192-1068x777.jpg 1068w, https:\/\/ledenonciateur224.com\/wp-content\/uploads\/2026\/01\/fb-img-1769110167192-1920x1397.jpg 1920w, https:\/\/ledenonciateur224.com\/wp-content\/uploads\/2026\/01\/fb-img-1769110167192-577x420.jpg 577w, https:\/\/ledenonciateur224.com\/wp-content\/uploads\/2026\/01\/fb-img-1769110167192-324x235.jpg 324w\" sizes=\"auto, (max-width: 2048px) 100vw, 2048px\" \/><br \/>\nCet acte intervient apr\u00e8s son investiture r\u00e9guli\u00e8re le 17 janvier 2026, et s\u2019inscrit strictement dans le respect de l\u2019article 60 de la Constitution, qui impose au Pr\u00e9sident de la R\u00e9publique l\u2019obligation de d\u00e9clarer ses biens dans un d\u00e9lai institutionnel de dix (10) jours apr\u00e8s son entr\u00e9e en fonction.<\/p>\n<p>DCI-PRG<\/p>\n","protected":false},"excerpt":{"rendered":"<p>L\ud835\uddf2 \ud835\udde3\ud835\uddff\ud835\uddf2\ud835\ude00\ud835\uddf6\ud835\uddf1\ud835\uddf2\ud835\uddfb\ud835\ude01 \ud835\uddf1\ud835\uddf2 \ud835\uddf9\ud835\uddee \ud835\udde5\ud835\uddf2\ud835\uddfd\ud835\ude02\ud835\uddef\ud835\uddf9\ud835\uddf6\ud835\uddfe\ud835\ude02\ud835\uddf2 \ud835\udde6\ud835\uddfc\ud835\uddfb \ud835\uddd8\ud835\ude05\ud835\uddf0\ud835\uddf2\ud835\uddf9\ud835\uddf9\ud835\uddf2\ud835\uddfb\ud835\uddf0\ud835\uddf2 \ud835\udde0\ud835\uddee\ud835\uddfa\ud835\uddee\ud835\uddf1\ud835\uddf6 \ud835\uddd7\ud835\udde2\ud835\udde8\ud835\udde0\ud835\uddd5\ud835\udde2\ud835\udde8\ud835\uddec\ud835\uddd4 \ud835\uddf1\ud835\uddf2\ud835\uddfd\ud835\uddfc\ud835\ude00\ud835\uddf2 \ud835\ude00\ud835\uddee \ud835\uddf1\u00e9\ud835\uddf0\ud835\uddf9\ud835\uddee\ud835\uddff\ud835\uddee\ud835\ude01\ud835\uddf6\ud835\uddfc\ud835\uddfb \ud835\uddf1\ud835\uddf2 \ud835\uddef\ud835\uddf6\ud835\uddf2\ud835\uddfb\ud835\ude00 \u00e0 \ud835\uddf9\ud835\uddee \ud835\uddd6\ud835\uddfc\ud835\ude02\ud835\uddff \ud835\ude00\ud835\ude02\ud835\uddfd\ud835\uddff\ud835\uddf2\ud835\uddfa\ud835\uddf2 Conform\u00e9ment aux dispositions constitutionnelles en vigueur, le Pr\u00e9sident de la R\u00e9publique, Chef de l\u2019\u00c9tat, Commandant en Chef supr\u00eame des Forces arm\u00e9es, Son Excellence le Pr\u00e9sident Mamadi DOUMBOUYA, a proc\u00e9d\u00e9 ce jeudi 22 janvier 2026 au d\u00e9p\u00f4t officiel [&hellip;]<\/p>\n","protected":false},"author":2,"featured_media":7223,"comment_status":"closed","ping_status":"closed","sticky":false,"template":"","format":"standard","meta":{"_jetpack_memberships_contains_paid_content":false,"footnotes":"","jetpack_publicize_message":"","jetpack_publicize_feature_enabled":true,"jetpack_social_post_already_shared":true,"jetpack_social_options":{"image_generator_settings":{"template":"highway","default_image_id":0,"font":"","enabled":false},"version":2}},"categories":[30,24,27],"tags":[1477,1199],"class_list":{"0":"post-7221","1":"post","2":"type-post","3":"status-publish","4":"format-standard","5":"has-post-thumbnail","7":"category-faits-divers","8":"category-news","9":"category-politique","10":"tag-biens-du-president","11":"tag-declaration"},"jetpack_publicize_connections":[],"jetpack_featured_media_url":"https:\/\/ledenonciateur224.com\/wp-content\/uploads\/2026\/01\/fb-img-1769110178310.jpg","jetpack_sharing_enabled":true,"_links":{"self":[{"href":"https:\/\/ledenonciateur224.com\/index.php\/wp-json\/wp\/v2\/posts\/7221","targetHints":{"allow":["GET"]}}],"collection":[{"href":"https:\/\/ledenonciateur224.com\/index.php\/wp-json\/wp\/v2\/posts"}],"about":[{"href":"https:\/\/ledenonciateur224.com\/index.php\/wp-json\/wp\/v2\/types\/post"}],"author":[{"embeddable":true,"href":"https:\/\/ledenonciateur224.com\/index.php\/wp-json\/wp\/v2\/users\/2"}],"replies":[{"embeddable":true,"href":"https:\/\/ledenonciateur224.com\/index.php\/wp-json\/wp\/v2\/comments?post=7221"}],"version-history":[{"count":1,"href":"https:\/\/ledenonciateur224.com\/index.php\/wp-json\/wp\/v2\/posts\/7221\/revisions"}],"predecessor-version":[{"id":7224,"href":"https:\/\/ledenonciateur224.com\/index.php\/wp-json\/wp\/v2\/posts\/7221\/revisions\/7224"}],"wp:featuredmedia":[{"embeddable":true,"href":"https:\/\/ledenonciateur224.com\/index.php\/wp-json\/wp\/v2\/media\/7223"}],"wp:attachment":[{"href":"https:\/\/ledenonciateur224.com\/index.php\/wp-json\/wp\/v2\/media?parent=7221"}],"wp:term":[{"taxonomy":"category","embeddable":true,"href":"https:\/\/ledenonciateur224.com\/index.php\/wp-json\/wp\/v2\/categories?post=7221"},{"taxonomy":"post_tag","embeddable":true,"href":"https:\/\/ledenonciateur224.com\/index.php\/wp-json\/wp\/v2\/tags?post=7221"}],"curies":[{"name":"wp","href":"https:\/\/api.w.org\/{rel}","templated":true}]}}