{"id":7225,"date":"2026-01-22T21:00:14","date_gmt":"2026-01-22T21:00:14","guid":{"rendered":"https:\/\/ledenonciateur224.com\/?p=7225"},"modified":"2026-01-22T21:00:14","modified_gmt":"2026-01-22T21:00:14","slug":"guinee-fin-de-mission-pour-le-premier-ministre-et-son-equipe","status":"publish","type":"post","link":"https:\/\/ledenonciateur224.com\/index.php\/guinee-fin-de-mission-pour-le-premier-ministre-et-son-equipe\/","title":{"rendered":"Guin\u00e9e : fin de mission pour le Premier ministre et son \u00e9quipe"},"content":{"rendered":"<p>Comme il l\u2019avait annonc\u00e9 quelques heures plus t\u00f4t, le pr\u00e9sident de la R\u00e9publique est pass\u00e9 \u00e0 l\u2019acte. Dans un d\u00e9cret solennel lu ce soir \u00e0 la t\u00e9l\u00e9vision nationale, le G\u00e9n\u00e9ral Mamadi Doumbouya a officiellement mis fin aux fonctions du Premier ministre ainsi qu\u2019\u00e0 celles de l\u2019ensemble des membres du Gouvernement.<\/p>\n<p>Dans la foul\u00e9e, un second d\u00e9cret pr\u00e9sidentiel a \u00e9t\u00e9 pris afin d\u2019assurer la continuit\u00e9 de l\u2019action de l\u2019\u00c9tat. Le Ministre Directeur de Cabinet de la Primature, le Directeur de Cabinet du Minist\u00e8re de la D\u00e9fense nationale, les Secr\u00e9taires g\u00e9n\u00e9raux des minist\u00e8res ainsi que les Secr\u00e9taires g\u00e9n\u00e9raux adjoints du Gouvernement et des Affaires religieuses ont \u00e9t\u00e9 charg\u00e9s d\u2019exp\u00e9dier les affaires courantes, en attendant la formation et la nomination d\u2019une nouvelle \u00e9quipe gouvernementale.<\/p>\n<p>&nbsp;<\/p>\n<p>Ledenonciateur224.com<\/p>\n","protected":false},"excerpt":{"rendered":"<p>Comme il l\u2019avait annonc\u00e9 quelques heures plus t\u00f4t, le pr\u00e9sident de la R\u00e9publique est pass\u00e9 \u00e0 l\u2019acte. Dans un d\u00e9cret solennel lu ce soir \u00e0 la t\u00e9l\u00e9vision nationale, le G\u00e9n\u00e9ral Mamadi Doumbouya a officiellement mis fin aux fonctions du Premier ministre ainsi qu\u2019\u00e0 celles de l\u2019ensemble des membres du Gouvernement. Dans la foul\u00e9e, un second [&hellip;]<\/p>\n","protected":false},"author":2,"featured_media":7226,"comment_status":"closed","ping_status":"closed","sticky":false,"template":"","format":"standard","meta":{"_jetpack_memberships_contains_paid_content":false,"footnotes":"","jetpack_publicize_message":"","jetpack_publicize_feature_enabled":true,"jetpack_social_post_already_shared":true,"jetpack_social_options":{"image_generator_settings":{"template":"highway","default_image_id":0,"font":"","enabled":false},"version":2}},"categories":[24,27],"tags":[579,1478],"class_list":{"0":"post-7225","1":"post","2":"type-post","3":"status-publish","4":"format-standard","5":"has-post-thumbnail","7":"category-news","8":"category-politique","9":"tag-decrets-du-chef-de-letat","10":"tag-gouvernement-dissout"},"jetpack_publicize_connections":[],"jetpack_featured_media_url":"https:\/\/ledenonciateur224.com\/wp-content\/uploads\/2026\/01\/mamadidoumbouya-ok-1.jpeg","jetpack_sharing_enabled":true,"_links":{"self":[{"href":"https:\/\/ledenonciateur224.com\/index.php\/wp-json\/wp\/v2\/posts\/7225","targetHints":{"allow":["GET"]}}],"collection":[{"href":"https:\/\/ledenonciateur224.com\/index.php\/wp-json\/wp\/v2\/posts"}],"about":[{"href":"https:\/\/ledenonciateur224.com\/index.php\/wp-json\/wp\/v2\/types\/post"}],"author":[{"embeddable":true,"href":"https:\/\/ledenonciateur224.com\/index.php\/wp-json\/wp\/v2\/users\/2"}],"replies":[{"embeddable":true,"href":"https:\/\/ledenonciateur224.com\/index.php\/wp-json\/wp\/v2\/comments?post=7225"}],"version-history":[{"count":1,"href":"https:\/\/ledenonciateur224.com\/index.php\/wp-json\/wp\/v2\/posts\/7225\/revisions"}],"predecessor-version":[{"id":7227,"href":"https:\/\/ledenonciateur224.com\/index.php\/wp-json\/wp\/v2\/posts\/7225\/revisions\/7227"}],"wp:featuredmedia":[{"embeddable":true,"href":"https:\/\/ledenonciateur224.com\/index.php\/wp-json\/wp\/v2\/media\/7226"}],"wp:attachment":[{"href":"https:\/\/ledenonciateur224.com\/index.php\/wp-json\/wp\/v2\/media?parent=7225"}],"wp:term":[{"taxonomy":"category","embeddable":true,"href":"https:\/\/ledenonciateur224.com\/index.php\/wp-json\/wp\/v2\/categories?post=7225"},{"taxonomy":"post_tag","embeddable":true,"href":"https:\/\/ledenonciateur224.com\/index.php\/wp-json\/wp\/v2\/tags?post=7225"}],"curies":[{"name":"wp","href":"https:\/\/api.w.org\/{rel}","templated":true}]}}