{"id":7228,"date":"2026-01-23T10:15:27","date_gmt":"2026-01-23T10:15:27","guid":{"rendered":"https:\/\/ledenonciateur224.com\/?p=7228"},"modified":"2026-01-23T10:15:27","modified_gmt":"2026-01-23T10:15:27","slug":"fin-de-la-parenthese-diplomatique-la-guinee-reintegre-officiellement-lunion-africaine","status":"publish","type":"post","link":"https:\/\/ledenonciateur224.com\/index.php\/fin-de-la-parenthese-diplomatique-la-guinee-reintegre-officiellement-lunion-africaine\/","title":{"rendered":"Fin de la parenth\u00e8se diplomatique : la Guin\u00e9e r\u00e9int\u00e8gre officiellement l\u2019Union africaine"},"content":{"rendered":"<p>Suspendue de l\u2019Union africaine depuis le coup d\u2019\u00c9tat du 5 septembre 2021, la R\u00e9publique de Guin\u00e9e signe officiellement son retour au sein de l\u2019organisation continentale. L\u2019annonce a \u00e9t\u00e9 faite ce jeudi 22 janvier 2026 \u00e0 Addis-Abeba par le ministre des Affaires \u00e9trang\u00e8res, de l\u2019Int\u00e9gration africaine et des Guin\u00e9ens \u00e9tablis \u00e0 l\u2019\u00e9tranger, Dr Morissanda Kouyat\u00e9.<br \/>\nS\u2019exprimant avec enthousiasme, le chef de la diplomatie guin\u00e9enne a salu\u00e9 une d\u00e9cision majeure pour le pays et pour l\u2019Afrique :<br \/>\n\u00ab Sous le leadership du Pr\u00e9sident de la R\u00e9publique, le G\u00e9n\u00e9ral Mamadi Doumbouya, la Guin\u00e9e fait son retour plein et entier au sein de l\u2019Union africaine ce 22 janvier 2026 \u00e0 Addis-Abeba \u00bb, a-t-il d\u00e9clar\u00e9.<br \/>\nPour Dr Morissanda Kouyat\u00e9, ce retour rev\u00eat une forte port\u00e9e historique et symbolique. Il marque la r\u00e9int\u00e9gration de la Guin\u00e9e dans une institution qu\u2019elle a elle-m\u00eame contribu\u00e9 \u00e0 fonder d\u00e8s les premi\u00e8res heures des luttes pour l\u2019\u00e9mancipation du continent africain.<br \/>\n\u00ab Nous revenons dans la maison que nous avons b\u00e2tie avec des fr\u00e8res et s\u0153urs africains d\u00e8s les premi\u00e8res heures de la lutte pour la d\u00e9colonisation. Gloire \u00e0 Dieu le Tout-Puissant \u00bb, a-t-il ajout\u00e9.<br \/>\nCette d\u00e9cision intervient \u00e0 l\u2019issue de la 1325\u1d49 r\u00e9union du Conseil de paix et de s\u00e9curit\u00e9 (CPS) de l\u2019Union africaine, au cours de laquelle la situation politique et l\u2019\u00e9volution du processus de transition en R\u00e9publique de Guin\u00e9e ont \u00e9t\u00e9 examin\u00e9es.<br \/>\nQuelques heures avant l\u2019annonce officielle, le pr\u00e9sident de la Commission de l\u2019Union africaine, Mahmoud Ali Youssouf, avait plaid\u00e9 en faveur de la lev\u00e9e de la suspension, estimant que la Guin\u00e9e avait franchi une \u00e9tape d\u00e9cisive vers le r\u00e9tablissement de l\u2019ordre constitutionnel et d\u00e9mocratique.<br \/>\n\u00c0 l\u2019issue des d\u00e9lib\u00e9rations, le Conseil de paix et de s\u00e9curit\u00e9 a ent\u00e9rin\u00e9 la lev\u00e9e de la suspension de la participation de la Guin\u00e9e aux activit\u00e9s de l\u2019Union africaine, invitant les autorit\u00e9s guin\u00e9ennes \u00e0 reprendre imm\u00e9diatement leur place au sein des instances de l\u2019organisation.<\/p>\n<p>Ce retour marque ainsi un tournant diplomatique majeur pour la Guin\u00e9e, qui renoue avec l\u2019ar\u00e8ne continentale et ouvre une nouvelle phase de son engagement au sein de l\u2019Union africaine.<\/p>\n<p>&nbsp;<\/p>\n<p>Ledenonciateur224.com<\/p>\n","protected":false},"excerpt":{"rendered":"<p>Suspendue de l\u2019Union africaine depuis le coup d\u2019\u00c9tat du 5 septembre 2021, la R\u00e9publique de Guin\u00e9e signe officiellement son retour au sein de l\u2019organisation continentale. L\u2019annonce a \u00e9t\u00e9 faite ce jeudi 22 janvier 2026 \u00e0 Addis-Abeba par le ministre des Affaires \u00e9trang\u00e8res, de l\u2019Int\u00e9gration africaine et des Guin\u00e9ens \u00e9tablis \u00e0 l\u2019\u00e9tranger, Dr Morissanda Kouyat\u00e9. S\u2019exprimant [&hellip;]<\/p>\n","protected":false},"author":2,"featured_media":7229,"comment_status":"closed","ping_status":"closed","sticky":false,"template":"","format":"standard","meta":{"_jetpack_memberships_contains_paid_content":false,"footnotes":"","jetpack_publicize_message":"","jetpack_publicize_feature_enabled":true,"jetpack_social_post_already_shared":true,"jetpack_social_options":{"image_generator_settings":{"template":"highway","default_image_id":0,"font":"","enabled":false},"version":2}},"categories":[38,24,27],"tags":[1479],"class_list":{"0":"post-7228","1":"post","2":"type-post","3":"status-publish","4":"format-standard","5":"has-post-thumbnail","7":"category-international","8":"category-news","9":"category-politique","10":"tag-union-africaine"},"jetpack_publicize_connections":[],"jetpack_featured_media_url":"https:\/\/ledenonciateur224.com\/wp-content\/uploads\/2026\/01\/104380346-siegeuajpg.webp","jetpack_sharing_enabled":true,"_links":{"self":[{"href":"https:\/\/ledenonciateur224.com\/index.php\/wp-json\/wp\/v2\/posts\/7228","targetHints":{"allow":["GET"]}}],"collection":[{"href":"https:\/\/ledenonciateur224.com\/index.php\/wp-json\/wp\/v2\/posts"}],"about":[{"href":"https:\/\/ledenonciateur224.com\/index.php\/wp-json\/wp\/v2\/types\/post"}],"author":[{"embeddable":true,"href":"https:\/\/ledenonciateur224.com\/index.php\/wp-json\/wp\/v2\/users\/2"}],"replies":[{"embeddable":true,"href":"https:\/\/ledenonciateur224.com\/index.php\/wp-json\/wp\/v2\/comments?post=7228"}],"version-history":[{"count":1,"href":"https:\/\/ledenonciateur224.com\/index.php\/wp-json\/wp\/v2\/posts\/7228\/revisions"}],"predecessor-version":[{"id":7230,"href":"https:\/\/ledenonciateur224.com\/index.php\/wp-json\/wp\/v2\/posts\/7228\/revisions\/7230"}],"wp:featuredmedia":[{"embeddable":true,"href":"https:\/\/ledenonciateur224.com\/index.php\/wp-json\/wp\/v2\/media\/7229"}],"wp:attachment":[{"href":"https:\/\/ledenonciateur224.com\/index.php\/wp-json\/wp\/v2\/media?parent=7228"}],"wp:term":[{"taxonomy":"category","embeddable":true,"href":"https:\/\/ledenonciateur224.com\/index.php\/wp-json\/wp\/v2\/categories?post=7228"},{"taxonomy":"post_tag","embeddable":true,"href":"https:\/\/ledenonciateur224.com\/index.php\/wp-json\/wp\/v2\/tags?post=7228"}],"curies":[{"name":"wp","href":"https:\/\/api.w.org\/{rel}","templated":true}]}}