{"id":7231,"date":"2026-01-23T10:44:58","date_gmt":"2026-01-23T10:44:58","guid":{"rendered":"https:\/\/ledenonciateur224.com\/?p=7231"},"modified":"2026-01-23T10:44:58","modified_gmt":"2026-01-23T10:44:58","slug":"apres-la-demission-du-gouvernement-dre-diaka-sidibe-rend-un-vibrant-hommage-au-chef-de-letat","status":"publish","type":"post","link":"https:\/\/ledenonciateur224.com\/index.php\/apres-la-demission-du-gouvernement-dre-diaka-sidibe-rend-un-vibrant-hommage-au-chef-de-letat\/","title":{"rendered":"Apr\u00e8s la d\u00e9mission du gouvernement, Dre Diaka Sidib\u00e9 rend un vibrant hommage au Chef de l\u2019\u00c9tat"},"content":{"rendered":"<div dir=\"auto\">\n<div dir=\"auto\">Apr\u00e8s quatre ann\u00e9es et trois mois d\u2019engagement au sommet de l\u2019\u00c9tat, une page importante se tourne pour le Gouvernement de la Transition. Ce jeudi 22 janvier 2026, la d\u00e9mission du gouvernement marque la fin officielle d\u2019une s\u00e9quence politique majeure, port\u00e9e par des r\u00e9formes et des d\u00e9fis structurels dans plusieurs secteurs cl\u00e9s.<\/div>\n<div dir=\"auto\">D\u00e9sormais ancienne ministre de l\u2019Industrie et des PME, Dre Diaka Sidib\u00e9 quitte ses fonctions avec le sentiment du devoir accompli. Figure centrale des politiques de promotion industrielle, de soutien \u00e0 l\u2019entrepreneuriat local et de structuration des petites et moyennes entreprises, elle a tenu \u00e0 exprimer publiquement sa reconnaissance aux plus hautes autorit\u00e9s du pays pour la confiance plac\u00e9e en elle tout au long de cette mission.<\/div>\n<div dir=\"auto\"><\/div>\n<div dir=\"auto\">Dans un message empreint de gratitude et de loyaut\u00e9 r\u00e9publicaine, l\u2019ancienne ministre a rendu un vibrant hommage au Pr\u00e9sident de la R\u00e9publique, Mamadi Doumbouya, ainsi qu\u2019\u00e0 l\u2019ex-Premier ministre Amadou Oury Bah, saluant leur leadership et l\u2019esprit de collaboration qui a pr\u00e9valu durant la Transition.<\/div>\n<div dir=\"auto\"><\/div>\n<div dir=\"auto\">\u00ab J\u2019exprime ma profonde gratitude au \ud835\udde3\ud835\uddff\ud835\uddf2\ud835\ude00\ud835\uddf6\ud835\uddf1\ud835\uddf2\ud835\uddfb\ud835\ude01 \ud835\uddf1\ud835\uddf2 \ud835\uddf9\ud835\uddee \ud835\udde5\ud835\uddf2\ud835\uddfd\ud835\ude02\ud835\uddef\ud835\uddf9\ud835\uddf6\ud835\uddfe\ud835\ude02\ud835\uddf2, \ud835\uddd6\ud835\uddf5\ud835\uddf2\ud835\uddf3 \ud835\uddf1\ud835\uddf2 \ud835\uddf9\u2019\ud835\uddd8\ud835\ude01\ud835\uddee\ud835\ude01, \ud835\udde6\ud835\uddfc\ud835\uddfb \ud835\uddd8\ud835\ude05\ud835\uddf0\ud835\uddf2\ud835\uddf9\ud835\uddf9\ud835\uddf2\ud835\uddfb\ud835\uddf0\ud835\uddf2 \ud835\udde0\ud835\uddee\ud835\uddfa\ud835\uddee\ud835\uddf1\ud835\uddf6 \ud835\uddd7\ud835\uddfc\ud835\ude02\ud835\uddfa\ud835\uddef\ud835\uddfc\ud835\ude02\ud835\ude06\ud835\uddee, pour la confiance qu\u2019il m\u2019a accord\u00e9e en me nommant ministre et en me permettant d\u2019exercer ces responsabilit\u00e9s pendant quatre ann\u00e9es. Je lui r\u00e9affirme ma pleine disponibilit\u00e9 ainsi que mon engagement constant \u00e0 servir la Nation avec loyaut\u00e9 et d\u00e9termination.<\/div>\n<div dir=\"auto\">Je remercie \u00e9galement le Premier ministre, Chef du Gouvernement, \ud835\udde0\ud835\uddfc\ud835\uddfb\ud835\ude00\ud835\uddf6\ud835\uddf2\ud835\ude02\ud835\uddff \ud835\uddd4\ud835\uddfa\ud835\uddee\ud835\uddf1\ud835\uddfc\ud835\ude02 \ud835\udde2\ud835\ude02\ud835\uddff\ud835\ude06 \ud835\uddd5\ud835\uddee\ud835\uddf5, l\u2019ensemble de mes coll\u00e8gues ministres, ainsi que toutes les \u00e9quipes qui ont \u0153uvr\u00e9 chaque jour au service des guin\u00e9ennes et des guin\u00e9ens.<\/div>\n<div dir=\"auto\">Fi\u00e8re du travail accompli, je demeure r\u00e9solument engag\u00e9e \u00e0 servir dignement notre cher pays. \u00bb<\/div>\n<div dir=\"auto\"><\/div>\n<div dir=\"auto\">Ce message vient clore une \u00e9tape institutionnelle, tout en ouvrant la voie \u00e0 de nouveaux engagements. Dre Diaka Sidib\u00e9 r\u00e9affirme ainsi sa disponibilit\u00e9 \u00e0 continuer de servir la Guin\u00e9e, fid\u00e8le \u00e0 une vision de d\u00e9veloppement fond\u00e9e sur le travail, la responsabilit\u00e9 et l\u2019int\u00e9r\u00eat g\u00e9n\u00e9ral.<\/div>\n<div dir=\"auto\"><\/div>\n<div dir=\"auto\"><\/div>\n<\/div>\n<div dir=\"auto\">Aboubacar Moussa Camara<\/div>\n<div dir=\"auto\"><\/div>\n<div dir=\"auto\">622 42 41 87<\/div>\n","protected":false},"excerpt":{"rendered":"<p>Apr\u00e8s quatre ann\u00e9es et trois mois d\u2019engagement au sommet de l\u2019\u00c9tat, une page importante se tourne pour le Gouvernement de la Transition. Ce jeudi 22 janvier 2026, la d\u00e9mission du gouvernement marque la fin officielle d\u2019une s\u00e9quence politique majeure, port\u00e9e par des r\u00e9formes et des d\u00e9fis structurels dans plusieurs secteurs cl\u00e9s. D\u00e9sormais ancienne ministre de [&hellip;]<\/p>\n","protected":false},"author":2,"featured_media":7232,"comment_status":"closed","ping_status":"closed","sticky":false,"template":"","format":"standard","meta":{"_jetpack_memberships_contains_paid_content":false,"footnotes":"","jetpack_publicize_message":"","jetpack_publicize_feature_enabled":true,"jetpack_social_post_already_shared":true,"jetpack_social_options":{"image_generator_settings":{"template":"highway","default_image_id":0,"font":"","enabled":false},"version":2}},"categories":[24,27],"tags":[630,522],"class_list":{"0":"post-7231","1":"post","2":"type-post","3":"status-publish","4":"format-standard","5":"has-post-thumbnail","7":"category-news","8":"category-politique","9":"tag-dre-diaka-sidibe","10":"tag-mamadi-doumbouya"},"jetpack_publicize_connections":[],"jetpack_featured_media_url":"https:\/\/ledenonciateur224.com\/wp-content\/uploads\/2026\/01\/fb-img-1769164232423.jpg","jetpack_sharing_enabled":true,"_links":{"self":[{"href":"https:\/\/ledenonciateur224.com\/index.php\/wp-json\/wp\/v2\/posts\/7231","targetHints":{"allow":["GET"]}}],"collection":[{"href":"https:\/\/ledenonciateur224.com\/index.php\/wp-json\/wp\/v2\/posts"}],"about":[{"href":"https:\/\/ledenonciateur224.com\/index.php\/wp-json\/wp\/v2\/types\/post"}],"author":[{"embeddable":true,"href":"https:\/\/ledenonciateur224.com\/index.php\/wp-json\/wp\/v2\/users\/2"}],"replies":[{"embeddable":true,"href":"https:\/\/ledenonciateur224.com\/index.php\/wp-json\/wp\/v2\/comments?post=7231"}],"version-history":[{"count":1,"href":"https:\/\/ledenonciateur224.com\/index.php\/wp-json\/wp\/v2\/posts\/7231\/revisions"}],"predecessor-version":[{"id":7233,"href":"https:\/\/ledenonciateur224.com\/index.php\/wp-json\/wp\/v2\/posts\/7231\/revisions\/7233"}],"wp:featuredmedia":[{"embeddable":true,"href":"https:\/\/ledenonciateur224.com\/index.php\/wp-json\/wp\/v2\/media\/7232"}],"wp:attachment":[{"href":"https:\/\/ledenonciateur224.com\/index.php\/wp-json\/wp\/v2\/media?parent=7231"}],"wp:term":[{"taxonomy":"category","embeddable":true,"href":"https:\/\/ledenonciateur224.com\/index.php\/wp-json\/wp\/v2\/categories?post=7231"},{"taxonomy":"post_tag","embeddable":true,"href":"https:\/\/ledenonciateur224.com\/index.php\/wp-json\/wp\/v2\/tags?post=7231"}],"curies":[{"name":"wp","href":"https:\/\/api.w.org\/{rel}","templated":true}]}}