{"id":7234,"date":"2026-01-23T11:09:59","date_gmt":"2026-01-23T11:09:59","guid":{"rendered":"https:\/\/ledenonciateur224.com\/?p=7234"},"modified":"2026-01-23T11:09:59","modified_gmt":"2026-01-23T11:09:59","slug":"apres-la-demission-du-gouvernement-namory-camara-adresse-un-message-de-gratitude-et-de-loyaute-au-president-mamadi-doumbouya","status":"publish","type":"post","link":"https:\/\/ledenonciateur224.com\/index.php\/apres-la-demission-du-gouvernement-namory-camara-adresse-un-message-de-gratitude-et-de-loyaute-au-president-mamadi-doumbouya\/","title":{"rendered":"Apr\u00e8s la d\u00e9mission du gouvernement, Namory Camara adresse un message de gratitude et de loyaut\u00e9 au pr\u00e9sident Mamadi Doumbouya"},"content":{"rendered":"<p>\u00c0 la suite de la d\u00e9mission du gouvernement intervenue le jeudi 22 janvier 2026, le ministre de l\u2019\u00c9nergie, Namory Camara, a adress\u00e9 une lettre officielle au pr\u00e9sident de la R\u00e9publique, Mamadi Doumbouya. Un message solennel dans lequel il exprime reconnaissance, fid\u00e9lit\u00e9 institutionnelle et espoir pour l\u2019avenir de la Guin\u00e9e.<br \/>\nDans un contexte politique marqu\u00e9 par la recomposition de l\u2019ex\u00e9cutif et la poursuite du processus de refondation de l\u2019\u00c9tat, le ministre sortant de l\u2019\u00c9nergie a tenu \u00e0 s\u2019adresser directement au chef de l\u2019\u00c9tat. Cette d\u00e9marche, \u00e0 forte port\u00e9e symbolique, traduit la volont\u00e9 de clore son mandat minist\u00e9riel dans le respect des usages r\u00e9publicains et de la hi\u00e9rarchie institutionnelle.<\/p>\n<p>Dans sa correspondance, Namory Camara remercie le pr\u00e9sident de la R\u00e9publique pour la confiance plac\u00e9e en lui durant son passage au gouvernement. Il \u00e9crit notamment :<br \/>\n\u00ab \u00c0 la suite de la d\u00e9mission du Gouvernement intervenue ce jeudi 22 janvier 2026, il m\u2019importe d\u2019exprimer ma profonde gratitude pour la haute confiance que vous m\u2019avez accord\u00e9e en me confiant la responsabilit\u00e9 du D\u00e9partement de l\u2019\u00c9nergie. \u00bb<br \/>\nRevenant sur son exp\u00e9rience au sein de l\u2019ex\u00e9cutif, il souligne le sens de l\u2019engagement qui a guid\u00e9 son action, inscrite dans une p\u00e9riode charni\u00e8re de l\u2019histoire institutionnelle du pays :<br \/>\n\u00ab Servir la R\u00e9publique sous votre magistrature supr\u00eame, dans ce contexte de refondation de l\u2019\u00c9tat, a \u00e9t\u00e9 pour moi un honneur assum\u00e9 avec loyaut\u00e9, discipline et sens \u00e9lev\u00e9 de l\u2019int\u00e9r\u00eat g\u00e9n\u00e9ral. \u00bb<br \/>\nLe ministre sortant met \u00e9galement en avant les orientations strat\u00e9giques impuls\u00e9es dans le secteur de l\u2019\u00e9nergie, pilier essentiel du d\u00e9veloppement \u00e9conomique et social. Il rappelle que, sous l\u2019autorit\u00e9 du chef de l\u2019\u00c9tat, ce secteur a \u00e9t\u00e9 engag\u00e9 sur une nouvelle trajectoire :<br \/>\n\u00ab Sous votre autorit\u00e9, le secteur de l\u2019\u00e9nergie s\u2019est inscrit dans une dynamique de souverainet\u00e9 et de transformation au service du d\u00e9veloppement national. \u00bb<br \/>\nSe tournant vers l\u2019avenir politique du pays, Namory Camara adresse ses v\u0153ux au pr\u00e9sident Mamadi Doumbouya, \u00e0 l\u2019aube de ce qu\u2019il qualifie de tournant historique pour la Guin\u00e9e :<br \/>\n\u00ab Alors que s\u2019ouvre pour vous un mandat historique de sept ann\u00e9es en tant que premier Pr\u00e9sident de la Ve R\u00e9publique, je vous adresse mes v\u0153ux sinc\u00e8res de plein succ\u00e8s, pour une Guin\u00e9e stable, prosp\u00e8re et unie. \u00bb<br \/>\nLa lettre se conclut par une invocation spirituelle et une formule de respect institutionnel, refl\u00e9tant le ton solennel du message :<br \/>\n\u00ab Que Dieu b\u00e9nisse la Guin\u00e9e et \u00e9claire votre haute mission. \u00bb<br \/>\net \u00ab Je vous prie d\u2019agr\u00e9er, Excellence Monsieur le Pr\u00e9sident de la R\u00e9publique, l\u2019expression de ma tr\u00e8s haute et respectueuse consid\u00e9ration. \u00bb<\/p>\n<p>Par cette sortie officielle, Namory Camara marque son attachement aux valeurs de loyaut\u00e9 r\u00e9publicaine et de continuit\u00e9 de l\u2019\u00c9tat, tout en r\u00e9affirmant son soutien aux id\u00e9aux port\u00e9s par les autorit\u00e9s actuelles. Une prise de parole qui s\u2019inscrit dans la tradition institutionnelle guin\u00e9enne, \u00e0 un moment cl\u00e9 de la transition politique.<\/p>\n<p>&nbsp;<\/p>\n<p>Aboubacar Moussa Camara<\/p>\n<p>622 42 41 87<\/p>\n","protected":false},"excerpt":{"rendered":"<p>\u00c0 la suite de la d\u00e9mission du gouvernement intervenue le jeudi 22 janvier 2026, le ministre de l\u2019\u00c9nergie, Namory Camara, a adress\u00e9 une lettre officielle au pr\u00e9sident de la R\u00e9publique, Mamadi Doumbouya. Un message solennel dans lequel il exprime reconnaissance, fid\u00e9lit\u00e9 institutionnelle et espoir pour l\u2019avenir de la Guin\u00e9e. Dans un contexte politique marqu\u00e9 par [&hellip;]<\/p>\n","protected":false},"author":2,"featured_media":7235,"comment_status":"closed","ping_status":"closed","sticky":false,"template":"","format":"standard","meta":{"_jetpack_memberships_contains_paid_content":false,"footnotes":"","jetpack_publicize_message":"","jetpack_publicize_feature_enabled":true,"jetpack_social_post_already_shared":true,"jetpack_social_options":{"image_generator_settings":{"template":"highway","default_image_id":0,"font":"","enabled":false},"version":2}},"categories":[24,27],"tags":[522,1033],"class_list":{"0":"post-7234","1":"post","2":"type-post","3":"status-publish","4":"format-standard","5":"has-post-thumbnail","7":"category-news","8":"category-politique","9":"tag-mamadi-doumbouya","10":"tag-ministre-namory-camara"},"jetpack_publicize_connections":[],"jetpack_featured_media_url":"https:\/\/ledenonciateur224.com\/wp-content\/uploads\/2026\/01\/fb-img-1769165876405.jpg","jetpack_sharing_enabled":true,"_links":{"self":[{"href":"https:\/\/ledenonciateur224.com\/index.php\/wp-json\/wp\/v2\/posts\/7234","targetHints":{"allow":["GET"]}}],"collection":[{"href":"https:\/\/ledenonciateur224.com\/index.php\/wp-json\/wp\/v2\/posts"}],"about":[{"href":"https:\/\/ledenonciateur224.com\/index.php\/wp-json\/wp\/v2\/types\/post"}],"author":[{"embeddable":true,"href":"https:\/\/ledenonciateur224.com\/index.php\/wp-json\/wp\/v2\/users\/2"}],"replies":[{"embeddable":true,"href":"https:\/\/ledenonciateur224.com\/index.php\/wp-json\/wp\/v2\/comments?post=7234"}],"version-history":[{"count":1,"href":"https:\/\/ledenonciateur224.com\/index.php\/wp-json\/wp\/v2\/posts\/7234\/revisions"}],"predecessor-version":[{"id":7236,"href":"https:\/\/ledenonciateur224.com\/index.php\/wp-json\/wp\/v2\/posts\/7234\/revisions\/7236"}],"wp:featuredmedia":[{"embeddable":true,"href":"https:\/\/ledenonciateur224.com\/index.php\/wp-json\/wp\/v2\/media\/7235"}],"wp:attachment":[{"href":"https:\/\/ledenonciateur224.com\/index.php\/wp-json\/wp\/v2\/media?parent=7234"}],"wp:term":[{"taxonomy":"category","embeddable":true,"href":"https:\/\/ledenonciateur224.com\/index.php\/wp-json\/wp\/v2\/categories?post=7234"},{"taxonomy":"post_tag","embeddable":true,"href":"https:\/\/ledenonciateur224.com\/index.php\/wp-json\/wp\/v2\/tags?post=7234"}],"curies":[{"name":"wp","href":"https:\/\/api.w.org\/{rel}","templated":true}]}}