{"id":7244,"date":"2026-01-23T15:45:15","date_gmt":"2026-01-23T15:45:15","guid":{"rendered":"https:\/\/ledenonciateur224.com\/?p=7244"},"modified":"2026-01-23T15:45:15","modified_gmt":"2026-01-23T15:45:15","slug":"guinee-le-moment-decisif-pour-placer-les-femmes-dexcellence-au-sommet-de-letat","status":"publish","type":"post","link":"https:\/\/ledenonciateur224.com\/index.php\/guinee-le-moment-decisif-pour-placer-les-femmes-dexcellence-au-sommet-de-letat\/","title":{"rendered":"Guin\u00e9e : le moment d\u00e9cisif pour placer les femmes d\u2019excellence au sommet de l\u2019\u00c9tat"},"content":{"rendered":"<div dir=\"auto\">La R\u00e9publique de Guin\u00e9e s\u2019appr\u00eate \u00e0 tourner une page d\u00e9cisive de son histoire politique. L\u2019av\u00e8nement de la 5\u1d49 R\u00e9publique, cons\u00e9cutif \u00e0 la d\u00e9mission du gouvernement de transition, ouvre une s\u00e9quence nouvelle, porteuse d\u2019espoirs mais aussi d\u2019exigences. Dans les jours \u00e0 venir, le Pr\u00e9sident de la R\u00e9publique, Mamadi Doumbouya, proc\u00e9dera \u00e0 la nomination d\u2019un nouveau gouvernement appel\u00e9 \u00e0 l\u2019accompagner tout au long de son premier mandat de sept ans.<\/div>\n<div dir=\"auto\">L\u2019enjeu est clair : former une \u00e9quipe capable de traduire les ambitions pr\u00e9sidentielles en r\u00e9formes concr\u00e8tes et durables.<\/div>\n<div dir=\"auto\">La question qui anime aujourd\u2019hui toutes les conversations est simple, mais fondamentale : qui seront les femmes et les hommes choisis pour conduire ce nouveau d\u00e9part ?<\/div>\n<div dir=\"auto\">L\u2019attente de la population guin\u00e9enne est immense, \u00e0 la hauteur des d\u00e9fis \u00e9conomiques, sociaux et institutionnels \u00e0 relever.<\/div>\n<div dir=\"auto\"><\/div>\n<div dir=\"auto\">Dans ce contexte, l\u2019heure n\u2019est plus aux compromis ti\u00e8des ni aux choix dict\u00e9s par l\u2019habitude. La Guin\u00e9e a besoin d\u2019excellence, de comp\u00e9tence et d\u2019int\u00e9grit\u00e9, pour corriger les dysfonctionnements persistants de son administration et restaurer la confiance entre l\u2019\u00c9tat et les citoyens.<\/div>\n<div dir=\"auto\">Proposer l\u2019excellence n\u2019est pas une faveur : c\u2019est une n\u00e9cessit\u00e9 r\u00e9publicaine.<\/div>\n<div dir=\"auto\"><\/div>\n<div dir=\"auto\"><img loading=\"lazy\" decoding=\"async\" class=\"alignnone size-full wp-image-7238\" src=\"https:\/\/ledenonciateur224.com\/wp-content\/uploads\/2026\/01\/fb-img-1769182294075.jpg\" alt=\"\" width=\"1944\" height=\"1382\" srcset=\"https:\/\/ledenonciateur224.com\/wp-content\/uploads\/2026\/01\/fb-img-1769182294075.jpg 1944w, https:\/\/ledenonciateur224.com\/wp-content\/uploads\/2026\/01\/fb-img-1769182294075-300x213.jpg 300w, https:\/\/ledenonciateur224.com\/wp-content\/uploads\/2026\/01\/fb-img-1769182294075-1024x728.jpg 1024w, https:\/\/ledenonciateur224.com\/wp-content\/uploads\/2026\/01\/fb-img-1769182294075-768x546.jpg 768w, https:\/\/ledenonciateur224.com\/wp-content\/uploads\/2026\/01\/fb-img-1769182294075-1536x1092.jpg 1536w, https:\/\/ledenonciateur224.com\/wp-content\/uploads\/2026\/01\/fb-img-1769182294075-150x107.jpg 150w, https:\/\/ledenonciateur224.com\/wp-content\/uploads\/2026\/01\/fb-img-1769182294075-696x495.jpg 696w, https:\/\/ledenonciateur224.com\/wp-content\/uploads\/2026\/01\/fb-img-1769182294075-1068x759.jpg 1068w, https:\/\/ledenonciateur224.com\/wp-content\/uploads\/2026\/01\/fb-img-1769182294075-1920x1365.jpg 1920w, https:\/\/ledenonciateur224.com\/wp-content\/uploads\/2026\/01\/fb-img-1769182294075-591x420.jpg 591w, https:\/\/ledenonciateur224.com\/wp-content\/uploads\/2026\/01\/fb-img-1769182294075-100x70.jpg 100w\" sizes=\"auto, (max-width: 1944px) 100vw, 1944px\" \/><\/div>\n<div dir=\"auto\">C\u2019est dans cette logique que s\u2019impose naturellement la question de la promotion des comp\u00e9tences f\u00e9minines, encore trop souvent rel\u00e9gu\u00e9es au second plan malgr\u00e9 leur apport d\u00e9cisif \u00e0 la vie nationale. Parmi ces profils d\u2019exception, Aminata Camara m\u00e9rite une attention particuli\u00e8re.<\/div>\n<div dir=\"auto\">Journaliste chevronn\u00e9e depuis de nombreuses ann\u00e9es, ancienne pr\u00e9sidente de l\u2019Association Guin\u00e9enne des \u00c9diteurs de la Presse Ind\u00e9pendante (AGEPI), Aminata Camara incarne une g\u00e9n\u00e9ration de femmes leaders forg\u00e9es par l\u2019exp\u00e9rience, le sens de l\u2019int\u00e9r\u00eat g\u00e9n\u00e9ral et la culture de la responsabilit\u00e9. Son parcours inspire confiance.<\/div>\n<div dir=\"auto\">Rigueur, capacit\u00e9 d\u2019administration, esprit de rassemblement et exigence de transparence : autant de qualit\u00e9s indispensables \u00e0 l\u2019action gouvernementale aujourd\u2019hui.<\/div>\n<div dir=\"auto\">Femme de d\u00e9fis, elle a su faire face aux obstacles avec courage et constance, dans un environnement souvent difficile.<\/div>\n<div dir=\"auto\"><img loading=\"lazy\" decoding=\"async\" class=\"alignnone size-full wp-image-7239\" src=\"https:\/\/ledenonciateur224.com\/wp-content\/uploads\/2026\/01\/fb-img-1769181998904.jpg\" alt=\"\" width=\"450\" height=\"718\" srcset=\"https:\/\/ledenonciateur224.com\/wp-content\/uploads\/2026\/01\/fb-img-1769181998904.jpg 450w, https:\/\/ledenonciateur224.com\/wp-content\/uploads\/2026\/01\/fb-img-1769181998904-188x300.jpg 188w, https:\/\/ledenonciateur224.com\/wp-content\/uploads\/2026\/01\/fb-img-1769181998904-150x239.jpg 150w, https:\/\/ledenonciateur224.com\/wp-content\/uploads\/2026\/01\/fb-img-1769181998904-300x479.jpg 300w, https:\/\/ledenonciateur224.com\/wp-content\/uploads\/2026\/01\/fb-img-1769181998904-263x420.jpg 263w\" sizes=\"auto, (max-width: 450px) 100vw, 450px\" \/><\/div>\n<div dir=\"auto\"><\/div>\n<div dir=\"auto\">\u00a0Son engagement pour une gouvernance responsable, son attachement aux valeurs d\u00e9mocratiques et sa connaissance fine des r\u00e9alit\u00e9s nationales constituent de v\u00e9ritables atouts pour accompagner la vision pr\u00e9sidentielle.<\/div>\n<div dir=\"auto\"><\/div>\n<div dir=\"auto\">Nommer Aminata Camara, ce serait envoyer un signal fort : celui d\u2019une Guin\u00e9e qui croit en ses comp\u00e9tences, en ses femmes et en l\u2019avenir.<\/div>\n<div dir=\"auto\"><\/div>\n<div dir=\"auto\">\u00c0 l\u2019aube de cette nouvelle R\u00e9publique, le choix des femmes et des hommes d\u2019\u00c9tat sera scrut\u00e9, analys\u00e9 et jug\u00e9 par l\u2019histoire. L\u2019excellence f\u00e9minine ne doit plus \u00eatre une option, mais une \u00e9vidence.<\/div>\n<div dir=\"auto\"><\/div>\n<div dir=\"auto\"><\/div>\n<div dir=\"auto\">Aboubacar Moussa Camara<\/div>\n<div dir=\"auto\"><\/div>\n<div dir=\"auto\">622 42 41 87<\/div>\n","protected":false},"excerpt":{"rendered":"<p>La R\u00e9publique de Guin\u00e9e s\u2019appr\u00eate \u00e0 tourner une page d\u00e9cisive de son histoire politique. L\u2019av\u00e8nement de la 5\u1d49 R\u00e9publique, cons\u00e9cutif \u00e0 la d\u00e9mission du gouvernement de transition, ouvre une s\u00e9quence nouvelle, porteuse d\u2019espoirs mais aussi d\u2019exigences. Dans les jours \u00e0 venir, le Pr\u00e9sident de la R\u00e9publique, Mamadi Doumbouya, proc\u00e9dera \u00e0 la nomination d\u2019un nouveau gouvernement [&hellip;]<\/p>\n","protected":false},"author":2,"featured_media":7240,"comment_status":"closed","ping_status":"closed","sticky":false,"template":"","format":"standard","meta":{"_jetpack_memberships_contains_paid_content":false,"footnotes":"","jetpack_publicize_message":"","jetpack_publicize_feature_enabled":true,"jetpack_social_post_already_shared":true,"jetpack_social_options":{"image_generator_settings":{"template":"highway","default_image_id":0,"font":"","enabled":false},"version":2}},"categories":[30,24],"tags":[692,1480],"class_list":{"0":"post-7244","1":"post","2":"type-post","3":"status-publish","4":"format-standard","5":"has-post-thumbnail","7":"category-faits-divers","8":"category-news","9":"tag-aminata-camara-agepi","10":"tag-nouveau-gouvernement"},"jetpack_publicize_connections":[],"jetpack_featured_media_url":"https:\/\/ledenonciateur224.com\/wp-content\/uploads\/2026\/01\/fb-img-1769182025982.jpg","jetpack_sharing_enabled":true,"_links":{"self":[{"href":"https:\/\/ledenonciateur224.com\/index.php\/wp-json\/wp\/v2\/posts\/7244","targetHints":{"allow":["GET"]}}],"collection":[{"href":"https:\/\/ledenonciateur224.com\/index.php\/wp-json\/wp\/v2\/posts"}],"about":[{"href":"https:\/\/ledenonciateur224.com\/index.php\/wp-json\/wp\/v2\/types\/post"}],"author":[{"embeddable":true,"href":"https:\/\/ledenonciateur224.com\/index.php\/wp-json\/wp\/v2\/users\/2"}],"replies":[{"embeddable":true,"href":"https:\/\/ledenonciateur224.com\/index.php\/wp-json\/wp\/v2\/comments?post=7244"}],"version-history":[{"count":1,"href":"https:\/\/ledenonciateur224.com\/index.php\/wp-json\/wp\/v2\/posts\/7244\/revisions"}],"predecessor-version":[{"id":7245,"href":"https:\/\/ledenonciateur224.com\/index.php\/wp-json\/wp\/v2\/posts\/7244\/revisions\/7245"}],"wp:featuredmedia":[{"embeddable":true,"href":"https:\/\/ledenonciateur224.com\/index.php\/wp-json\/wp\/v2\/media\/7240"}],"wp:attachment":[{"href":"https:\/\/ledenonciateur224.com\/index.php\/wp-json\/wp\/v2\/media?parent=7244"}],"wp:term":[{"taxonomy":"category","embeddable":true,"href":"https:\/\/ledenonciateur224.com\/index.php\/wp-json\/wp\/v2\/categories?post=7244"},{"taxonomy":"post_tag","embeddable":true,"href":"https:\/\/ledenonciateur224.com\/index.php\/wp-json\/wp\/v2\/tags?post=7244"}],"curies":[{"name":"wp","href":"https:\/\/api.w.org\/{rel}","templated":true}]}}