{"id":7255,"date":"2026-01-25T11:45:59","date_gmt":"2026-01-25T11:45:59","guid":{"rendered":"https:\/\/ledenonciateur224.com\/?p=7255"},"modified":"2026-01-25T11:45:59","modified_gmt":"2026-01-25T11:45:59","slug":"guinee-lheure-des-choix-forts-pour-reussir-la-refondation","status":"publish","type":"post","link":"https:\/\/ledenonciateur224.com\/index.php\/guinee-lheure-des-choix-forts-pour-reussir-la-refondation\/","title":{"rendered":"Guin\u00e9e : l\u2019heure des choix forts pour r\u00e9ussir la refondation"},"content":{"rendered":"<div dir=\"auto\">Apr\u00e8s l\u2019investiture du Pr\u00e9sident de la R\u00e9publique de Guin\u00e9e,\u00a0 Mamadi Doumbouya, et la d\u00e9mission du gouvernement de la transition, le pays s\u2019appr\u00eate \u00e0 ouvrir un nouveau chapitre d\u00e9cisif de son histoire politique. Ce moment charni\u00e8re appelle des d\u00e9cisions courageuses et responsables, fond\u00e9es sur le choix d\u2019hommes et de femmes int\u00e8gres, patriotes et pleinement engag\u00e9s au service de la Nation.<\/div>\n<div dir=\"auto\"><\/div>\n<div dir=\"auto\">Dans ce contexte de refondation, la question du profil des futurs dirigeants se pose avec acuit\u00e9. La Guin\u00e9e a besoin de comp\u00e9tences av\u00e9r\u00e9es, de leaders capables de conjuguer vision strat\u00e9gique, rigueur morale et efficacit\u00e9 dans l\u2019action publique.<\/div>\n<div dir=\"auto\"><\/div>\n<div dir=\"auto\">\u00c0 ce titre, Daouda Youla, Directeur G\u00e9n\u00e9ral de la Radio Continental FM, appara\u00eet comme une option cr\u00e9dible et pertinente.<\/div>\n<div dir=\"auto\">Homme d\u2019une grande int\u00e9grit\u00e9, leader chevronn\u00e9 et dot\u00e9 d\u2019une vision large et structur\u00e9e, Daouda Youla pr\u00e9sente un profil d\u2019exception. Il allie une solide comp\u00e9tence technique \u00e0 une hauteur de vue indispensable dans un environnement institutionnel en mutation. Son parcours professionnel, marqu\u00e9 par une exp\u00e9rience probante et une gestion strat\u00e9gique rigoureuse, fait de lui un atout ind\u00e9niable pour accompagner la vision de refondation port\u00e9e par le Pr\u00e9sident Mamadi Doumbouya.<\/div>\n<div dir=\"auto\"><\/div>\n<div dir=\"auto\">Reconnu pour son sens de l\u2019organisation, sa capacit\u00e9 \u00e0 anticiper les enjeux et \u00e0 impulser le changement, il incarne un leadership moderne, responsable et orient\u00e9 vers les r\u00e9sultats. Son d\u00e9vouement constant au bien public, ainsi que son aptitude \u00e0 mobiliser et f\u00e9d\u00e9rer des \u00e9quipes autour d\u2019un projet commun, t\u00e9moignent d\u2019un engagement sinc\u00e8re au service de l\u2019int\u00e9r\u00eat g\u00e9n\u00e9ral.<\/div>\n<div dir=\"auto\"><\/div>\n<div dir=\"auto\">Jeune visionnaire respect\u00e9, Daouda Youla incarne une nouvelle g\u00e9n\u00e9ration de leaders guin\u00e9ens : intelligents, int\u00e8gres, profond\u00e9ment humains et conscients des r\u00e9alit\u00e9s du terrain. Dans un contexte souvent marqu\u00e9 par des d\u00e9fis institutionnels et sociaux complexes, il poursuit son parcours avec assurance, guid\u00e9 par des valeurs solides m\u00ealant rigueur professionnelle, sens du devoir et \u00e9l\u00e9vation spirituelle.<\/div>\n<div dir=\"auto\">Homme de conviction et de travail, proche des populations et attentif aux aspirations profondes du pays, Monsieur Daouda Youla m\u00e9rite d\u2019\u00eatre nomm\u00e9 ministre dans le prochain gouvernement.<\/div>\n<div dir=\"auto\"><\/div>\n<div dir=\"auto\">\u00a0Une telle d\u00e9cision renforcerait la dynamique de refondation engag\u00e9e et contribuerait efficacement \u00e0 la construction d\u2019une Guin\u00e9e plus juste, plus forte et r\u00e9solument tourn\u00e9e vers l\u2019avenir.<\/div>\n<div dir=\"auto\"><\/div>\n<div dir=\"auto\">Alpha Soumah<\/div>\n","protected":false},"excerpt":{"rendered":"<p>Apr\u00e8s l\u2019investiture du Pr\u00e9sident de la R\u00e9publique de Guin\u00e9e,\u00a0 Mamadi Doumbouya, et la d\u00e9mission du gouvernement de la transition, le pays s\u2019appr\u00eate \u00e0 ouvrir un nouveau chapitre d\u00e9cisif de son histoire politique. Ce moment charni\u00e8re appelle des d\u00e9cisions courageuses et responsables, fond\u00e9es sur le choix d\u2019hommes et de femmes int\u00e8gres, patriotes et pleinement engag\u00e9s au [&hellip;]<\/p>\n","protected":false},"author":2,"featured_media":7256,"comment_status":"closed","ping_status":"closed","sticky":false,"template":"","format":"standard","meta":{"_jetpack_memberships_contains_paid_content":false,"footnotes":"","jetpack_publicize_message":"","jetpack_publicize_feature_enabled":true,"jetpack_social_post_already_shared":true,"jetpack_social_options":{"image_generator_settings":{"template":"highway","default_image_id":0,"font":"","enabled":false},"version":2}},"categories":[30,24],"tags":[1480],"class_list":{"0":"post-7255","1":"post","2":"type-post","3":"status-publish","4":"format-standard","5":"has-post-thumbnail","7":"category-faits-divers","8":"category-news","9":"tag-nouveau-gouvernement"},"jetpack_publicize_connections":[],"jetpack_featured_media_url":"https:\/\/ledenonciateur224.com\/wp-content\/uploads\/2026\/01\/img-20260125-wa0042.jpg","jetpack_sharing_enabled":true,"_links":{"self":[{"href":"https:\/\/ledenonciateur224.com\/index.php\/wp-json\/wp\/v2\/posts\/7255","targetHints":{"allow":["GET"]}}],"collection":[{"href":"https:\/\/ledenonciateur224.com\/index.php\/wp-json\/wp\/v2\/posts"}],"about":[{"href":"https:\/\/ledenonciateur224.com\/index.php\/wp-json\/wp\/v2\/types\/post"}],"author":[{"embeddable":true,"href":"https:\/\/ledenonciateur224.com\/index.php\/wp-json\/wp\/v2\/users\/2"}],"replies":[{"embeddable":true,"href":"https:\/\/ledenonciateur224.com\/index.php\/wp-json\/wp\/v2\/comments?post=7255"}],"version-history":[{"count":1,"href":"https:\/\/ledenonciateur224.com\/index.php\/wp-json\/wp\/v2\/posts\/7255\/revisions"}],"predecessor-version":[{"id":7257,"href":"https:\/\/ledenonciateur224.com\/index.php\/wp-json\/wp\/v2\/posts\/7255\/revisions\/7257"}],"wp:featuredmedia":[{"embeddable":true,"href":"https:\/\/ledenonciateur224.com\/index.php\/wp-json\/wp\/v2\/media\/7256"}],"wp:attachment":[{"href":"https:\/\/ledenonciateur224.com\/index.php\/wp-json\/wp\/v2\/media?parent=7255"}],"wp:term":[{"taxonomy":"category","embeddable":true,"href":"https:\/\/ledenonciateur224.com\/index.php\/wp-json\/wp\/v2\/categories?post=7255"},{"taxonomy":"post_tag","embeddable":true,"href":"https:\/\/ledenonciateur224.com\/index.php\/wp-json\/wp\/v2\/tags?post=7255"}],"curies":[{"name":"wp","href":"https:\/\/api.w.org\/{rel}","templated":true}]}}