{"id":7261,"date":"2026-01-26T20:02:06","date_gmt":"2026-01-26T20:02:06","guid":{"rendered":"https:\/\/ledenonciateur224.com\/?p=7261"},"modified":"2026-01-26T20:02:06","modified_gmt":"2026-01-26T20:02:06","slug":"proces-du-stade-de-conakry-la-defense-en-quete-de-nullite-la-partie-civile-contre-attaque-a-dixinn","status":"publish","type":"post","link":"https:\/\/ledenonciateur224.com\/index.php\/proces-du-stade-de-conakry-la-defense-en-quete-de-nullite-la-partie-civile-contre-attaque-a-dixinn\/","title":{"rendered":"Proc\u00e8s du stade de Conakry : la d\u00e9fense en qu\u00eate de nullit\u00e9, la partie civile contre-attaque \u00e0 Dixinn"},"content":{"rendered":"<p><span style=\"color: #333333;font-family: helvetica neue, helvetica, roboto, arial, sans-serif\">L\u2019audience du tribunal criminel d\u00e9localis\u00e9 de Dixinn, tenue ce lundi 26 janvier 2026, a \u00e9t\u00e9 largement consacr\u00e9e \u00e0 l\u2019examen des exceptions de nullit\u00e9 soulev\u00e9es par la d\u00e9fense dans le cadre du proc\u00e8s relatif aux \u00e9v\u00e9nements tragiques du stade de Conakry.<\/span><\/p>\n<p><span style=\"color: #333333;font-family: helvetica neue, helvetica, roboto, arial, sans-serif\">Les avocats des colonels Jean-Louis Kpoghomou, Georges Olemou, ainsi que de l\u2019adjudant-chef Thomas Touaro, tous poursuivis pour leur implication pr\u00e9sum\u00e9e dans ces faits, ont sollicit\u00e9 l\u2019annulation de l\u2019ordonnance de renvoi ainsi que la mise en libert\u00e9 imm\u00e9diate de leurs clients.<\/span><\/p>\n<p><span style=\"color: #333333;font-family: helvetica neue, helvetica, roboto, arial, sans-serif\">Une contestation frontale de la comp\u00e9tence du tribunal<\/span><\/p>\n<p><span style=\"color: #333333;font-family: helvetica neue, helvetica, roboto, arial, sans-serif\">En r\u00e9plique, la partie civile, repr\u00e9sent\u00e9e par Me Saa Dissy Millimono, s\u2019est livr\u00e9e \u00e0 une d\u00e9monstration juridique m\u00e9thodique, visant \u00e0 d\u00e9monter point par point les arguments de la d\u00e9fense et \u00e0 \u00e9tablir le bien-fond\u00e9 de la saisine du tribunal criminel.<\/span><\/p>\n<p><span style=\"color: #333333;font-family: helvetica neue, helvetica, roboto, arial, sans-serif\">Le premier point de friction a port\u00e9 sur la comp\u00e9tence du tribunal criminel \u00e0 conna\u00eetre d\u2019une demande d\u2019annulation d\u2019une ordonnance rendue par le juge d\u2019instruction. La d\u00e9fense s\u2019est appuy\u00e9e sur l\u2019article 396 du Code de proc\u00e9dure p\u00e9nale pour soutenir cette th\u00e8se, une interpr\u00e9tation que la partie civile a vivement contest\u00e9e.<\/span><\/p>\n<p><span style=\"color: #333333;font-family: helvetica neue, helvetica, roboto, arial, sans-serif\">\u00ab L\u2019appel contre une ordonnance de renvoi n\u2019est possible qu\u2019apr\u00e8s la condamnation de l\u2019accus\u00e9. Il serait juridiquement illogique qu\u2019une personne soit jug\u00e9e, condamn\u00e9e, puis puisse revenir en arri\u00e8re pour renvoyer le dossier \u00e0 l\u2019instruction \u00bb, a martel\u00e9 Me Millimono.<\/span><\/p>\n<p><span style=\"color: #333333;font-family: helvetica neue, helvetica, roboto, arial, sans-serif\">Selon l\u2019avocat, la loi est claire : toute demande d\u2019annulation doit \u00eatre port\u00e9e devant la chambre de contr\u00f4le de l\u2019instruction, par voie de requ\u00eate, et non devant la juridiction de jugement.<\/span><\/p>\n<p><span style=\"color: #333333;font-family: helvetica neue, helvetica, roboto, arial, sans-serif\">Des recours d\u00e9j\u00e0 \u00e9puis\u00e9s, selon la partie civile<\/span><\/p>\n<p><span style=\"color: #333333;font-family: helvetica neue, helvetica, roboto, arial, sans-serif\">Me Saa Dissy Millimono a \u00e9galement rappel\u00e9 que la d\u00e9fense avait d\u00e9j\u00e0 exerc\u00e9 ce recours devant la Cour d\u2019appel de Conakry, laquelle avait confirm\u00e9 l\u2019ordonnance de renvoi, lui conf\u00e9rant ainsi un caract\u00e8re d\u00e9finitif.<\/span><\/p>\n<p><span style=\"color: #333333;font-family: helvetica neue, helvetica, roboto, arial, sans-serif\">La d\u00e9fense a par ailleurs invoqu\u00e9 un arr\u00eat rendu le 15 mars 2023, cens\u00e9 avoir annul\u00e9 la proc\u00e9dure. L\u00e0 encore, la partie civile a oppos\u00e9 une fin de non-recevoir, soulignant que toutes les parties avaient form\u00e9 des pourvois en cassation contre cette d\u00e9cision.<\/span><\/p>\n<p><span style=\"color: #333333;font-family: helvetica neue, helvetica, roboto, arial, sans-serif\">\u00ab En mati\u00e8re p\u00e9nale, le pourvoi est suspensif, conform\u00e9ment \u00e0 la loi organique sur la Cour supr\u00eame. Les effets de cet arr\u00eat sont donc gel\u00e9s. On ne peut s\u2019appuyer sur une d\u00e9cision dont l\u2019ex\u00e9cution est suspendue \u00bb, a pr\u00e9cis\u00e9 l\u2019avocat.<\/span><\/p>\n<p><span style=\"color: #333333;font-family: helvetica neue, helvetica, roboto, arial, sans-serif\">Quant \u00e0 un autre arr\u00eat de la Cour supr\u00eame cit\u00e9 par la d\u00e9fense, Me Millimono l\u2019a qualifi\u00e9 d\u2019inex\u00e9cutable, estimant qu\u2019il ferait r\u00e9f\u00e9rence \u00e0 une d\u00e9cision de 2022 inexistante dans le dossier.<\/span><\/p>\n<p><span style=\"color: #333333;font-family: helvetica neue, helvetica, roboto, arial, sans-serif\">Une \u00ab mesure administrative \u00bb \u00e9rig\u00e9e en faux d\u00e9bat<\/span><\/p>\n<p><span style=\"color: #333333;font-family: helvetica neue, helvetica, roboto, arial, sans-serif\">Un autre moyen de nullit\u00e9 soulev\u00e9 par la d\u00e9fense concernait l\u2019absence d\u2019ordonnance formelle du pr\u00e9sident du tribunal de premi\u00e8re instance de Dixinn d\u00e9signant le doyen des juges d\u2019instruction. Un argument que la partie civile a balay\u00e9 d\u2019un revers de main.<\/span><\/p>\n<p><span style=\"color: #333333;font-family: helvetica neue, helvetica, roboto, arial, sans-serif\">\u00ab Il s\u2019agit d\u2019une simple mesure d\u2019administration judiciaire, et non d\u2019une d\u00e9cision juridictionnelle. L\u2019article 153 du CPP pr\u00e9cise que cette formalit\u00e9 ne s\u2019impose que dans les juridictions comptant plusieurs juges d\u2019instruction. Ce n\u2019est en aucun cas une cause de nullit\u00e9 substantielle \u00bb, a-t-il soutenu.<\/span><\/p>\n<p><span style=\"color: #333333;font-family: helvetica neue, helvetica, roboto, arial, sans-serif\">La d\u00e9tention provisoire jug\u00e9e conforme \u00e0 la loi<\/span><\/p>\n<p><span style=\"color: #333333;font-family: helvetica neue, helvetica, roboto, arial, sans-serif\">Enfin, s\u2019agissant de la demande de mise en libert\u00e9 des accus\u00e9s, la partie civile a rejet\u00e9 toute accusation de d\u00e9tention arbitraire. Si elle reconna\u00eet que la libert\u00e9 est le principe et la d\u00e9tention l\u2019exception, elle estime toutefois que le juge d\u2019instruction a agi dans le strict respect de la loi, afin de garantir la manifestation de la v\u00e9rit\u00e9.<\/span><\/p>\n<p><span style=\"color: #333333;font-family: helvetica neue, helvetica, roboto, arial, sans-serif\">\u00ab Nous avons demand\u00e9 au tribunal de rejeter l\u2019annulation de la proc\u00e9dure ainsi que la mise en libert\u00e9 des accus\u00e9s. Nous nourrissons l\u2019espoir que le tribunal suivra nos r\u00e9quisitions au regard des moyens juridiques d\u00e9velopp\u00e9s \u00bb, a conclu Me Saa Dissy Millimono.<\/span><\/p>\n<p><span style=\"color: #333333;font-family: helvetica neue, helvetica, roboto, arial, sans-serif\">Le tribunal est d\u00e9sormais appel\u00e9 \u00e0 trancher ces questions pr\u00e9alables d\u00e9terminantes avant l\u2019ouverture des d\u00e9bats au fond, programm\u00e9e pour le 23 f\u00e9vrier prochain.<\/span><\/p>\n<p>Ledenonciateur224.com<\/p>\n","protected":false},"excerpt":{"rendered":"<p>L\u2019audience du tribunal criminel d\u00e9localis\u00e9 de Dixinn, tenue ce lundi 26 janvier 2026, a \u00e9t\u00e9 largement consacr\u00e9e \u00e0 l\u2019examen des exceptions de nullit\u00e9 soulev\u00e9es par la d\u00e9fense dans le cadre du proc\u00e8s relatif aux \u00e9v\u00e9nements tragiques du stade de Conakry. Les avocats des colonels Jean-Louis Kpoghomou, Georges Olemou, ainsi que de l\u2019adjudant-chef Thomas Touaro, tous [&hellip;]<\/p>\n","protected":false},"author":2,"featured_media":7175,"comment_status":"closed","ping_status":"closed","sticky":false,"template":"","format":"standard","meta":{"_jetpack_memberships_contains_paid_content":false,"footnotes":"","jetpack_publicize_message":"","jetpack_publicize_feature_enabled":true,"jetpack_social_post_already_shared":true,"jetpack_social_options":{"image_generator_settings":{"template":"highway","default_image_id":0,"font":"","enabled":false},"version":2}},"categories":[30,24],"tags":[125],"class_list":{"0":"post-7261","1":"post","2":"type-post","3":"status-publish","4":"format-standard","5":"has-post-thumbnail","7":"category-faits-divers","8":"category-news","9":"tag-proces-du-28-septembre-2009"},"jetpack_publicize_connections":[],"jetpack_featured_media_url":"https:\/\/ledenonciateur224.com\/wp-content\/uploads\/2026\/01\/proces-28-septembre.jpeg","jetpack_sharing_enabled":true,"_links":{"self":[{"href":"https:\/\/ledenonciateur224.com\/index.php\/wp-json\/wp\/v2\/posts\/7261","targetHints":{"allow":["GET"]}}],"collection":[{"href":"https:\/\/ledenonciateur224.com\/index.php\/wp-json\/wp\/v2\/posts"}],"about":[{"href":"https:\/\/ledenonciateur224.com\/index.php\/wp-json\/wp\/v2\/types\/post"}],"author":[{"embeddable":true,"href":"https:\/\/ledenonciateur224.com\/index.php\/wp-json\/wp\/v2\/users\/2"}],"replies":[{"embeddable":true,"href":"https:\/\/ledenonciateur224.com\/index.php\/wp-json\/wp\/v2\/comments?post=7261"}],"version-history":[{"count":1,"href":"https:\/\/ledenonciateur224.com\/index.php\/wp-json\/wp\/v2\/posts\/7261\/revisions"}],"predecessor-version":[{"id":7262,"href":"https:\/\/ledenonciateur224.com\/index.php\/wp-json\/wp\/v2\/posts\/7261\/revisions\/7262"}],"wp:featuredmedia":[{"embeddable":true,"href":"https:\/\/ledenonciateur224.com\/index.php\/wp-json\/wp\/v2\/media\/7175"}],"wp:attachment":[{"href":"https:\/\/ledenonciateur224.com\/index.php\/wp-json\/wp\/v2\/media?parent=7261"}],"wp:term":[{"taxonomy":"category","embeddable":true,"href":"https:\/\/ledenonciateur224.com\/index.php\/wp-json\/wp\/v2\/categories?post=7261"},{"taxonomy":"post_tag","embeddable":true,"href":"https:\/\/ledenonciateur224.com\/index.php\/wp-json\/wp\/v2\/tags?post=7261"}],"curies":[{"name":"wp","href":"https:\/\/api.w.org\/{rel}","templated":true}]}}