{"id":7267,"date":"2026-01-26T22:03:20","date_gmt":"2026-01-26T22:03:20","guid":{"rendered":"https:\/\/ledenonciateur224.com\/?p=7267"},"modified":"2026-01-26T22:03:20","modified_gmt":"2026-01-26T22:03:20","slug":"decret-amadou-oury-bah-reconduit-premier-ministre","status":"publish","type":"post","link":"https:\/\/ledenonciateur224.com\/index.php\/decret-amadou-oury-bah-reconduit-premier-ministre\/","title":{"rendered":"D\u00e9cret : Amadou Oury Bah reconduit premier ministre"},"content":{"rendered":"<p>Le d\u00e9cret pr\u00e9sidentiel est tomb\u00e9 ce lundi 26 janvier 2026. Le Pr\u00e9sident de la R\u00e9publique, Mamadi Doumbouya, a officiellement nomm\u00e9 le Premier ministre charg\u00e9 de conduire le tout premier gouvernement de la V\u1d49 R\u00e9publique.<br \/>\nSans surprise, le Chef de l\u2019\u00c9tat a renouvel\u00e9 sa confiance \u00e0 Amadou Oury Bah, reconduit \u00e0 la Primature apr\u00e8s avoir d\u00e9j\u00e0 dirig\u00e9 l\u2019\u00e9quipe gouvernementale sortante. Un choix qui confirme la solidit\u00e9 d\u2019une relation politique et personnelle b\u00e2tie de longue date, et renforc\u00e9e depuis le 27 f\u00e9vrier 2024.<br \/>\nAncien chef du Gouvernement et principal artisan de la campagne pr\u00e9sidentielle victorieuse de Mamadi Doumbouya, Amadou Oury Bah incarne la continuit\u00e9 et la stabilit\u00e9 dans cette nouvelle phase institutionnelle du pays.<br \/>\nD\u00e9sormais investi de cette mission strat\u00e9gique, le nouveau Premier ministre devra d\u00e9finir l\u2019architecture du prochain cabinet, composer une \u00e9quipe gouvernementale repr\u00e9sentative et engager la mise en \u0153uvre des grandes orientations de la V\u1d49 R\u00e9publique, dans un contexte marqu\u00e9 par de fortes attentes politiques, \u00e9conomiques et sociales.<\/p>\n<p>&nbsp;<\/p>\n<p>Ledenonciateur224.com<\/p>\n","protected":false},"excerpt":{"rendered":"<p>Le d\u00e9cret pr\u00e9sidentiel est tomb\u00e9 ce lundi 26 janvier 2026. Le Pr\u00e9sident de la R\u00e9publique, Mamadi Doumbouya, a officiellement nomm\u00e9 le Premier ministre charg\u00e9 de conduire le tout premier gouvernement de la V\u1d49 R\u00e9publique. Sans surprise, le Chef de l\u2019\u00c9tat a renouvel\u00e9 sa confiance \u00e0 Amadou Oury Bah, reconduit \u00e0 la Primature apr\u00e8s avoir d\u00e9j\u00e0 [&hellip;]<\/p>\n","protected":false},"author":2,"featured_media":1167,"comment_status":"closed","ping_status":"closed","sticky":false,"template":"","format":"standard","meta":{"_jetpack_memberships_contains_paid_content":false,"footnotes":"","jetpack_publicize_message":"","jetpack_publicize_feature_enabled":true,"jetpack_social_post_already_shared":true,"jetpack_social_options":{"image_generator_settings":{"template":"highway","default_image_id":0,"font":"","enabled":false},"version":2}},"categories":[24,27],"tags":[434],"class_list":{"0":"post-7267","1":"post","2":"type-post","3":"status-publish","4":"format-standard","5":"has-post-thumbnail","7":"category-news","8":"category-politique","9":"tag-premier-ministre"},"jetpack_publicize_connections":[],"jetpack_featured_media_url":"https:\/\/ledenonciateur224.com\/wp-content\/uploads\/2025\/01\/bah-oury-pm-1-scaled-1.jpg","jetpack_sharing_enabled":true,"_links":{"self":[{"href":"https:\/\/ledenonciateur224.com\/index.php\/wp-json\/wp\/v2\/posts\/7267","targetHints":{"allow":["GET"]}}],"collection":[{"href":"https:\/\/ledenonciateur224.com\/index.php\/wp-json\/wp\/v2\/posts"}],"about":[{"href":"https:\/\/ledenonciateur224.com\/index.php\/wp-json\/wp\/v2\/types\/post"}],"author":[{"embeddable":true,"href":"https:\/\/ledenonciateur224.com\/index.php\/wp-json\/wp\/v2\/users\/2"}],"replies":[{"embeddable":true,"href":"https:\/\/ledenonciateur224.com\/index.php\/wp-json\/wp\/v2\/comments?post=7267"}],"version-history":[{"count":1,"href":"https:\/\/ledenonciateur224.com\/index.php\/wp-json\/wp\/v2\/posts\/7267\/revisions"}],"predecessor-version":[{"id":7268,"href":"https:\/\/ledenonciateur224.com\/index.php\/wp-json\/wp\/v2\/posts\/7267\/revisions\/7268"}],"wp:featuredmedia":[{"embeddable":true,"href":"https:\/\/ledenonciateur224.com\/index.php\/wp-json\/wp\/v2\/media\/1167"}],"wp:attachment":[{"href":"https:\/\/ledenonciateur224.com\/index.php\/wp-json\/wp\/v2\/media?parent=7267"}],"wp:term":[{"taxonomy":"category","embeddable":true,"href":"https:\/\/ledenonciateur224.com\/index.php\/wp-json\/wp\/v2\/categories?post=7267"},{"taxonomy":"post_tag","embeddable":true,"href":"https:\/\/ledenonciateur224.com\/index.php\/wp-json\/wp\/v2\/tags?post=7267"}],"curies":[{"name":"wp","href":"https:\/\/api.w.org\/{rel}","templated":true}]}}