{"id":7272,"date":"2026-01-26T22:17:33","date_gmt":"2026-01-26T22:17:33","guid":{"rendered":"https:\/\/ledenonciateur224.com\/?p=7272"},"modified":"2026-01-26T22:17:33","modified_gmt":"2026-01-26T22:17:33","slug":"guinee-le-president-de-la-republique-devoile-la-structure-gouvernementale","status":"publish","type":"post","link":"https:\/\/ledenonciateur224.com\/index.php\/guinee-le-president-de-la-republique-devoile-la-structure-gouvernementale\/","title":{"rendered":"Guin\u00e9e : Le Pr\u00e9sident de la R\u00e9publique d\u00e9voile la structure gouvernementale"},"content":{"rendered":"<div dir=\"auto\">Dans la foul\u00e9e de la reconduction d\u2019Amadou Oury Bah au poste de Premier ministre, le Pr\u00e9sident de la R\u00e9publique, le G\u00e9n\u00e9ral Mamadi Doumbouya, a proc\u00e9d\u00e9 \u00e0 la publication du d\u00e9cret portant organisation du premier Gouvernement de la V\u1d49 R\u00e9publique.<\/div>\n<div dir=\"auto\">Ce texte fondateur fixe les bases institutionnelles de l\u2019Ex\u00e9cutif appel\u00e9 \u00e0 conduire les grandes r\u00e9formes et \u00e0 piloter les chantiers structurants du nouveau quinquennat.<\/div>\n<div dir=\"auto\">La nouvelle \u00e9quipe gouvernementale s\u2019articule autour de 27 minist\u00e8res et de deux Secr\u00e9tariats g\u00e9n\u00e9raux, traduisant la volont\u00e9 des autorit\u00e9s de renforcer l\u2019efficacit\u00e9 administrative, d\u2019acc\u00e9l\u00e9rer la modernisation de l\u2019\u00c9tat et de r\u00e9pondre aux priorit\u00e9s \u00e9conomiques, sociales et s\u00e9curitaires du pays.<\/div>\n<div dir=\"auto\">Cette architecture gouvernementale couvre l\u2019ensemble des secteurs strat\u00e9giques, allant de la justice et de la d\u00e9fense \u00e0 l\u2019\u00e9conomie, en passant par l\u2019\u00e9ducation, la sant\u00e9, l\u2019\u00e9nergie, l\u2019environnement, la jeunesse et l\u2019innovation num\u00e9rique.<\/div>\n<div dir=\"auto\"><\/div>\n<div dir=\"auto\">\n<ol>\n<li>Minist\u00e8re de la Justice et des Droits de l\u2019Homme.<\/li>\n<li>Minist\u00e8re de la D\u00e9fense Nationale.<\/li>\n<li>Minist\u00e8re de l\u2019Administration du Territoire et de la D\u00e9centralisation.<\/li>\n<li>Minist\u00e8re de la S\u00e9curit\u00e9 et de la Protection Civile.<\/li>\n<li>Minist\u00e8re des Affaires \u00c9trang\u00e8res, de l\u2019int\u00e9gration africaine et des Guin\u00e9ens \u00e9tablis \u00e0 l\u2019\u00e9tranger.<\/li>\n<li>Minist\u00e8re de l\u2019Economie, des Finances et du Budget.<\/li>\n<li>Minist\u00e8re du Plan, de la Coop\u00e9ration Internationale et du D\u00e9veloppement.<\/li>\n<li>Minist\u00e8re de la Modernisation de l\u2019Administration et de la Fonction Publique.<\/li>\n<li>Minist\u00e8re de l\u2019Emploi, du Travail et de la Protection Sociale.<\/li>\n<li>Minist\u00e8re des Mines et de la G\u00e9ologie.<\/li>\n<li>Minist\u00e8re de l\u2019Agriculture.<\/li>\n<li>12.Minist\u00e8re de l\u2019\u00c9levage.<\/li>\n<\/ol>\n<ol start=\"13\">\n<li>Minist\u00e8re de la P\u00eache et de l\u2019\u00c9conomie Maritime.<\/li>\n<li>Minist\u00e8re de l\u2019Industrie et du Commerce.<\/li>\n<li>Minist\u00e8re de l\u2019Enseignement Sup\u00e9rieur et de la Recherche Scientifique.<\/li>\n<li>Minist\u00e8re de l\u2019\u00c9ducation Nationale, de l\u2019Alphab\u00e9tisation, de l\u2019Enseignement Technique et de la Formation Professionnelle.<\/li>\n<li>Minist\u00e8re de la Culture, du Tourisme et de l\u2019Artisanat.<\/li>\n<li>Minist\u00e8re de la Sant\u00e9 et de l\u2019Hygi\u00e8ne Publique.<\/li>\n<li>Minist\u00e8re de la Femme, de la Famille et de la Solidarit\u00e9.<\/li>\n<li>Minist\u00e8re de la Jeunesse et des Sports.<\/li>\n<li>Minist\u00e8re des Infrastructures.<\/li>\n<li>Minist\u00e8re des Transports.<\/li>\n<li>Minist\u00e8re de la Communication, de l\u2019\u00c9conomie Num\u00e9rique et de l\u2019Innovation.<\/li>\n<li>Minist\u00e8re de l\u2019Environnement et du D\u00e9veloppement Durable.<\/li>\n<li>Minist\u00e8re de l\u2019\u00c9nergie.<\/li>\n<li>Minist\u00e8re de l\u2019Assainissement, de l\u2019Hydraulique et des Hydrocarbures.<\/li>\n<li>Minist\u00e8re de l\u2019Urbanisme, de l\u2019Habitat et de l\u2019Am\u00e9nagement du Territoire.<\/li>\n<li>Secr\u00e9tariat G\u00e9n\u00e9ral du Gouvernement.<\/li>\n<li>Secr\u00e9tariat G\u00e9n\u00e9ral des Affaires Religieuses.<\/li>\n<li><\/li>\n<\/ol>\n<p>Ledenonciateur224.com<\/p>\n<\/div>\n","protected":false},"excerpt":{"rendered":"<p>Dans la foul\u00e9e de la reconduction d\u2019Amadou Oury Bah au poste de Premier ministre, le Pr\u00e9sident de la R\u00e9publique, le G\u00e9n\u00e9ral Mamadi Doumbouya, a proc\u00e9d\u00e9 \u00e0 la publication du d\u00e9cret portant organisation du premier Gouvernement de la V\u1d49 R\u00e9publique. Ce texte fondateur fixe les bases institutionnelles de l\u2019Ex\u00e9cutif appel\u00e9 \u00e0 conduire les grandes r\u00e9formes et [&hellip;]<\/p>\n","protected":false},"author":2,"featured_media":7226,"comment_status":"closed","ping_status":"closed","sticky":false,"template":"","format":"standard","meta":{"_jetpack_memberships_contains_paid_content":false,"footnotes":"","jetpack_publicize_message":"","jetpack_publicize_feature_enabled":true,"jetpack_social_post_already_shared":true,"jetpack_social_options":{"image_generator_settings":{"template":"highway","default_image_id":0,"font":"","enabled":false},"version":2}},"categories":[24,27],"tags":[1480],"class_list":{"0":"post-7272","1":"post","2":"type-post","3":"status-publish","4":"format-standard","5":"has-post-thumbnail","7":"category-news","8":"category-politique","9":"tag-nouveau-gouvernement"},"jetpack_publicize_connections":[],"jetpack_featured_media_url":"https:\/\/ledenonciateur224.com\/wp-content\/uploads\/2026\/01\/mamadidoumbouya-ok-1.jpeg","jetpack_sharing_enabled":true,"_links":{"self":[{"href":"https:\/\/ledenonciateur224.com\/index.php\/wp-json\/wp\/v2\/posts\/7272","targetHints":{"allow":["GET"]}}],"collection":[{"href":"https:\/\/ledenonciateur224.com\/index.php\/wp-json\/wp\/v2\/posts"}],"about":[{"href":"https:\/\/ledenonciateur224.com\/index.php\/wp-json\/wp\/v2\/types\/post"}],"author":[{"embeddable":true,"href":"https:\/\/ledenonciateur224.com\/index.php\/wp-json\/wp\/v2\/users\/2"}],"replies":[{"embeddable":true,"href":"https:\/\/ledenonciateur224.com\/index.php\/wp-json\/wp\/v2\/comments?post=7272"}],"version-history":[{"count":1,"href":"https:\/\/ledenonciateur224.com\/index.php\/wp-json\/wp\/v2\/posts\/7272\/revisions"}],"predecessor-version":[{"id":7273,"href":"https:\/\/ledenonciateur224.com\/index.php\/wp-json\/wp\/v2\/posts\/7272\/revisions\/7273"}],"wp:featuredmedia":[{"embeddable":true,"href":"https:\/\/ledenonciateur224.com\/index.php\/wp-json\/wp\/v2\/media\/7226"}],"wp:attachment":[{"href":"https:\/\/ledenonciateur224.com\/index.php\/wp-json\/wp\/v2\/media?parent=7272"}],"wp:term":[{"taxonomy":"category","embeddable":true,"href":"https:\/\/ledenonciateur224.com\/index.php\/wp-json\/wp\/v2\/categories?post=7272"},{"taxonomy":"post_tag","embeddable":true,"href":"https:\/\/ledenonciateur224.com\/index.php\/wp-json\/wp\/v2\/tags?post=7272"}],"curies":[{"name":"wp","href":"https:\/\/api.w.org\/{rel}","templated":true}]}}