{"id":7274,"date":"2026-01-27T07:35:45","date_gmt":"2026-01-27T07:35:45","guid":{"rendered":"https:\/\/ledenonciateur224.com\/?p=7274"},"modified":"2026-01-27T07:35:45","modified_gmt":"2026-01-27T07:35:45","slug":"kankan-media-la-radio-horizon-reprend-ses-emissions-apres-plusieurs-mois-dinterruption-de-son-signal","status":"publish","type":"post","link":"https:\/\/ledenonciateur224.com\/index.php\/kankan-media-la-radio-horizon-reprend-ses-emissions-apres-plusieurs-mois-dinterruption-de-son-signal\/","title":{"rendered":"Kankan : Media \/ La radio Horizon reprend ses \u00e9missions apr\u00e8s plusieurs mois d&rsquo;interruption de son signal"},"content":{"rendered":"<p>Ce dimanche s&rsquo;est tenue une r\u00e9union d\u00e9terminante entre le bureau des auditeurs de la radio Horizon FM Kankan et la direction de la station. Apr\u00e8s une absence de deux mois sur la sc\u00e8ne m\u00e9diatique en raison d&rsquo;un d\u00e9m\u00e9nagement, un important \u00e9change et un partage d&rsquo;id\u00e9es ont eu lieu dans les nouveaux locaux de la station, situ\u00e9s au quartier Aviation. Cette rencontre a rassembl\u00e9 des auditeurs et des journalistes, ainsi que des participants issus de divers horizons.<\/p>\n<p>C&rsquo;est aux environs de 10 heures que les auditeurs et les journalistes se sont r\u00e9unis au nouveau si\u00e8ge de la radio. Cette rencontre, riche en \u00e9changes fructueux et en convivialit\u00e9, a constitu\u00e9 un tournant d\u00e9cisif dans le renforcement des liens fraternels entre journalistes et auditeurs. Provenant d&rsquo;horizons divers pour participer \u00e0 cette rencontre, les auditeurs ont chacun exprim\u00e9 leur enthousiasme face \u00e0 ce retour triomphal, tout en reconnaissant les nombreux d\u00e9fis qui l&rsquo;attendent sur la sc\u00e8ne m\u00e9diatique.<\/p>\n<p><img loading=\"lazy\" decoding=\"async\" class=\"alignnone size-full wp-image-7276\" src=\"https:\/\/ledenonciateur224.com\/wp-content\/uploads\/2026\/01\/img-20260126-wa0039.jpg\" alt=\"\" width=\"1280\" height=\"655\" srcset=\"https:\/\/ledenonciateur224.com\/wp-content\/uploads\/2026\/01\/img-20260126-wa0039.jpg 1280w, https:\/\/ledenonciateur224.com\/wp-content\/uploads\/2026\/01\/img-20260126-wa0039-300x154.jpg 300w, https:\/\/ledenonciateur224.com\/wp-content\/uploads\/2026\/01\/img-20260126-wa0039-1024x524.jpg 1024w, https:\/\/ledenonciateur224.com\/wp-content\/uploads\/2026\/01\/img-20260126-wa0039-768x393.jpg 768w, https:\/\/ledenonciateur224.com\/wp-content\/uploads\/2026\/01\/img-20260126-wa0039-150x77.jpg 150w, https:\/\/ledenonciateur224.com\/wp-content\/uploads\/2026\/01\/img-20260126-wa0039-696x356.jpg 696w, https:\/\/ledenonciateur224.com\/wp-content\/uploads\/2026\/01\/img-20260126-wa0039-1068x547.jpg 1068w, https:\/\/ledenonciateur224.com\/wp-content\/uploads\/2026\/01\/img-20260126-wa0039-821x420.jpg 821w\" sizes=\"auto, (max-width: 1280px) 100vw, 1280px\" \/><\/p>\n<p>Au cours des d\u00e9bats, plusieurs points ont \u00e9t\u00e9 abord\u00e9s. Le directeur r\u00e9gional de la radio a donn\u00e9 la parole \u00e0 chaque participant du public, permettant ainsi l&rsquo;expression de divers avis. Toutes ces interventions se sont inscrites dans une dynamique visant \u00e0 redonner un nouvel \u00e9lan \u00e0 ce m\u00e9dia. Pour sa part, le pr\u00e9sident des auditeurs a propos\u00e9 une cotisation mensuelle de 10 000 francs afin de soutenir la radio et d&rsquo;aider les cas sociaux.<\/p>\n<p>\u00c0 l&rsquo;issue de cette rencontre, la direction g\u00e9n\u00e9rale a exprim\u00e9 sa satisfaction envers son ancien directeur technique. Du c\u00f4t\u00e9 des auditeurs issus des villages recul\u00e9s, plusieurs recommandations ont \u00e9t\u00e9 formul\u00e9es. La direction g\u00e9n\u00e9rale de Radio Horizon FM Kankan s&rsquo;engage \u00e0 prendre en compte ces suggestions dans les jours \u00e0 venir.<\/p>\n<p>&nbsp;<\/p>\n<p>Cellule de communication, Radio Horizon FM Kankan.<\/p>\n","protected":false},"excerpt":{"rendered":"<p>Ce dimanche s&rsquo;est tenue une r\u00e9union d\u00e9terminante entre le bureau des auditeurs de la radio Horizon FM Kankan et la direction de la station. Apr\u00e8s une absence de deux mois sur la sc\u00e8ne m\u00e9diatique en raison d&rsquo;un d\u00e9m\u00e9nagement, un important \u00e9change et un partage d&rsquo;id\u00e9es ont eu lieu dans les nouveaux locaux de la station, [&hellip;]<\/p>\n","protected":false},"author":2,"featured_media":7275,"comment_status":"closed","ping_status":"closed","sticky":false,"template":"","format":"standard","meta":{"_jetpack_memberships_contains_paid_content":false,"footnotes":"","jetpack_publicize_message":"","jetpack_publicize_feature_enabled":true,"jetpack_social_post_already_shared":true,"jetpack_social_options":{"image_generator_settings":{"template":"highway","default_image_id":0,"font":"","enabled":false},"version":2}},"categories":[30,24],"tags":[1205,669],"class_list":{"0":"post-7274","1":"post","2":"type-post","3":"status-publish","4":"format-standard","5":"has-post-thumbnail","7":"category-faits-divers","8":"category-news","9":"tag-actu-kankan","10":"tag-media-guinee"},"jetpack_publicize_connections":[],"jetpack_featured_media_url":"https:\/\/ledenonciateur224.com\/wp-content\/uploads\/2026\/01\/img-20260126-wa0040.jpg","jetpack_sharing_enabled":true,"_links":{"self":[{"href":"https:\/\/ledenonciateur224.com\/index.php\/wp-json\/wp\/v2\/posts\/7274","targetHints":{"allow":["GET"]}}],"collection":[{"href":"https:\/\/ledenonciateur224.com\/index.php\/wp-json\/wp\/v2\/posts"}],"about":[{"href":"https:\/\/ledenonciateur224.com\/index.php\/wp-json\/wp\/v2\/types\/post"}],"author":[{"embeddable":true,"href":"https:\/\/ledenonciateur224.com\/index.php\/wp-json\/wp\/v2\/users\/2"}],"replies":[{"embeddable":true,"href":"https:\/\/ledenonciateur224.com\/index.php\/wp-json\/wp\/v2\/comments?post=7274"}],"version-history":[{"count":1,"href":"https:\/\/ledenonciateur224.com\/index.php\/wp-json\/wp\/v2\/posts\/7274\/revisions"}],"predecessor-version":[{"id":7277,"href":"https:\/\/ledenonciateur224.com\/index.php\/wp-json\/wp\/v2\/posts\/7274\/revisions\/7277"}],"wp:featuredmedia":[{"embeddable":true,"href":"https:\/\/ledenonciateur224.com\/index.php\/wp-json\/wp\/v2\/media\/7275"}],"wp:attachment":[{"href":"https:\/\/ledenonciateur224.com\/index.php\/wp-json\/wp\/v2\/media?parent=7274"}],"wp:term":[{"taxonomy":"category","embeddable":true,"href":"https:\/\/ledenonciateur224.com\/index.php\/wp-json\/wp\/v2\/categories?post=7274"},{"taxonomy":"post_tag","embeddable":true,"href":"https:\/\/ledenonciateur224.com\/index.php\/wp-json\/wp\/v2\/tags?post=7274"}],"curies":[{"name":"wp","href":"https:\/\/api.w.org\/{rel}","templated":true}]}}