{"id":7278,"date":"2026-01-27T18:07:06","date_gmt":"2026-01-27T18:07:06","guid":{"rendered":"https:\/\/ledenonciateur224.com\/?p=7278"},"modified":"2026-01-27T18:07:06","modified_gmt":"2026-01-27T18:07:06","slug":"5eme-republique-bah-oury-reconduit-a-la-primature-entre-emotion-responsabilite-et-appel-a-lunite-nationale","status":"publish","type":"post","link":"https:\/\/ledenonciateur224.com\/index.php\/5eme-republique-bah-oury-reconduit-a-la-primature-entre-emotion-responsabilite-et-appel-a-lunite-nationale\/","title":{"rendered":"5\u00e8me R\u00e9publique : Bah Oury reconduit \u00e0 la Primature, entre \u00e9motion, responsabilit\u00e9 et appel \u00e0 l\u2019unit\u00e9 nationale"},"content":{"rendered":"<p>Confirm\u00e9 ce lundi dans ses fonctions par le Pr\u00e9sident de la R\u00e9publique, le G\u00e9n\u00e9ral Mamadi Doumbouya, Amadou Oury Bah entre dans l\u2019histoire politique de la Guin\u00e9e en devenant le chef du tout premier gouvernement de la V\u1d49 R\u00e9publique. Une reconduction hautement symbolique, qui intervient \u00e0 un moment charni\u00e8re de la transition et qui place le Premier ministre face \u00e0 des attentes immenses, tant sur le plan institutionnel que social.<\/p>\n<p>\u00c0 la t\u00eate d\u2019un gouvernement d\u00e9sormais resserr\u00e9 autour de 27 minist\u00e8res et de deux secr\u00e9tariats g\u00e9n\u00e9raux, Bah Oury devra impulser une nouvelle dynamique, conciliant efficacit\u00e9 administrative, coh\u00e9sion nationale et r\u00e9sultats concrets pour les populations. Conscient de l\u2019enjeu, le Premier ministre a r\u00e9agi avec \u00e9motion et gravit\u00e9, pla\u00e7ant ce nouveau mandat sous le signe de la responsabilit\u00e9 collective et de l\u2019unit\u00e9 nationale.<\/p>\n<p>Dans sa premi\u00e8re prise de parole apr\u00e8s l\u2019annonce officielle, \u00e0 travers une courte vid\u00e9o publi\u00e9e sur son compte X, Amadou Oury Bah n\u2019a pas dissimul\u00e9 son \u00e9motion face \u00e0 la d\u00e9cision pr\u00e9sidentielle. Il a tenu \u00e0 exprimer sa reconnaissance au Chef de l\u2019\u00c9tat pour ce qu\u2019il qualifie de \u00ab choix de continuit\u00e9 \u00bb.<\/p>\n<p>\u00ab Je suis particuli\u00e8rement \u00e9mu d\u2019abord pour le renouvellement de la confiance que le Pr\u00e9sident de la R\u00e9publique, Mamadi Doumbouya, m\u2019a une nouvelle fois gratifi\u00e9 \u00bb, a-t-il d\u00e9clar\u00e9.<br \/>\nLe Premier ministre est \u00e9galement revenu sur les jours qui ont suivi la d\u00e9mission de son gouvernement, le 22 janvier dernier. Une p\u00e9riode marqu\u00e9e, selon lui, par un \u00e9lan de solidarit\u00e9 nationale et internationale qui l\u2019a profond\u00e9ment touch\u00e9.<br \/>\n\u00ab J\u2019ai \u00e9t\u00e9 particuli\u00e8rement sensible ces trois derniers jours par les multiples manifestations de sympathie, d\u2019encouragement et de f\u00e9licitations \u00bb, a-t-il confi\u00e9, \u00e9voquant les nombreux messages re\u00e7us de ses compatriotes comme d\u2019observateurs \u00e9trangers.<br \/>\nPour Bah Oury, cette vague d\u2019empathie d\u00e9passe le simple soutien personnel. Elle traduit, selon lui, une exigence claire de r\u00e9sultats. Les encouragements venus \u00ab d\u2019horizons divers et de sensibilit\u00e9s diverses \u00bb constituent un message fort : celui d\u2019une population en attente d\u2019actions concr\u00e8tes et de r\u00e9ponses \u00e0 ses aspirations profondes.<br \/>\n\u00ab Cela veut dire que tout ce monde attend de moi une action qui permettra de r\u00e9pondre \u00e0 leurs aspirations et \u00e0 leurs besoins \u00bb, a-t-il analys\u00e9, avant d\u2019admettre avec lucidit\u00e9 :<br \/>\n\u00ab Tout cela m\u2019a amen\u00e9 \u00e0 prendre en compte ma charge, qui est devenue encore beaucoup plus lourde que par le pass\u00e9. \u00bb<br \/>\nFace aux d\u00e9fis li\u00e9s \u00e0 la mise en place des institutions de la V\u1d49 R\u00e9publique, le Premier ministre ne sous-estime en rien l\u2019ampleur de la t\u00e2che. \u00ab La t\u00e2che n\u2019est pas facile \u00bb, reconna\u00eet-il, identifiant deux imp\u00e9ratifs majeurs pour la r\u00e9ussite de l\u2019action gouvernementale : la coh\u00e9sion sociale, indispensable pour rassembler les Guin\u00e9ens autour des r\u00e9formes, et la stabilit\u00e9, condition essentielle au d\u00e9veloppement \u00e9conomique et \u00e0 l\u2019attractivit\u00e9 du pays.<br \/>\nDans un appel solennel \u00e0 l\u2019unit\u00e9, Bah Oury a insist\u00e9 sur la n\u00e9cessit\u00e9 d\u2019une mobilisation collective :<br \/>\n\u00ab Nous avons besoin de tout le monde \u00bb, a-t-il martel\u00e9, priant pour avoir la force de \u00ab mettre en \u0153uvre les attentes et les besoins que la population guin\u00e9enne exprime de tous ses v\u0153ux \u00bb.<br \/>\nR\u00e9affirmant sa loyaut\u00e9 \u00e0 la vision port\u00e9e par le Pr\u00e9sident Mamadi Doumbouya, le Premier ministre promet de s\u2019investir pleinement \u00ab pour l\u2019int\u00e9r\u00eat du programme incarn\u00e9 par le Pr\u00e9sident \u00bb, tout en gardant pour boussole la satisfaction des populations.<br \/>\nDisant mesurer \u00ab avec gravit\u00e9 \u00bb la mission qui lui est confi\u00e9e, Amadou Oury Bah assure \u00eatre d\u00e9sormais r\u00e9solument tourn\u00e9 vers l\u2019action, d\u00e9termin\u00e9 \u00e0 faire avancer la Guin\u00e9e, \u00ab avec l\u2019aide de Dieu \u00bb, dans cette nouvelle \u00e8re institutionnelle.<\/p>\n<p>&nbsp;<\/p>\n<p>AMC 622 42 41 87<\/p>\n","protected":false},"excerpt":{"rendered":"<p>Confirm\u00e9 ce lundi dans ses fonctions par le Pr\u00e9sident de la R\u00e9publique, le G\u00e9n\u00e9ral Mamadi Doumbouya, Amadou Oury Bah entre dans l\u2019histoire politique de la Guin\u00e9e en devenant le chef du tout premier gouvernement de la V\u1d49 R\u00e9publique. Une reconduction hautement symbolique, qui intervient \u00e0 un moment charni\u00e8re de la transition et qui place le [&hellip;]<\/p>\n","protected":false},"author":2,"featured_media":6110,"comment_status":"closed","ping_status":"closed","sticky":false,"template":"","format":"standard","meta":{"_jetpack_memberships_contains_paid_content":false,"footnotes":"","jetpack_publicize_message":"","jetpack_publicize_feature_enabled":true,"jetpack_social_post_already_shared":true,"jetpack_social_options":{"image_generator_settings":{"template":"highway","default_image_id":0,"font":"","enabled":false},"version":2}},"categories":[24,27],"tags":[1047,1485],"class_list":{"0":"post-7278","1":"post","2":"type-post","3":"status-publish","4":"format-standard","5":"has-post-thumbnail","7":"category-news","8":"category-politique","9":"tag-bah-oury","10":"tag-pm-guinee"},"jetpack_publicize_connections":[],"jetpack_featured_media_url":"https:\/\/ledenonciateur224.com\/wp-content\/uploads\/2025\/11\/fb-img-1763746899224.jpg","jetpack_sharing_enabled":true,"_links":{"self":[{"href":"https:\/\/ledenonciateur224.com\/index.php\/wp-json\/wp\/v2\/posts\/7278","targetHints":{"allow":["GET"]}}],"collection":[{"href":"https:\/\/ledenonciateur224.com\/index.php\/wp-json\/wp\/v2\/posts"}],"about":[{"href":"https:\/\/ledenonciateur224.com\/index.php\/wp-json\/wp\/v2\/types\/post"}],"author":[{"embeddable":true,"href":"https:\/\/ledenonciateur224.com\/index.php\/wp-json\/wp\/v2\/users\/2"}],"replies":[{"embeddable":true,"href":"https:\/\/ledenonciateur224.com\/index.php\/wp-json\/wp\/v2\/comments?post=7278"}],"version-history":[{"count":1,"href":"https:\/\/ledenonciateur224.com\/index.php\/wp-json\/wp\/v2\/posts\/7278\/revisions"}],"predecessor-version":[{"id":7279,"href":"https:\/\/ledenonciateur224.com\/index.php\/wp-json\/wp\/v2\/posts\/7278\/revisions\/7279"}],"wp:featuredmedia":[{"embeddable":true,"href":"https:\/\/ledenonciateur224.com\/index.php\/wp-json\/wp\/v2\/media\/6110"}],"wp:attachment":[{"href":"https:\/\/ledenonciateur224.com\/index.php\/wp-json\/wp\/v2\/media?parent=7278"}],"wp:term":[{"taxonomy":"category","embeddable":true,"href":"https:\/\/ledenonciateur224.com\/index.php\/wp-json\/wp\/v2\/categories?post=7278"},{"taxonomy":"post_tag","embeddable":true,"href":"https:\/\/ledenonciateur224.com\/index.php\/wp-json\/wp\/v2\/tags?post=7278"}],"curies":[{"name":"wp","href":"https:\/\/api.w.org\/{rel}","templated":true}]}}