{"id":728,"date":"2024-12-31T22:44:59","date_gmt":"2024-12-31T22:44:59","guid":{"rendered":"https:\/\/ledenonciateur224.com\/?p=728"},"modified":"2024-12-31T22:44:59","modified_gmt":"2024-12-31T22:44:59","slug":"aliou-bah-soppose-a-la-transition-les-autorites-sont-dans-un-agenda-de-confiscation-du-pouvoir","status":"publish","type":"post","link":"https:\/\/ledenonciateur224.com\/index.php\/aliou-bah-soppose-a-la-transition-les-autorites-sont-dans-un-agenda-de-confiscation-du-pouvoir\/","title":{"rendered":"Aliou Bah s&rsquo;oppose \u00e0 la transition : \u00ab Les autorit\u00e9s sont dans un agenda de confiscation du pouvoir \u00bb"},"content":{"rendered":"<div dir=\"auto\">\n<div dir=\"auto\">Lors de son proc\u00e8s pour \u00ab offense au chef de l&rsquo;\u00c9tat \u00bb, le leader du MoDeL d\u00e9nonce un projet politique visant \u00e0 maintenir ind\u00e9finiment les autorit\u00e9s de la transition au pouvoir.<\/div>\n<\/div>\n<div dir=\"auto\"><\/div>\n<div dir=\"auto\"><\/div>\n<div dir=\"auto\"><\/div>\n<div dir=\"auto\"><\/div>\n<div dir=\"auto\">\n<div dir=\"auto\"><\/div>\n<div dir=\"auto\">Lors de sa d\u00e9position ce mardi 31 d\u00e9cembre 2024, le leader du Mouvement D\u00e9mocratique Lib\u00e9ral (MoDeL), Mamadou Aliou Bah, accus\u00e9 d&rsquo;\u00ab offense au chef de l&rsquo;\u00c9tat \u00bb, a vigoureusement exprim\u00e9 ses pr\u00e9occupations politiques. Il a notamment critiqu\u00e9 les autorit\u00e9s de la transition, qu&rsquo;il accuse de poursuivre un agenda visant \u00e0 maintenir le pouvoir, contredisant ainsi les engagements pris au d\u00e9but de la transition. Dans son plaidoyer, il a insist\u00e9 sur l&rsquo;absence de l\u00e9gitimit\u00e9 de l&rsquo;actuel r\u00e9gime, appelant \u00e0 un retour rapide \u00e0 la d\u00e9mocratie par le biais d&rsquo;\u00e9lections.<\/div>\n<div dir=\"auto\"><\/div>\n<\/div>\n<div dir=\"auto\"><\/div>\n<div dir=\"auto\"><\/div>\n<div dir=\"auto\"><\/div>\n<div dir=\"auto\"><\/div>\n<div dir=\"auto\">\n<div dir=\"auto\"><\/div>\n<div dir=\"auto\">Dans le cadre de son proc\u00e8s pour \u00ab offense au chef de l&rsquo;\u00c9tat \u00bb devant le tribunal correctionnel de Kaloum, Mamadou Aliou Bah, leader du MoDeL, n&rsquo;a pas m\u00e2ch\u00e9 ses mots. Le 31 d\u00e9cembre 2024, il a d\u00e9nonc\u00e9, avec vigueur, ce qu&rsquo;il consid\u00e8re comme une tentative de confiscation du pouvoir par les autorit\u00e9s de la transition.<\/div>\n<div dir=\"auto\"><\/div>\n<div dir=\"auto\">Lors de l&rsquo;audience, son avocat, Ma\u00eetre P\u00e9p\u00e9 Antoine Lamah, a fermement rejet\u00e9 les accusations, affirmant que son client n&rsquo;avait ni offens\u00e9 ni diffam\u00e9 le pr\u00e9sident de la transition. Il a soulign\u00e9 que les supports audiovisuels pr\u00e9sent\u00e9s par le minist\u00e8re public, cens\u00e9s \u00e9tayer les accusations, n&rsquo;apportaient aucune preuve solide. Selon l&rsquo;avocat, Aliou Bah n&rsquo;a jamais mentionn\u00e9 le nom du chef de l&rsquo;\u00c9tat dans ses discours, qualifiant les accusations de \u00ab fausses \u00bb et \u00ab mont\u00e9es de toutes pi\u00e8ces \u00bb pour museler son client. Il a \u00e9galement r\u00e9v\u00e9l\u00e9 que Bah avait \u00e9t\u00e9 d\u00e9tenu de mani\u00e8re arbitraire \u00e0 la Direction Centrale des Investigations Judiciaires de la Gendarmerie nationale, sans les formalit\u00e9s l\u00e9gales requises, ce qui, selon lui, r\u00e9v\u00e8le un d\u00e9ni de justice.<\/div>\n<\/div>\n<div dir=\"auto\"><\/div>\n<div dir=\"auto\"><\/div>\n<div dir=\"auto\"><\/div>\n<div dir=\"auto\"><\/div>\n<div dir=\"auto\">\n<div dir=\"auto\"><\/div>\n<div dir=\"auto\">Aliou Bah, pour sa part, a exprim\u00e9 son incompr\u00e9hension face \u00e0 la situation politique actuelle en Guin\u00e9e. Il a pr\u00e9cis\u00e9 que, selon lui, la transition en cours ne b\u00e9n\u00e9ficiait pas de la l\u00e9gitimit\u00e9 n\u00e9cessaire pour gouverner, car elle ne s&rsquo;\u00e9tait pas traduite par des \u00e9lections, conform\u00e9ment aux engagements pris avec la communaut\u00e9 internationale. Il a \u00e9galement d\u00e9plor\u00e9 que les autorit\u00e9s de la transition semblent chercher \u00e0 prolonger ind\u00e9finiment leur pouvoir, ce qu&rsquo;il consid\u00e8re comme une \u00ab confiscation \u00bb politique.<\/div>\n<div dir=\"auto\"><\/div>\n<div dir=\"auto\">\u00ab La l\u00e9gitimit\u00e9 du pouvoir ne se tire pas de la force, mais des \u00e9lections \u00bb, a d\u00e9clar\u00e9 Aliou Bah, soulignant que les engagements pris en septembre 2021 n&rsquo;avaient pas \u00e9t\u00e9 respect\u00e9s. Selon lui, la prolongation de la transition au-del\u00e0 du terme pr\u00e9vu (31 d\u00e9cembre 2024) d\u00e9montre que le gouvernement actuel cherche \u00e0 conserver le pouvoir sans offrir au peuple de Guin\u00e9e la possibilit\u00e9 de s&rsquo;exprimer d\u00e9mocratiquement par les urnes. Il a compar\u00e9 la situation actuelle \u00e0 celle des pr\u00e9c\u00e9dentes transitions, accusant les autorit\u00e9s de vouloir se maintenir en place sous pr\u00e9texte de la gestion de l&rsquo;\u00c9tat.<\/div>\n<div dir=\"auto\"><\/div>\n<div dir=\"auto\">Dans une d\u00e9claration directe, Aliou Bah a affirm\u00e9 : \u00ab \u00c9videmment qu\u2019en termes de politique, je suis fond\u00e9 de croire que les autorit\u00e9s de la transition sont dans un agenda de confiscation du pouvoir \u00bb. Il a insist\u00e9 sur le fait que cette dynamique, loin de r\u00e9pondre aux aspirations du peuple, visait uniquement \u00e0 prolonger l&rsquo;autorit\u00e9 de la transition sans rendre des comptes \u00e0 la population.<\/div>\n<\/div>\n<div dir=\"auto\"><\/div>\n<div dir=\"auto\"><\/div>\n<div dir=\"auto\"><\/div>\n<div dir=\"auto\"><\/div>\n<div dir=\"auto\"><\/div>\n<div dir=\"auto\">\n<div dir=\"auto\">Le proc\u00e8s, qui se poursuit, pourrait voir un renversement de la situation, selon les d\u00e9clarations de l&rsquo;avocat de la d\u00e9fense, qui esp\u00e8re une relaxe pour son client, soulignant l&rsquo;absence de preuves substantielles contre lui.<\/div>\n<div dir=\"auto\"><\/div>\n<div dir=\"auto\">Le leader du MoDeL, tout en d\u00e9fendant ses droits, persiste dans sa critique du r\u00e9gime actuel, arguant que les autorit\u00e9s de la transition n&rsquo;ont ni programme ni vision claire pour la Guin\u00e9e, et qu&rsquo;elles doivent c\u00e9der la place \u00e0 un gouvernement d\u00e9mocratiquement \u00e9lu.<\/div>\n<\/div>\n<div dir=\"auto\"><\/div>\n<div dir=\"auto\"><\/div>\n<div dir=\"auto\"><\/div>\n<div dir=\"auto\"><\/div>\n<div dir=\"auto\"><\/div>\n<div dir=\"auto\"><\/div>\n<div dir=\"auto\">Ledenonciateur224.com<\/div>\n<div dir=\"auto\"><\/div>\n","protected":false},"excerpt":{"rendered":"<p>Lors de son proc\u00e8s pour \u00ab offense au chef de l&rsquo;\u00c9tat \u00bb, le leader du MoDeL d\u00e9nonce un projet politique visant \u00e0 maintenir ind\u00e9finiment les autorit\u00e9s de la transition au pouvoir. Lors de sa d\u00e9position ce mardi 31 d\u00e9cembre 2024, le leader du Mouvement D\u00e9mocratique Lib\u00e9ral (MoDeL), Mamadou Aliou Bah, accus\u00e9 d&rsquo;\u00ab offense au chef [&hellip;]<\/p>\n","protected":false},"author":2,"featured_media":729,"comment_status":"open","ping_status":"open","sticky":false,"template":"","format":"standard","meta":{"_jetpack_memberships_contains_paid_content":false,"footnotes":"","jetpack_publicize_message":"","jetpack_publicize_feature_enabled":true,"jetpack_social_post_already_shared":false,"jetpack_social_options":{"image_generator_settings":{"template":"highway","default_image_id":0,"font":"","enabled":false},"version":2}},"categories":[30,24],"tags":[140,162,39],"class_list":{"0":"post-728","1":"post","2":"type-post","3":"status-publish","4":"format-standard","5":"has-post-thumbnail","7":"category-faits-divers","8":"category-news","9":"tag-aliou-bah","10":"tag-chef-de-letat","11":"tag-tpi-de-kaloum"},"jetpack_publicize_connections":[],"jetpack_featured_media_url":"https:\/\/ledenonciateur224.com\/wp-content\/uploads\/2024\/12\/img-20241231-wa0032.jpg","jetpack_sharing_enabled":true,"_links":{"self":[{"href":"https:\/\/ledenonciateur224.com\/index.php\/wp-json\/wp\/v2\/posts\/728","targetHints":{"allow":["GET"]}}],"collection":[{"href":"https:\/\/ledenonciateur224.com\/index.php\/wp-json\/wp\/v2\/posts"}],"about":[{"href":"https:\/\/ledenonciateur224.com\/index.php\/wp-json\/wp\/v2\/types\/post"}],"author":[{"embeddable":true,"href":"https:\/\/ledenonciateur224.com\/index.php\/wp-json\/wp\/v2\/users\/2"}],"replies":[{"embeddable":true,"href":"https:\/\/ledenonciateur224.com\/index.php\/wp-json\/wp\/v2\/comments?post=728"}],"version-history":[{"count":0,"href":"https:\/\/ledenonciateur224.com\/index.php\/wp-json\/wp\/v2\/posts\/728\/revisions"}],"wp:featuredmedia":[{"embeddable":true,"href":"https:\/\/ledenonciateur224.com\/index.php\/wp-json\/wp\/v2\/media\/729"}],"wp:attachment":[{"href":"https:\/\/ledenonciateur224.com\/index.php\/wp-json\/wp\/v2\/media?parent=728"}],"wp:term":[{"taxonomy":"category","embeddable":true,"href":"https:\/\/ledenonciateur224.com\/index.php\/wp-json\/wp\/v2\/categories?post=728"},{"taxonomy":"post_tag","embeddable":true,"href":"https:\/\/ledenonciateur224.com\/index.php\/wp-json\/wp\/v2\/tags?post=728"}],"curies":[{"name":"wp","href":"https:\/\/api.w.org\/{rel}","templated":true}]}}