{"id":7280,"date":"2026-01-27T18:18:07","date_gmt":"2026-01-27T18:18:07","guid":{"rendered":"https:\/\/ledenonciateur224.com\/?p=7280"},"modified":"2026-01-27T18:18:07","modified_gmt":"2026-01-27T18:18:07","slug":"fusion-des-ministeres-de-leducation-alpha-amadou-bano-barry-salue-une-reforme-attendue-et-porteuse-de-coherence","status":"publish","type":"post","link":"https:\/\/ledenonciateur224.com\/index.php\/fusion-des-ministeres-de-leducation-alpha-amadou-bano-barry-salue-une-reforme-attendue-et-porteuse-de-coherence\/","title":{"rendered":"Fusion des minist\u00e8res de l\u2019\u00e9ducation : Alpha Amadou Bano Barry salue une r\u00e9forme attendue et porteuse de coh\u00e9rence"},"content":{"rendered":"<p>L\u2019ancien ministre de l\u2019\u00c9ducation nationale et de l\u2019Alphab\u00e9tisation, le professeur Alpha Amadou Bano Barry, s\u2019est prononc\u00e9 sur la nouvelle architecture gouvernementale issue de la mise en place du premier gouvernement de la V\u1d49 R\u00e9publique. Une r\u00e9organisation marqu\u00e9e notamment par la fusion de deux d\u00e9partements strat\u00e9giques, ceux de l\u2019\u00e9ducation et de la formation professionnelle.<br \/>\nD\u00e9sormais, selon la nouvelle configuration gouvernementale, la Guin\u00e9e est dot\u00e9e d\u2019un minist\u00e8re de l\u2019\u00c9ducation nationale, de l\u2019Alphab\u00e9tisation, de l\u2019Enseignement technique et de la Formation professionnelle, r\u00e9unissant sous une m\u00eame tutelle l\u2019ensemble des politiques \u00e9ducatives, de la formation de base \u00e0 l\u2019insertion professionnelle.<br \/>\nInterrog\u00e9 par Africaguinee.com dans la soir\u00e9e du lundi, l\u2019ancien ministre et universitaire a livr\u00e9 une appr\u00e9ciation mesur\u00e9e mais clairement favorable \u00e0 cette r\u00e9forme institutionnelle, longtemps \u00e9voqu\u00e9e dans les cercles \u00e9ducatifs.<\/p>\n<p>\u00ab Pour \u00eatre juste et honn\u00eate, ce regroupement de ces deux minist\u00e8res en un est une bonne chose. C\u2019\u00e9tait attendu, demand\u00e9. Maintenant que c\u2019est fait, je pense que cela rend le syst\u00e8me un peu plus coh\u00e9rent \u00bb, a-t-il d\u00e9clar\u00e9.<br \/>\nPour Alpha Amadou Bano Barry, cette fusion pourrait permettre une meilleure articulation entre l\u2019enseignement g\u00e9n\u00e9ral, l\u2019enseignement technique et la formation professionnelle, dans un contexte o\u00f9 l\u2019ad\u00e9quation entre formation et emploi demeure un d\u00e9fi majeur pour la Guin\u00e9e. La centralisation de ces secteurs sous une seule autorit\u00e9 pourrait ainsi favoriser une vision plus int\u00e9gr\u00e9e du parcours \u00e9ducatif des apprenants, de l\u2019\u00e9cole \u00e0 l\u2019insertion sur le march\u00e9 du travail.<\/p>\n<p>Cependant, cette r\u00e9organisation n\u2019est pas sans cons\u00e9quences administratives. La fusion entra\u00eene la suppression d\u2019un d\u00e9partement minist\u00e9riel ainsi que celle d\u2019un poste de secr\u00e9taire g\u00e9n\u00e9ral, illustrant la volont\u00e9 des autorit\u00e9s de rationaliser l\u2019action gouvernementale et de r\u00e9duire la taille de l\u2019ex\u00e9cutif.<\/p>\n<p>Dans l\u2019attente de la nomination du ou de la future ministre appel\u00e9(e) \u00e0 diriger ce d\u00e9partement strat\u00e9gique, les regards restent tourn\u00e9s vers la Pr\u00e9sidence de la R\u00e9publique. Le choix de cette personnalit\u00e9 sera d\u00e9terminant pour impulser une nouvelle dynamique \u00e0 un secteur cl\u00e9 du d\u00e9veloppement national, \u00e0 la crois\u00e9e des enjeux \u00e9ducatifs, \u00e9conomiques et sociaux.<\/p>\n<p>&nbsp;<\/p>\n<p>Ledenonciateur224.com<\/p>\n","protected":false},"excerpt":{"rendered":"<p>L\u2019ancien ministre de l\u2019\u00c9ducation nationale et de l\u2019Alphab\u00e9tisation, le professeur Alpha Amadou Bano Barry, s\u2019est prononc\u00e9 sur la nouvelle architecture gouvernementale issue de la mise en place du premier gouvernement de la V\u1d49 R\u00e9publique. Une r\u00e9organisation marqu\u00e9e notamment par la fusion de deux d\u00e9partements strat\u00e9giques, ceux de l\u2019\u00e9ducation et de la formation professionnelle. D\u00e9sormais, selon [&hellip;]<\/p>\n","protected":false},"author":2,"featured_media":7281,"comment_status":"closed","ping_status":"closed","sticky":false,"template":"","format":"standard","meta":{"_jetpack_memberships_contains_paid_content":false,"footnotes":"","jetpack_publicize_message":"","jetpack_publicize_feature_enabled":true,"jetpack_social_post_already_shared":true,"jetpack_social_options":{"image_generator_settings":{"template":"highway","default_image_id":0,"font":"","enabled":false},"version":2}},"categories":[30,24],"tags":[810,718],"class_list":{"0":"post-7280","1":"post","2":"type-post","3":"status-publish","4":"format-standard","5":"has-post-thumbnail","7":"category-faits-divers","8":"category-news","9":"tag-education-nationale","10":"tag-systeme-educatif"},"jetpack_publicize_connections":[],"jetpack_featured_media_url":"https:\/\/ledenonciateur224.com\/wp-content\/uploads\/2026\/01\/dr-alpha-amadou-bano-barry-mena-1.jpg","jetpack_sharing_enabled":true,"_links":{"self":[{"href":"https:\/\/ledenonciateur224.com\/index.php\/wp-json\/wp\/v2\/posts\/7280","targetHints":{"allow":["GET"]}}],"collection":[{"href":"https:\/\/ledenonciateur224.com\/index.php\/wp-json\/wp\/v2\/posts"}],"about":[{"href":"https:\/\/ledenonciateur224.com\/index.php\/wp-json\/wp\/v2\/types\/post"}],"author":[{"embeddable":true,"href":"https:\/\/ledenonciateur224.com\/index.php\/wp-json\/wp\/v2\/users\/2"}],"replies":[{"embeddable":true,"href":"https:\/\/ledenonciateur224.com\/index.php\/wp-json\/wp\/v2\/comments?post=7280"}],"version-history":[{"count":1,"href":"https:\/\/ledenonciateur224.com\/index.php\/wp-json\/wp\/v2\/posts\/7280\/revisions"}],"predecessor-version":[{"id":7282,"href":"https:\/\/ledenonciateur224.com\/index.php\/wp-json\/wp\/v2\/posts\/7280\/revisions\/7282"}],"wp:featuredmedia":[{"embeddable":true,"href":"https:\/\/ledenonciateur224.com\/index.php\/wp-json\/wp\/v2\/media\/7281"}],"wp:attachment":[{"href":"https:\/\/ledenonciateur224.com\/index.php\/wp-json\/wp\/v2\/media?parent=7280"}],"wp:term":[{"taxonomy":"category","embeddable":true,"href":"https:\/\/ledenonciateur224.com\/index.php\/wp-json\/wp\/v2\/categories?post=7280"},{"taxonomy":"post_tag","embeddable":true,"href":"https:\/\/ledenonciateur224.com\/index.php\/wp-json\/wp\/v2\/tags?post=7280"}],"curies":[{"name":"wp","href":"https:\/\/api.w.org\/{rel}","templated":true}]}}