{"id":7288,"date":"2026-01-28T18:24:50","date_gmt":"2026-01-28T18:24:50","guid":{"rendered":"https:\/\/ledenonciateur224.com\/?p=7288"},"modified":"2026-01-28T18:24:50","modified_gmt":"2026-01-28T18:24:50","slug":"bah-oury-installe-a-la-primature-le-temps-des-crises-est-derriere-nous-place-a-la-projection","status":"publish","type":"post","link":"https:\/\/ledenonciateur224.com\/index.php\/bah-oury-installe-a-la-primature-le-temps-des-crises-est-derriere-nous-place-a-la-projection\/","title":{"rendered":"Bah Oury install\u00e9 \u00e0 la Primature : \u00a0\u00bb Le temps des crises est derri\u00e8re nous, place \u00e0 la projection \u00ab\u00a0"},"content":{"rendered":"<p>Reconduit \u00e0 son poste de Premier ministre, Amadou Oury Bah, plus connu sous le nom de Bah Oury, a \u00e9t\u00e9 officiellement install\u00e9 ce mercredi 28 janvier 2026 dans ses fonctions de Premier ministre, chef du gouvernement, au palais de la Colombe.<br \/>\nV\u00eatu d\u2019un boubou \u00e9l\u00e9gant et arborant des lunettes claires, le nouveau patron de la Primature a ouvert son discours par des remerciements appuy\u00e9s au pr\u00e9sident de la R\u00e9publique pour la confiance renouvel\u00e9e.<\/p>\n<p>Face \u00e0 un public largement acquis \u00e0 sa cause, Bah Oury a tenu \u00e0 marquer une rupture avec la p\u00e9riode pr\u00e9c\u00e9dente, estimant que le temps de la gestion permanente des crises appartient d\u00e9sormais au pass\u00e9.<br \/>\n\u00ab Place maintenant \u00e0 la projection \u00bb, a-t-il affirm\u00e9, appelant \u00e0 une gouvernance tourn\u00e9e vers l\u2019avenir, la planification et les r\u00e9sultats.<br \/>\nPour atteindre ces objectifs, le Premier ministre a assur\u00e9 que la Primature jouera pleinement son r\u00f4le de moteur de l\u2019action gouvernementale. Il a insist\u00e9 sur la n\u00e9cessit\u00e9 d\u2019une meilleure coordination entre les d\u00e9partements minist\u00e9riels, d\u2019un renforcement de la culture de l\u2019\u00e9valuation et de l\u2019ancrage durable d\u2019une logique de responsabilit\u00e9 partag\u00e9e au sein de l\u2019appareil d\u2019\u00c9tat, en conformit\u00e9 avec la Constitution.<br \/>\n\u00ab La primature jouera pleinement son r\u00f4le de centre de pilotage de l\u2019action gouvernementale et devra garantir la coordination, renforcer la culture de l\u2019\u00e9valuation et installer durablement une logique de responsabilit\u00e9 partag\u00e9e au sein de l\u2019appareil d\u2019\u00c9tat en conformit\u00e9 avec la Constitution. La parole publique doit \u00eatre ma\u00eetris\u00e9e, fond\u00e9e sur les faits et orient\u00e9e vers la confiance dans une d\u00e9mocratie constitutionnelle. Le cadre strat\u00e9gique port\u00e9 par le programme Simandou 2040 engage une transformation profonde de notre mod\u00e8le \u00e9conomique, social et institutionnel. Il suppose une administration modernis\u00e9e, des comp\u00e9tences mobilis\u00e9es, une gouvernance fond\u00e9e sur la transparence et une exigence accrue de performance publique \u00bb, a-t-il d\u00e9clar\u00e9.<br \/>\n\u00c0 travers cette d\u00e9claration, Bah Oury a r\u00e9affirm\u00e9 sa volont\u00e9 d\u2019inscrire son action dans une dynamique de r\u00e9forme, de modernisation et de performance, port\u00e9e par le programme Simandou 2040, pr\u00e9sent\u00e9 comme le socle de la transformation \u00e9conomique, sociale et institutionnelle du pays.<\/p>\n<p>&nbsp;<\/p>\n<p>Aboubacar Moussa Camara<\/p>\n<p>622 42 41 87<\/p>\n","protected":false},"excerpt":{"rendered":"<p>Reconduit \u00e0 son poste de Premier ministre, Amadou Oury Bah, plus connu sous le nom de Bah Oury, a \u00e9t\u00e9 officiellement install\u00e9 ce mercredi 28 janvier 2026 dans ses fonctions de Premier ministre, chef du gouvernement, au palais de la Colombe. V\u00eatu d\u2019un boubou \u00e9l\u00e9gant et arborant des lunettes claires, le nouveau patron de la [&hellip;]<\/p>\n","protected":false},"author":2,"featured_media":7289,"comment_status":"closed","ping_status":"closed","sticky":false,"template":"","format":"standard","meta":{"_jetpack_memberships_contains_paid_content":false,"footnotes":"","jetpack_publicize_message":"","jetpack_publicize_feature_enabled":true,"jetpack_social_post_already_shared":true,"jetpack_social_options":{"image_generator_settings":{"template":"highway","default_image_id":0,"font":"","enabled":false},"version":2}},"categories":[24,27],"tags":[1047,1485],"class_list":{"0":"post-7288","1":"post","2":"type-post","3":"status-publish","4":"format-standard","5":"has-post-thumbnail","7":"category-news","8":"category-politique","9":"tag-bah-oury","10":"tag-pm-guinee"},"jetpack_publicize_connections":[],"jetpack_featured_media_url":"https:\/\/ledenonciateur224.com\/wp-content\/uploads\/2026\/01\/fb-img-1769624576938.jpg","jetpack_sharing_enabled":true,"_links":{"self":[{"href":"https:\/\/ledenonciateur224.com\/index.php\/wp-json\/wp\/v2\/posts\/7288","targetHints":{"allow":["GET"]}}],"collection":[{"href":"https:\/\/ledenonciateur224.com\/index.php\/wp-json\/wp\/v2\/posts"}],"about":[{"href":"https:\/\/ledenonciateur224.com\/index.php\/wp-json\/wp\/v2\/types\/post"}],"author":[{"embeddable":true,"href":"https:\/\/ledenonciateur224.com\/index.php\/wp-json\/wp\/v2\/users\/2"}],"replies":[{"embeddable":true,"href":"https:\/\/ledenonciateur224.com\/index.php\/wp-json\/wp\/v2\/comments?post=7288"}],"version-history":[{"count":1,"href":"https:\/\/ledenonciateur224.com\/index.php\/wp-json\/wp\/v2\/posts\/7288\/revisions"}],"predecessor-version":[{"id":7290,"href":"https:\/\/ledenonciateur224.com\/index.php\/wp-json\/wp\/v2\/posts\/7288\/revisions\/7290"}],"wp:featuredmedia":[{"embeddable":true,"href":"https:\/\/ledenonciateur224.com\/index.php\/wp-json\/wp\/v2\/media\/7289"}],"wp:attachment":[{"href":"https:\/\/ledenonciateur224.com\/index.php\/wp-json\/wp\/v2\/media?parent=7288"}],"wp:term":[{"taxonomy":"category","embeddable":true,"href":"https:\/\/ledenonciateur224.com\/index.php\/wp-json\/wp\/v2\/categories?post=7288"},{"taxonomy":"post_tag","embeddable":true,"href":"https:\/\/ledenonciateur224.com\/index.php\/wp-json\/wp\/v2\/tags?post=7288"}],"curies":[{"name":"wp","href":"https:\/\/api.w.org\/{rel}","templated":true}]}}