{"id":7291,"date":"2026-01-29T08:17:09","date_gmt":"2026-01-29T08:17:09","guid":{"rendered":"https:\/\/ledenonciateur224.com\/?p=7291"},"modified":"2026-01-29T08:17:09","modified_gmt":"2026-01-29T08:17:09","slug":"fin-de-la-parenthese-des-sanctions-la-guinee-pleinement-reintegree-au-sein-de-la-cedeao","status":"publish","type":"post","link":"https:\/\/ledenonciateur224.com\/index.php\/fin-de-la-parenthese-des-sanctions-la-guinee-pleinement-reintegree-au-sein-de-la-cedeao\/","title":{"rendered":"Fin de la parenth\u00e8se des sanctions : la Guin\u00e9e pleinement r\u00e9int\u00e9gr\u00e9e au sein de la CEDEAO"},"content":{"rendered":"<p>Apr\u00e8s plusieurs ann\u00e9es de transition politique et d\u2019isolement diplomatique, la Guin\u00e9e retrouve toute sa place au sein de la Communaut\u00e9 \u00e9conomique des \u00c9tats de l\u2019Afrique de l\u2019Ouest. R\u00e9unis en conf\u00e9rence ce mercredi 28 janvier 2026, les Chefs d\u2019\u00c9tat et de Gouvernement de la CEDEAO ont officiellement lev\u00e9 l\u2019ensemble des sanctions qui pesaient encore sur le pays.<br \/>\nLa Conf\u00e9rence des Chefs d\u2019\u00c9tat et de Gouvernement de la CEDEAO a act\u00e9, ce mercredi 28 janvier 2026, la lev\u00e9e totale des mesures restrictives impos\u00e9es \u00e0 la R\u00e9publique de Guin\u00e9e. Cette d\u00e9cision marque la r\u00e9int\u00e9gration pleine et enti\u00e8re du pays au sein des instances communautaires, mettant ainsi un terme \u00e0 une p\u00e9riode prolong\u00e9e de suspension et de sanctions cons\u00e9cutives au processus de transition politique.<br \/>\nSelon l\u2019organisation sous-r\u00e9gionale, cette lev\u00e9e des sanctions est la cons\u00e9quence directe de l\u2019aboutissement du processus de retour \u00e0 l\u2019ordre constitutionnel. La Conf\u00e9rence a notamment relev\u00e9 \u00ab qu\u2019une \u00e9lection pr\u00e9sidentielle s\u2019est tenue le 28 d\u00e9cembre 2025 en Guin\u00e9e \u00bb et que \u00ab le pouvoir a \u00e9t\u00e9 l\u00e9galement transf\u00e9r\u00e9 au Gouvernement \u00e9lu du Pr\u00e9sident Mamadi Doumbouya \u00bb.<br \/>\nLes dirigeants ouest-africains estiment que ce transfert pacifique du pouvoir \u00ab a cr\u00e9\u00e9 une atmosph\u00e8re favorable \u00e0 la restauration de la gouvernance d\u00e9mocratique et au respect de l\u2019\u00c9tat de droit en Guin\u00e9e \u00bb, deux principes fondamentaux d\u00e9fendus par l\u2019organisation communautaire.<\/p>\n<p>Consid\u00e9rant d\u00e8s lors que les sanctions ant\u00e9rieurement impos\u00e9es \u00ab sont devenues sans objet et qu\u2019il n\u2019y a pas lieu de continuer de les maintenir \u00bb, la CEDEAO a formellement d\u00e9cid\u00e9 que \u00ab toutes les sanctions prises \u00e0 l\u2019encontre de la R\u00e9publique de Guin\u00e9e dans le cadre de la facilitation du r\u00e9tablissement de l\u2019ordre constitutionnel sont, par la pr\u00e9sente, lev\u00e9es \u00bb. Cette d\u00e9cision figure dans un document officiel sign\u00e9 par le Pr\u00e9sident en exercice de la Conf\u00e9rence, Julius Maada Bio.<br \/>\nAu-del\u00e0 de la lev\u00e9e des sanctions, cette d\u00e9cision met fin \u00e0 l\u2019isolement diplomatique de la Guin\u00e9e au sein de l\u2019organisation. L\u2019article 2 du document consult\u00e9 par Africaguinee.com pr\u00e9cise que la mesure \u00ab l\u00e8ve la suspension de la participation de la R\u00e9publique de Guin\u00e9e \u00e0 toutes les r\u00e9unions des instances de d\u00e9cision de la CEDEAO \u00bb, permettant ainsi au pays de reprendre pleinement part aux d\u00e9lib\u00e9rations et aux orientations strat\u00e9giques de la communaut\u00e9.<\/p>\n<p>Enfin, le document stipule que cette d\u00e9cision \u00ab entre en vigueur d\u00e8s sa publication \u00bb. Elle devra \u00eatre publi\u00e9e au Journal officiel de la Communaut\u00e9 ainsi que dans le Journal officiel de chacun des \u00c9tats membres, consacrant officiellement le retour de la Guin\u00e9e dans le concert des nations ouest-africaines.<\/p>\n<p>&nbsp;<\/p>\n<p>AMC 622 42 41 87<\/p>\n","protected":false},"excerpt":{"rendered":"<p>Apr\u00e8s plusieurs ann\u00e9es de transition politique et d\u2019isolement diplomatique, la Guin\u00e9e retrouve toute sa place au sein de la Communaut\u00e9 \u00e9conomique des \u00c9tats de l\u2019Afrique de l\u2019Ouest. R\u00e9unis en conf\u00e9rence ce mercredi 28 janvier 2026, les Chefs d\u2019\u00c9tat et de Gouvernement de la CEDEAO ont officiellement lev\u00e9 l\u2019ensemble des sanctions qui pesaient encore sur le [&hellip;]<\/p>\n","protected":false},"author":2,"featured_media":7292,"comment_status":"closed","ping_status":"closed","sticky":false,"template":"","format":"standard","meta":{"_jetpack_memberships_contains_paid_content":false,"footnotes":"","jetpack_publicize_message":"","jetpack_publicize_feature_enabled":true,"jetpack_social_post_already_shared":true,"jetpack_social_options":{"image_generator_settings":{"template":"highway","default_image_id":0,"font":"","enabled":false},"version":2}},"categories":[38,24,27],"tags":[1488,52],"class_list":{"0":"post-7291","1":"post","2":"type-post","3":"status-publish","4":"format-standard","5":"has-post-thumbnail","7":"category-international","8":"category-news","9":"category-politique","10":"tag-pays-africains","11":"tag-cedeao"},"jetpack_publicize_connections":[],"jetpack_featured_media_url":"https:\/\/ledenonciateur224.com\/wp-content\/uploads\/2026\/01\/cedeao-gn.jpg","jetpack_sharing_enabled":true,"_links":{"self":[{"href":"https:\/\/ledenonciateur224.com\/index.php\/wp-json\/wp\/v2\/posts\/7291","targetHints":{"allow":["GET"]}}],"collection":[{"href":"https:\/\/ledenonciateur224.com\/index.php\/wp-json\/wp\/v2\/posts"}],"about":[{"href":"https:\/\/ledenonciateur224.com\/index.php\/wp-json\/wp\/v2\/types\/post"}],"author":[{"embeddable":true,"href":"https:\/\/ledenonciateur224.com\/index.php\/wp-json\/wp\/v2\/users\/2"}],"replies":[{"embeddable":true,"href":"https:\/\/ledenonciateur224.com\/index.php\/wp-json\/wp\/v2\/comments?post=7291"}],"version-history":[{"count":1,"href":"https:\/\/ledenonciateur224.com\/index.php\/wp-json\/wp\/v2\/posts\/7291\/revisions"}],"predecessor-version":[{"id":7293,"href":"https:\/\/ledenonciateur224.com\/index.php\/wp-json\/wp\/v2\/posts\/7291\/revisions\/7293"}],"wp:featuredmedia":[{"embeddable":true,"href":"https:\/\/ledenonciateur224.com\/index.php\/wp-json\/wp\/v2\/media\/7292"}],"wp:attachment":[{"href":"https:\/\/ledenonciateur224.com\/index.php\/wp-json\/wp\/v2\/media?parent=7291"}],"wp:term":[{"taxonomy":"category","embeddable":true,"href":"https:\/\/ledenonciateur224.com\/index.php\/wp-json\/wp\/v2\/categories?post=7291"},{"taxonomy":"post_tag","embeddable":true,"href":"https:\/\/ledenonciateur224.com\/index.php\/wp-json\/wp\/v2\/tags?post=7291"}],"curies":[{"name":"wp","href":"https:\/\/api.w.org\/{rel}","templated":true}]}}