{"id":7300,"date":"2026-01-29T20:02:19","date_gmt":"2026-01-29T20:02:19","guid":{"rendered":"https:\/\/ledenonciateur224.com\/?p=7300"},"modified":"2026-01-29T20:02:19","modified_gmt":"2026-01-29T20:02:19","slug":"mali-guinee-un-nouvel-elan-strategique-pour-renforcer-la-cooperation-logistique-regionale","status":"publish","type":"post","link":"https:\/\/ledenonciateur224.com\/index.php\/mali-guinee-un-nouvel-elan-strategique-pour-renforcer-la-cooperation-logistique-regionale\/","title":{"rendered":"Mali\u2013Guin\u00e9e : un nouvel \u00e9lan strat\u00e9gique pour renforcer la coop\u00e9ration logistique r\u00e9gionale"},"content":{"rendered":"<p>Le Mali et la Guin\u00e9e franchissent une nouvelle \u00e9tape d\u00e9cisive dans le renforcement de leur coop\u00e9ration r\u00e9gionale. R\u00e9uni en Conseil des ministres ce mercredi 28 janvier 2026, le gouvernement malien a ent\u00e9rin\u00e9 la cession gratuite \u00e0 la R\u00e9publique de Guin\u00e9e d\u2019un terrain strat\u00e9gique de 10 hectares, une d\u00e9cision qui s\u2019inscrit pleinement dans le cadre des accords bilat\u00e9raux de transit et de logistique liant les deux pays.<\/p>\n<p>Selon le communiqu\u00e9 officiel, cette d\u00e9cision a \u00e9t\u00e9 prise sur rapport du ministre de l\u2019Urbanisme, de l\u2019Habitat, des Domaines, de l\u2019Am\u00e9nagement du Territoire et de la Population. \u00ab Le Conseil des ministres a adopt\u00e9 un projet de d\u00e9cret autorisant la cession \u00e0 titre gratuit, \u00e0 la R\u00e9publique de Guin\u00e9e, de la parcelle de terrain objet du titre foncier n\u00b0399 du cercle de Kangaba, sise \u00e0 Tomodo-Koumacra, dans la commune rurale de Benkadi \u00bb, pr\u00e9cise le document.<br \/>\nD\u2019une superficie totale de 10 hectares, ce terrain est situ\u00e9 \u00e0 proximit\u00e9 imm\u00e9diate de la route strat\u00e9gique Kour\u00e9mal\u00e9\u2013Bamako, un axe majeur des \u00e9changes entre les deux pays. Il est destin\u00e9 \u00e0 accueillir des infrastructures d\u2019entreposage de marchandises ainsi que des \u00e9quipements logistiques et de transport, appel\u00e9s \u00e0 fluidifier les \u00e9changes commerciaux et \u00e0 renforcer l\u2019int\u00e9gration \u00e9conomique sous-r\u00e9gionale.<\/p>\n<p><img loading=\"lazy\" decoding=\"async\" class=\"alignnone size-full wp-image-7301\" src=\"https:\/\/ledenonciateur224.com\/wp-content\/uploads\/2026\/01\/assimi-goita-visite-guinee-investiture-mamady-doumbouya-homologues.jpg\" alt=\"\" width=\"1310\" height=\"1196\" srcset=\"https:\/\/ledenonciateur224.com\/wp-content\/uploads\/2026\/01\/assimi-goita-visite-guinee-investiture-mamady-doumbouya-homologues.jpg 1310w, https:\/\/ledenonciateur224.com\/wp-content\/uploads\/2026\/01\/assimi-goita-visite-guinee-investiture-mamady-doumbouya-homologues-300x274.jpg 300w, https:\/\/ledenonciateur224.com\/wp-content\/uploads\/2026\/01\/assimi-goita-visite-guinee-investiture-mamady-doumbouya-homologues-1024x935.jpg 1024w, https:\/\/ledenonciateur224.com\/wp-content\/uploads\/2026\/01\/assimi-goita-visite-guinee-investiture-mamady-doumbouya-homologues-768x701.jpg 768w, https:\/\/ledenonciateur224.com\/wp-content\/uploads\/2026\/01\/assimi-goita-visite-guinee-investiture-mamady-doumbouya-homologues-150x137.jpg 150w, https:\/\/ledenonciateur224.com\/wp-content\/uploads\/2026\/01\/assimi-goita-visite-guinee-investiture-mamady-doumbouya-homologues-696x635.jpg 696w, https:\/\/ledenonciateur224.com\/wp-content\/uploads\/2026\/01\/assimi-goita-visite-guinee-investiture-mamady-doumbouya-homologues-1068x975.jpg 1068w, https:\/\/ledenonciateur224.com\/wp-content\/uploads\/2026\/01\/assimi-goita-visite-guinee-investiture-mamady-doumbouya-homologues-460x420.jpg 460w\" sizes=\"auto, (max-width: 1310px) 100vw, 1310px\" \/><br \/>\nLe gouvernement malien souligne que \u00ab le projet de d\u00e9cret adopt\u00e9 autorise la cession \u00e0 titre gratuit \u00e0 la R\u00e9publique de Guin\u00e9e d\u2019une parcelle de terrain d\u2019une superficie de 10 hectares, 00 are et 00 centiare, sise \u00e0 Tomodo-Koumacra, commune rurale de Benkadi \u00bb, confirmant ainsi l\u2019importance strat\u00e9gique de cette initiative.<br \/>\nCette d\u00e9cision s\u2019inscrit dans le prolongement d\u2019une coop\u00e9ration ancienne et solide entre Bamako et Conakry, laquelle s\u2019est intensifi\u00e9e ces derni\u00e8res ann\u00e9es, notamment dans le contexte des sanctions impos\u00e9es au Mali par la CEDEAO \u00e0 la suite des \u00e9v\u00e9nements politiques survenus entre 2020 et 2021. Face \u00e0 ces d\u00e9fis, la Guin\u00e9e s\u2019est affirm\u00e9e comme un partenaire cl\u00e9 du Mali, en particulier sur les plans logistique et commercial.<br \/>\nLes deux pays ont ainsi conclu plusieurs accords structurants, notamment en mati\u00e8re de transport et de transit maritime, ainsi qu\u2019un accord sp\u00e9cifique sur le transit routier. Ces textes consacrent le droit d\u2019usage du port de Conakry par le Mali, l\u2019octroi d\u2019espaces portuaires d\u00e9di\u00e9s, ainsi que des facilit\u00e9s de traitement pour les marchandises en provenance ou \u00e0 destination du territoire malien, rappelle le Conseil des ministres.<br \/>\nDans une dynamique de r\u00e9ciprocit\u00e9, la R\u00e9publique de Guin\u00e9e a, pour sa part, mis \u00e0 la disposition du Mali un terrain de 20 hectares dans la ville de Kankan, destin\u00e9 aux Entrep\u00f4ts maliens en Guin\u00e9e, renfor\u00e7ant ainsi les capacit\u00e9s logistiques du Mali sur le corridor guin\u00e9en.<br \/>\nTenant compte de la qualit\u00e9 exemplaire des relations de coop\u00e9ration et de bon voisinage entre les deux \u00c9tats, les autorit\u00e9s maliennes ont donc jug\u00e9 opportun de proc\u00e9der \u00e0 cette cession fonci\u00e8re au profit de la Guin\u00e9e, dans une logique de partenariat gagnant-gagnant et de consolidation des \u00e9changes r\u00e9gionaux.<\/p>\n<p>Les relations d\u2019amiti\u00e9 entre Bamako et Conakry demeurent au beau fixe. Le 17 janvier dernier, le g\u00e9n\u00e9ral Assimi Go\u00efta a d\u2019ailleurs pris part, \u00e0 la t\u00eate d\u2019une importante d\u00e9l\u00e9gation, \u00e0 la c\u00e9r\u00e9monie d\u2019investiture du pr\u00e9sident Mamadi Doumbouya, aux c\u00f4t\u00e9s de plusieurs chefs d\u2019\u00c9tat africains, illustrant la vitalit\u00e9 des liens politiques et diplomatiques entre les deux pays.<\/p>\n<p>&nbsp;<\/p>\n<p>Aboubacar MC 622 42 41 87<\/p>\n","protected":false},"excerpt":{"rendered":"<p>Le Mali et la Guin\u00e9e franchissent une nouvelle \u00e9tape d\u00e9cisive dans le renforcement de leur coop\u00e9ration r\u00e9gionale. R\u00e9uni en Conseil des ministres ce mercredi 28 janvier 2026, le gouvernement malien a ent\u00e9rin\u00e9 la cession gratuite \u00e0 la R\u00e9publique de Guin\u00e9e d\u2019un terrain strat\u00e9gique de 10 hectares, une d\u00e9cision qui s\u2019inscrit pleinement dans le cadre des [&hellip;]<\/p>\n","protected":false},"author":2,"featured_media":7302,"comment_status":"closed","ping_status":"closed","sticky":false,"template":"","format":"standard","meta":{"_jetpack_memberships_contains_paid_content":false,"footnotes":"","jetpack_publicize_message":"","jetpack_publicize_feature_enabled":true,"jetpack_social_post_already_shared":true,"jetpack_social_options":{"image_generator_settings":{"template":"highway","default_image_id":0,"font":"","enabled":false},"version":2}},"categories":[38,24],"tags":[1489,360],"class_list":{"0":"post-7300","1":"post","2":"type-post","3":"status-publish","4":"format-standard","5":"has-post-thumbnail","7":"category-international","8":"category-news","9":"tag-guinee-mali","10":"tag-cooperation"},"jetpack_publicize_connections":[],"jetpack_featured_media_url":"https:\/\/ledenonciateur224.com\/wp-content\/uploads\/2026\/01\/fb-img-1769697670604-1.jpg","jetpack_sharing_enabled":true,"_links":{"self":[{"href":"https:\/\/ledenonciateur224.com\/index.php\/wp-json\/wp\/v2\/posts\/7300","targetHints":{"allow":["GET"]}}],"collection":[{"href":"https:\/\/ledenonciateur224.com\/index.php\/wp-json\/wp\/v2\/posts"}],"about":[{"href":"https:\/\/ledenonciateur224.com\/index.php\/wp-json\/wp\/v2\/types\/post"}],"author":[{"embeddable":true,"href":"https:\/\/ledenonciateur224.com\/index.php\/wp-json\/wp\/v2\/users\/2"}],"replies":[{"embeddable":true,"href":"https:\/\/ledenonciateur224.com\/index.php\/wp-json\/wp\/v2\/comments?post=7300"}],"version-history":[{"count":1,"href":"https:\/\/ledenonciateur224.com\/index.php\/wp-json\/wp\/v2\/posts\/7300\/revisions"}],"predecessor-version":[{"id":7303,"href":"https:\/\/ledenonciateur224.com\/index.php\/wp-json\/wp\/v2\/posts\/7300\/revisions\/7303"}],"wp:featuredmedia":[{"embeddable":true,"href":"https:\/\/ledenonciateur224.com\/index.php\/wp-json\/wp\/v2\/media\/7302"}],"wp:attachment":[{"href":"https:\/\/ledenonciateur224.com\/index.php\/wp-json\/wp\/v2\/media?parent=7300"}],"wp:term":[{"taxonomy":"category","embeddable":true,"href":"https:\/\/ledenonciateur224.com\/index.php\/wp-json\/wp\/v2\/categories?post=7300"},{"taxonomy":"post_tag","embeddable":true,"href":"https:\/\/ledenonciateur224.com\/index.php\/wp-json\/wp\/v2\/tags?post=7300"}],"curies":[{"name":"wp","href":"https:\/\/api.w.org\/{rel}","templated":true}]}}