{"id":7304,"date":"2026-01-29T20:10:02","date_gmt":"2026-01-29T20:10:02","guid":{"rendered":"https:\/\/ledenonciateur224.com\/?p=7304"},"modified":"2026-01-29T20:10:02","modified_gmt":"2026-01-29T20:10:02","slug":"niamey-un-avion-dair-cote-divoire-touche-par-des-tirs-a-laeroport-international","status":"publish","type":"post","link":"https:\/\/ledenonciateur224.com\/index.php\/niamey-un-avion-dair-cote-divoire-touche-par-des-tirs-a-laeroport-international\/","title":{"rendered":"Niamey : un avion d\u2019Air C\u00f4te d\u2019Ivoire touch\u00e9 par des tirs \u00e0 l\u2019a\u00e9roport international"},"content":{"rendered":"<p>Les coups de feu et d\u00e9tonations entendus dans la nuit du 28 au 29 janvier 2026 \u00e0 l\u2019a\u00e9roport international de Niamey ont atteint un appareil de la compagnie Air C\u00f4te d\u2019Ivoire, a confirm\u00e9 le minist\u00e8re ivoirien des Transports dans un communiqu\u00e9 officiel.<br \/>\nL\u2019a\u00e9ronef concern\u00e9 est un Airbus A319, qui se trouvait en stationnement sur le tarmac au moment des faits. Selon les autorit\u00e9s ivoiriennes, l\u2019appareil a subi plusieurs impacts, notamment au niveau du fuselage et de l\u2019aile droite.<br \/>\nAucun dommage corporel ni perte en vie humaine n\u2019est \u00e0 d\u00e9plorer. Les passagers et membres d\u2019\u00e9quipage, qui se trouvaient \u00e0 l\u2019ext\u00e9rieur de l\u2019avion lors de l\u2019incident, sont tous sortis indemnes, pr\u00e9cise le minist\u00e8re.<br \/>\nUne \u00e9valuation technique des d\u00e9g\u00e2ts est actuellement en cours. Celle-ci pourrait conduire \u00e0 une immobilisation prolong\u00e9e de l\u2019appareil et n\u00e9cessiter un r\u00e9am\u00e9nagement du programme de vols de la compagnie a\u00e9rienne.<br \/>\nDans son communiqu\u00e9, Air C\u00f4te d\u2019Ivoire pr\u00e9sente ses excuses \u00e0 sa client\u00e8le pour les d\u00e9sagr\u00e9ments \u00e9ventuels et assure avoir engag\u00e9 toutes les diligences n\u00e9cessaires afin de limiter l\u2019impact de cet incident sur la r\u00e9gularit\u00e9 de ses op\u00e9rations.<\/p>\n<p>Plusieurs heures apr\u00e8s les \u00e9v\u00e9nements, les autorit\u00e9s nig\u00e9riennes n\u2019avaient pas encore communiqu\u00e9 sur les circonstances exactes de ces tirs, dont l\u2019origine et les motivations demeurent, pour l\u2019heure, non \u00e9lucid\u00e9es.<\/p>\n<p>&nbsp;<\/p>\n<p>&nbsp;<\/p>\n<p>Ledenonciateur224.com<\/p>\n","protected":false},"excerpt":{"rendered":"<p>Les coups de feu et d\u00e9tonations entendus dans la nuit du 28 au 29 janvier 2026 \u00e0 l\u2019a\u00e9roport international de Niamey ont atteint un appareil de la compagnie Air C\u00f4te d\u2019Ivoire, a confirm\u00e9 le minist\u00e8re ivoirien des Transports dans un communiqu\u00e9 officiel. L\u2019a\u00e9ronef concern\u00e9 est un Airbus A319, qui se trouvait en stationnement sur le [&hellip;]<\/p>\n","protected":false},"author":2,"featured_media":7305,"comment_status":"closed","ping_status":"closed","sticky":false,"template":"","format":"standard","meta":{"_jetpack_memberships_contains_paid_content":false,"footnotes":"","jetpack_publicize_message":"","jetpack_publicize_feature_enabled":true,"jetpack_social_post_already_shared":true,"jetpack_social_options":{"image_generator_settings":{"template":"highway","default_image_id":0,"font":"","enabled":false},"version":2}},"categories":[38,24],"tags":[1491,1490],"class_list":{"0":"post-7304","1":"post","2":"type-post","3":"status-publish","4":"format-standard","5":"has-post-thumbnail","7":"category-international","8":"category-news","9":"tag-air-cote-divoire","10":"tag-avions"},"jetpack_publicize_connections":[],"jetpack_featured_media_url":"https:\/\/ledenonciateur224.com\/wp-content\/uploads\/2026\/01\/air-ivoire.jpeg","jetpack_sharing_enabled":true,"_links":{"self":[{"href":"https:\/\/ledenonciateur224.com\/index.php\/wp-json\/wp\/v2\/posts\/7304","targetHints":{"allow":["GET"]}}],"collection":[{"href":"https:\/\/ledenonciateur224.com\/index.php\/wp-json\/wp\/v2\/posts"}],"about":[{"href":"https:\/\/ledenonciateur224.com\/index.php\/wp-json\/wp\/v2\/types\/post"}],"author":[{"embeddable":true,"href":"https:\/\/ledenonciateur224.com\/index.php\/wp-json\/wp\/v2\/users\/2"}],"replies":[{"embeddable":true,"href":"https:\/\/ledenonciateur224.com\/index.php\/wp-json\/wp\/v2\/comments?post=7304"}],"version-history":[{"count":1,"href":"https:\/\/ledenonciateur224.com\/index.php\/wp-json\/wp\/v2\/posts\/7304\/revisions"}],"predecessor-version":[{"id":7306,"href":"https:\/\/ledenonciateur224.com\/index.php\/wp-json\/wp\/v2\/posts\/7304\/revisions\/7306"}],"wp:featuredmedia":[{"embeddable":true,"href":"https:\/\/ledenonciateur224.com\/index.php\/wp-json\/wp\/v2\/media\/7305"}],"wp:attachment":[{"href":"https:\/\/ledenonciateur224.com\/index.php\/wp-json\/wp\/v2\/media?parent=7304"}],"wp:term":[{"taxonomy":"category","embeddable":true,"href":"https:\/\/ledenonciateur224.com\/index.php\/wp-json\/wp\/v2\/categories?post=7304"},{"taxonomy":"post_tag","embeddable":true,"href":"https:\/\/ledenonciateur224.com\/index.php\/wp-json\/wp\/v2\/tags?post=7304"}],"curies":[{"name":"wp","href":"https:\/\/api.w.org\/{rel}","templated":true}]}}