{"id":734,"date":"2025-01-01T14:58:38","date_gmt":"2025-01-01T14:58:38","guid":{"rendered":"https:\/\/ledenonciateur224.com\/?p=734"},"modified":"2025-01-01T14:58:38","modified_gmt":"2025-01-01T14:58:38","slug":"cellou-dalein-diallo-repond-a-ses-detracteurs-et-reaffirme-son-engagement-indefectible-pour-linstauration-de-letat-de-droit-en-guinee","status":"publish","type":"post","link":"https:\/\/ledenonciateur224.com\/index.php\/cellou-dalein-diallo-repond-a-ses-detracteurs-et-reaffirme-son-engagement-indefectible-pour-linstauration-de-letat-de-droit-en-guinee\/","title":{"rendered":"Cellou Dalein Diallo r\u00e9pond \u00e0 ses d\u00e9tracteurs et r\u00e9affirme son engagement ind\u00e9fectible pour l\u2019instauration de l\u2019\u00c9tat de droit en Guin\u00e9e"},"content":{"rendered":"<div dir=\"auto\">Dans un message vid\u00e9o diffus\u00e9 le 31 d\u00e9cembre 2024, \u00e0 l&rsquo;occasion de la fin de l&rsquo;ann\u00e9e, Cellou Dalein Diallo, pr\u00e9sident de l&rsquo;Union des Forces D\u00e9mocratiques de Guin\u00e9e (UFDG), a r\u00e9affirm\u00e9 avec fermet\u00e9 son engagement pour la d\u00e9mocratie, l&rsquo;\u00c9tat de droit et la stabilit\u00e9 en Guin\u00e9e. S&rsquo;adressant \u00e0 ses partisans \u00e0 travers le pays, il a profit\u00e9 de cette tribune pour r\u00e9pondre directement \u00e0 ses d\u00e9tracteurs, tout en r\u00e9affirmant sa conviction profonde que son combat pour la Guin\u00e9e ne faiblirait pas, malgr\u00e9 les obstacles rencontr\u00e9s, y compris son exil prolong\u00e9.<\/div>\n<div dir=\"auto\"><\/div>\n<div dir=\"auto\"><\/div>\n<div dir=\"auto\"><\/div>\n<div dir=\"auto\"><\/div>\n<div dir=\"auto\">Le message, empreint de d\u00e9termination et d&rsquo;espoir, a permis \u00e0 Cellou Dalein Diallo de clarifier une fois de plus sa position face aux critiques incessantes de ceux qui remettent en question sa strat\u00e9gie politique, notamment son absence physique du pays. \u00ab Certains cherchent \u00e0 exploiter mon exil pour semer le doute parmi vous, mais je tiens \u00e0 vous rassurer : mon engagement pour la Guin\u00e9e, pour l\u2019instauration de la d\u00e9mocratie et de l&rsquo;\u00c9tat de droit, reste intact. Mon combat, m\u00eame \u00e0 distance, est plus que jamais anim\u00e9 par la conviction que la victoire sera la n\u00f4tre \u00bb, a-t-il affirm\u00e9 dans un discours \u00e9nergique, soulignant qu\u2019il continuait \u00e0 \u0153uvrer pour le bien-\u00eatre du peuple guin\u00e9en, m\u00eame depuis l&rsquo;\u00e9tranger.<\/div>\n<div dir=\"auto\"><\/div>\n<div dir=\"auto\">Il a \u00e9galement pr\u00e9cis\u00e9 que son absence en Guin\u00e9e n&rsquo;\u00e9tait en aucun cas un signe de renoncement, et qu&rsquo;il reviendrait sur le sol national \u00ab en temps voulu \u00bb. Selon lui, ce n\u2019est pas \u00e0 ses adversaires politiques, qui cherchent activement \u00e0 fragiliser son parti et \u00e0 entraver son action, de d\u00e9terminer son agenda. \u00ab Je rentrerai en Guin\u00e9e lorsque le moment sera venu. Ce n&rsquo;est pas \u00e0 ceux qui cherchent \u00e0 affaiblir notre mouvement et \u00e0 briser notre combat pour la d\u00e9mocratie de d\u00e9cider de mon retour \u00bb, a-t-il insist\u00e9, mettant en lumi\u00e8re son ind\u00e9pendance de jugement et son autorit\u00e9 sur ses d\u00e9cisions politiques.<\/div>\n<div dir=\"auto\"><\/div>\n<div dir=\"auto\"><\/div>\n<div dir=\"auto\"><\/div>\n<div dir=\"auto\"><\/div>\n<div dir=\"auto\">Le pr\u00e9sident de l&rsquo;UFDG a \u00e9galement abord\u00e9 les d\u00e9fis actuels auxquels fait face la Guin\u00e9e, notamment la gestion du pouvoir en place, qu\u2019il consid\u00e8re comme une menace pour l&rsquo;\u00c9tat de droit et la stabilit\u00e9 du pays. Il a r\u00e9affirm\u00e9 sa d\u00e9termination \u00e0 lutter pour un changement pacifique et d\u00e9mocratique, en d\u00e9pit des nombreuses difficult\u00e9s auxquelles il et ses alli\u00e9s sont confront\u00e9s. Dans cette optique, Cellou Dalein Diallo a appel\u00e9 ses militants et sympathisants \u00e0 rester unis et d\u00e9termin\u00e9s face aux injustices, tout en exprimant sa confiance en l&rsquo;avenir de la Guin\u00e9e.<\/div>\n<div dir=\"auto\"><\/div>\n<div dir=\"auto\">Enfin, il a r\u00e9it\u00e9r\u00e9 sa volont\u00e9 de construire une Guin\u00e9e o\u00f9 les droits fondamentaux de chaque citoyen sont respect\u00e9s, et o\u00f9 l\u2019acc\u00e8s \u00e0 la justice, \u00e0 la libert\u00e9 d&rsquo;expression et \u00e0 une gouvernance transparente sont des priorit\u00e9s. \u00ab Notre combat n\u2019est pas seulement pour un parti, mais pour l\u2019avenir de notre nation. Ensemble, nous instaurerons un v\u00e9ritable \u00c9tat de droit, et la Guin\u00e9e sera, un jour, un mod\u00e8le de d\u00e9mocratie en Afrique \u00bb, a-t-il conclu, avant de souhaiter une nouvelle ann\u00e9e plac\u00e9e sous le signe de l\u2019espoir et de la d\u00e9termination pour tous ses partisans.<\/div>\n<div dir=\"auto\"><\/div>\n<p>&nbsp;<\/p>\n<p>&nbsp;<\/p>\n<p>&nbsp;<\/p>\n<p>Ledenonciateur224.com<\/p>\n","protected":false},"excerpt":{"rendered":"<p>Dans un message vid\u00e9o diffus\u00e9 le 31 d\u00e9cembre 2024, \u00e0 l&rsquo;occasion de la fin de l&rsquo;ann\u00e9e, Cellou Dalein Diallo, pr\u00e9sident de l&rsquo;Union des Forces D\u00e9mocratiques de Guin\u00e9e (UFDG), a r\u00e9affirm\u00e9 avec fermet\u00e9 son engagement pour la d\u00e9mocratie, l&rsquo;\u00c9tat de droit et la stabilit\u00e9 en Guin\u00e9e. S&rsquo;adressant \u00e0 ses partisans \u00e0 travers le pays, il a [&hellip;]<\/p>\n","protected":false},"author":2,"featured_media":735,"comment_status":"open","ping_status":"open","sticky":false,"template":"","format":"standard","meta":{"_jetpack_memberships_contains_paid_content":false,"footnotes":"","jetpack_publicize_message":"","jetpack_publicize_feature_enabled":true,"jetpack_social_post_already_shared":false,"jetpack_social_options":{"image_generator_settings":{"template":"highway","default_image_id":0,"font":"","enabled":false},"version":2}},"categories":[24,27],"tags":[64,44,66,65],"class_list":{"0":"post-734","1":"post","2":"type-post","3":"status-publish","4":"format-standard","5":"has-post-thumbnail","7":"category-news","8":"category-politique","9":"tag-cellou-dalein-diallo","10":"tag-cnrd","11":"tag-transition","12":"tag-ufdg"},"jetpack_publicize_connections":[],"jetpack_featured_media_url":"https:\/\/ledenonciateur224.com\/wp-content\/uploads\/2025\/01\/img-20250101-wa0040.jpg","jetpack_sharing_enabled":true,"_links":{"self":[{"href":"https:\/\/ledenonciateur224.com\/index.php\/wp-json\/wp\/v2\/posts\/734","targetHints":{"allow":["GET"]}}],"collection":[{"href":"https:\/\/ledenonciateur224.com\/index.php\/wp-json\/wp\/v2\/posts"}],"about":[{"href":"https:\/\/ledenonciateur224.com\/index.php\/wp-json\/wp\/v2\/types\/post"}],"author":[{"embeddable":true,"href":"https:\/\/ledenonciateur224.com\/index.php\/wp-json\/wp\/v2\/users\/2"}],"replies":[{"embeddable":true,"href":"https:\/\/ledenonciateur224.com\/index.php\/wp-json\/wp\/v2\/comments?post=734"}],"version-history":[{"count":0,"href":"https:\/\/ledenonciateur224.com\/index.php\/wp-json\/wp\/v2\/posts\/734\/revisions"}],"wp:featuredmedia":[{"embeddable":true,"href":"https:\/\/ledenonciateur224.com\/index.php\/wp-json\/wp\/v2\/media\/735"}],"wp:attachment":[{"href":"https:\/\/ledenonciateur224.com\/index.php\/wp-json\/wp\/v2\/media?parent=734"}],"wp:term":[{"taxonomy":"category","embeddable":true,"href":"https:\/\/ledenonciateur224.com\/index.php\/wp-json\/wp\/v2\/categories?post=734"},{"taxonomy":"post_tag","embeddable":true,"href":"https:\/\/ledenonciateur224.com\/index.php\/wp-json\/wp\/v2\/tags?post=734"}],"curies":[{"name":"wp","href":"https:\/\/api.w.org\/{rel}","templated":true}]}}