{"id":737,"date":"2025-01-01T15:12:41","date_gmt":"2025-01-01T15:12:41","guid":{"rendered":"https:\/\/ledenonciateur224.com\/?p=737"},"modified":"2025-01-01T15:12:41","modified_gmt":"2025-01-01T15:12:41","slug":"adresse-a-la-nation-le-general-mamadi-doumbouya-annonce-de-bonnes-nouvelles-aux-agents-publics","status":"publish","type":"post","link":"https:\/\/ledenonciateur224.com\/index.php\/adresse-a-la-nation-le-general-mamadi-doumbouya-annonce-de-bonnes-nouvelles-aux-agents-publics\/","title":{"rendered":"Adresse \u00e0 la Nation : Le G\u00e9n\u00e9ral Mamadi Doumbouya annonce de bonnes nouvelles aux agents publics"},"content":{"rendered":"<div dir=\"auto\">\n<div dir=\"auto\">Dans son discours adress\u00e9 \u00e0 la Nation \u00e0 l&rsquo;occasion de la fin de l&rsquo;ann\u00e9e 2024, ce mardi 31 d\u00e9cembre, le pr\u00e9sident de la transition, le G\u00e9n\u00e9ral Mamadi Doumbouya, a r\u00e9v\u00e9l\u00e9 plusieurs mesures importantes en faveur des agents publics, suscitant un \u00e9lan d&rsquo;espoir parmi les fonctionnaires guin\u00e9ens.<\/div>\n<div dir=\"auto\"><\/div>\n<div dir=\"auto\"><\/div>\n<div dir=\"auto\"><\/div>\n<div dir=\"auto\"><\/div>\n<div dir=\"auto\">Parmi les annonces phares, le pr\u00e9sident a \u00e9voqu\u00e9 une augmentation significative des salaires des fonctionnaires, une d\u00e9cision qu\u2019il a justifi\u00e9e par la n\u00e9cessit\u00e9 de r\u00e9compenser le d\u00e9vouement et les sacrifices des agents de l&rsquo;\u00c9tat. Cette revalorisation salariale, selon Doumbouya, vise \u00e0 am\u00e9liorer le pouvoir d&rsquo;achat des fonctionnaires et \u00e0 reconna\u00eetre leur r\u00f4le crucial dans le fonctionnement de l\u2019administration publique.<\/div>\n<div dir=\"auto\"><\/div>\n<div dir=\"auto\"><\/div>\n<div dir=\"auto\"><\/div>\n<div dir=\"auto\"><\/div>\n<div dir=\"auto\"><\/div>\n<div dir=\"auto\">Le G\u00e9n\u00e9ral Doumbouya a \u00e9galement annonc\u00e9 l&rsquo;octroi de primes de fonction pour les agents de l&rsquo;\u00c9tat, une mesure qui s&rsquo;inscrit dans le cadre de la politique du gouvernement de renforcer les conditions de travail des fonctionnaires tout en am\u00e9liorant la qualit\u00e9 des services publics. Ces primes devraient, selon le pr\u00e9sident, permettre de mieux motiver et soutenir les fonctionnaires dans l&rsquo;accomplissement de leurs missions au service du pays.<\/div>\n<div dir=\"auto\"><\/div>\n<div dir=\"auto\"><\/div>\n<div dir=\"auto\"><\/div>\n<div dir=\"auto\"><\/div>\n<div dir=\"auto\"><\/div>\n<div dir=\"auto\">Dans son allocution, le pr\u00e9sident de la transition a soulign\u00e9 que ces d\u00e9cisions s&rsquo;inscrivent dans un effort global pour stabiliser et dynamiser l&rsquo;\u00e9conomie du pays, tout en veillant \u00e0 l&rsquo;am\u00e9lioration continue des conditions de vie des travailleurs de l&rsquo;\u00c9tat. Il a \u00e9galement r\u00e9affirm\u00e9 son engagement \u00e0 poursuivre les r\u00e9formes pour garantir une gestion transparente et \u00e9quitable des ressources publiques, et \u00e0 mettre en \u0153uvre des mesures pour renforcer l&rsquo;\u00c9tat de droit.<\/div>\n<div dir=\"auto\"><\/div>\n<div dir=\"auto\"><\/div>\n<div dir=\"auto\"><\/div>\n<div dir=\"auto\"><\/div>\n<\/div>\n<div dir=\"auto\"><\/div>\n<div dir=\"auto\">\u00ab\u00a0En termes de bien-\u00eatre social, fid\u00e8le \u00e0 ma conviction pour un d\u00e9veloppement harmonieux, j&rsquo;ai d\u00e9cid\u00e9 d&rsquo;augmenter les salaires des fonctionnaires. Ces deux derni\u00e8res ann\u00e9es, les agents de l&rsquo;\u00c9tat ont b\u00e9n\u00e9fici\u00e9 d&rsquo;une augmentation de 35% de la valeur indiciaire, et une nouvelle augmentation est pr\u00e9vue pour cette nouvelle ann\u00e9e\u00a0\u00bb, a rappel\u00e9 G\u00e9n\u00e9ral Mamadi Doumbouya tout en annon\u00e7ant des primes de fonction pour encourager les agents publics.<\/div>\n<div dir=\"auto\"><\/div>\n<div dir=\"auto\"><\/div>\n<div dir=\"auto\"><\/div>\n<div dir=\"auto\"><\/div>\n<div dir=\"auto\"><\/div>\n<div dir=\"auto\">\u00ab\u00a0De plus, des primes de fonction seront attribu\u00e9es prochainement \u00e0 nos agents publics, afin de les motiver davantage et de reconna\u00eetre leur contribution essentielle au bon fonctionnement de notre administration publique, avec la mise en place des processus de formations continues et de programmes de d\u00e9veloppement professionnel en leur faveur.<\/div>\n<div dir=\"auto\">J&rsquo;ai \u00e9galement d\u00e9cid\u00e9 de faire l&rsquo;avancement de 4 \u00e9chelons en faveur de chaque fonctionnaire et contractuel permanent d\u00e8s 2025. Ainsi, cette mesure s&rsquo;inscrit dans le cadre de l&rsquo;am\u00e9lioration [ des conditions de vie et de travail des agents de l&rsquo;\u00c9tat\u00a0\u00bb, a-t-il annonc\u00e9.<\/div>\n<div dir=\"auto\"><\/div>\n<div dir=\"auto\"><\/div>\n<div dir=\"auto\"><\/div>\n<div dir=\"auto\"><\/div>\n<div dir=\"auto\"><\/div>\n<div dir=\"auto\">Cette annonce a \u00e9t\u00e9 accueillie favorablement par les agents publics, qui voient en ces mesures un signe tangible de reconnaissance de leur travail et un encouragement \u00e0 poursuivre leurs efforts pour le d\u00e9veloppement de la Guin\u00e9e.<\/div>\n<div dir=\"auto\"><\/div>\n<div dir=\"auto\"><\/div>\n<div dir=\"auto\"><\/div>\n<div dir=\"auto\"><\/div>\n<div dir=\"auto\"><\/div>\n<div dir=\"auto\">Ledenonciateur224.com<\/div>\n<div dir=\"auto\"><\/div>\n","protected":false},"excerpt":{"rendered":"<p>Dans son discours adress\u00e9 \u00e0 la Nation \u00e0 l&rsquo;occasion de la fin de l&rsquo;ann\u00e9e 2024, ce mardi 31 d\u00e9cembre, le pr\u00e9sident de la transition, le G\u00e9n\u00e9ral Mamadi Doumbouya, a r\u00e9v\u00e9l\u00e9 plusieurs mesures importantes en faveur des agents publics, suscitant un \u00e9lan d&rsquo;espoir parmi les fonctionnaires guin\u00e9ens. Parmi les annonces phares, le pr\u00e9sident a \u00e9voqu\u00e9 une [&hellip;]<\/p>\n","protected":false},"author":2,"featured_media":738,"comment_status":"open","ping_status":"open","sticky":false,"template":"","format":"standard","meta":{"_jetpack_memberships_contains_paid_content":false,"footnotes":"","jetpack_publicize_message":"","jetpack_publicize_feature_enabled":true,"jetpack_social_post_already_shared":false,"jetpack_social_options":{"image_generator_settings":{"template":"highway","default_image_id":0,"font":"","enabled":false},"version":2}},"categories":[30,24,27],"tags":[161,164,166],"class_list":{"0":"post-737","1":"post","2":"type-post","3":"status-publish","4":"format-standard","5":"has-post-thumbnail","7":"category-faits-divers","8":"category-news","9":"category-politique","10":"tag-discours-du-chef-de-letat","11":"tag-fin-dannee-2024","12":"tag-nouvel-an"},"jetpack_publicize_connections":[],"jetpack_featured_media_url":"https:\/\/ledenonciateur224.com\/wp-content\/uploads\/2025\/01\/img-20250101-wa0090.jpg","jetpack_sharing_enabled":true,"_links":{"self":[{"href":"https:\/\/ledenonciateur224.com\/index.php\/wp-json\/wp\/v2\/posts\/737","targetHints":{"allow":["GET"]}}],"collection":[{"href":"https:\/\/ledenonciateur224.com\/index.php\/wp-json\/wp\/v2\/posts"}],"about":[{"href":"https:\/\/ledenonciateur224.com\/index.php\/wp-json\/wp\/v2\/types\/post"}],"author":[{"embeddable":true,"href":"https:\/\/ledenonciateur224.com\/index.php\/wp-json\/wp\/v2\/users\/2"}],"replies":[{"embeddable":true,"href":"https:\/\/ledenonciateur224.com\/index.php\/wp-json\/wp\/v2\/comments?post=737"}],"version-history":[{"count":0,"href":"https:\/\/ledenonciateur224.com\/index.php\/wp-json\/wp\/v2\/posts\/737\/revisions"}],"wp:featuredmedia":[{"embeddable":true,"href":"https:\/\/ledenonciateur224.com\/index.php\/wp-json\/wp\/v2\/media\/738"}],"wp:attachment":[{"href":"https:\/\/ledenonciateur224.com\/index.php\/wp-json\/wp\/v2\/media?parent=737"}],"wp:term":[{"taxonomy":"category","embeddable":true,"href":"https:\/\/ledenonciateur224.com\/index.php\/wp-json\/wp\/v2\/categories?post=737"},{"taxonomy":"post_tag","embeddable":true,"href":"https:\/\/ledenonciateur224.com\/index.php\/wp-json\/wp\/v2\/tags?post=737"}],"curies":[{"name":"wp","href":"https:\/\/api.w.org\/{rel}","templated":true}]}}