{"id":740,"date":"2025-01-01T21:01:24","date_gmt":"2025-01-01T21:01:24","guid":{"rendered":"https:\/\/ledenonciateur224.com\/?p=740"},"modified":"2025-01-01T21:01:24","modified_gmt":"2025-01-01T21:01:24","slug":"le-directeur-general-du-port-autonome-de-conakry-un-cadre-qui-inspire-confiance","status":"publish","type":"post","link":"https:\/\/ledenonciateur224.com\/index.php\/le-directeur-general-du-port-autonome-de-conakry-un-cadre-qui-inspire-confiance\/","title":{"rendered":"Le directeur g\u00e9n\u00e9ral du Port Autonome de Conakry : Un cadre qui inspire confiance"},"content":{"rendered":"<div dir=\"auto\">M. Mamadou Biro Diallo, actuel Directeur G\u00e9n\u00e9ral du Port Autonome de Conakry, est un homme d\u2019exp\u00e9rience et de comp\u00e9tence, dont le parcours impressionnant inspire confiance et respect. Dipl\u00f4m\u00e9 de la prestigieuse Queen Mary University de Londres, o\u00f9 il a obtenu son dipl\u00f4me d&rsquo;Ing\u00e9nieur d&rsquo;\u00c9tat, il a consacr\u00e9 sa carri\u00e8re \u00e0 la gestion de grands projets industriels, notamment dans le secteur minier.<\/div>\n<div dir=\"auto\"><\/div>\n<div dir=\"auto\"><\/div>\n<div dir=\"auto\"><img loading=\"lazy\" decoding=\"async\" class=\"alignnone size-medium wp-image-741\" src=\"https:\/\/ledenonciateur224.com\/wp-content\/uploads\/2025\/01\/photo-2022-02-21-17-35-32-2-300x217.jpg\" alt=\"\" width=\"300\" height=\"217\" srcset=\"https:\/\/ledenonciateur224.com\/wp-content\/uploads\/2025\/01\/photo-2022-02-21-17-35-32-2-300x217.jpg 300w, https:\/\/ledenonciateur224.com\/wp-content\/uploads\/2025\/01\/photo-2022-02-21-17-35-32-2-1024x740.jpg 1024w, https:\/\/ledenonciateur224.com\/wp-content\/uploads\/2025\/01\/photo-2022-02-21-17-35-32-2-768x555.jpg 768w, https:\/\/ledenonciateur224.com\/wp-content\/uploads\/2025\/01\/photo-2022-02-21-17-35-32-2-150x108.jpg 150w, https:\/\/ledenonciateur224.com\/wp-content\/uploads\/2025\/01\/photo-2022-02-21-17-35-32-2-696x503.jpg 696w, https:\/\/ledenonciateur224.com\/wp-content\/uploads\/2025\/01\/photo-2022-02-21-17-35-32-2-1068x771.jpg 1068w, https:\/\/ledenonciateur224.com\/wp-content\/uploads\/2025\/01\/photo-2022-02-21-17-35-32-2-582x420.jpg 582w, https:\/\/ledenonciateur224.com\/wp-content\/uploads\/2025\/01\/photo-2022-02-21-17-35-32-2-324x235.jpg 324w, https:\/\/ledenonciateur224.com\/wp-content\/uploads\/2025\/01\/photo-2022-02-21-17-35-32-2.jpg 1080w\" sizes=\"auto, (max-width: 300px) 100vw, 300px\" \/><\/div>\n<div dir=\"auto\"><\/div>\n<div dir=\"auto\"><\/div>\n<div dir=\"auto\">Depuis sa nomination, le 14 d\u00e9cembre 2021, par le Pr\u00e9sident de la transition, le G\u00e9n\u00e9ral Mamadi Doumbouya, M. Diallo a su s\u2019imposer comme un acteur cl\u00e9 de la refondation des structures publiques guin\u00e9ennes. \u00c0 la t\u00eate du Port Autonome de Conakry, il a entrepris des r\u00e9formes strat\u00e9giques visant \u00e0 moderniser cette infrastructure vitale pour l&rsquo;\u00e9conomie guin\u00e9enne. Ces r\u00e9formes se concentrent principalement sur l&rsquo;extension du port, l&rsquo;am\u00e9lioration de sa gestion et son adaptation aux normes internationales, afin d&rsquo;en faire un acteur comp\u00e9titif sur le plan r\u00e9gional et mondial.<\/div>\n<div dir=\"auto\"><\/div>\n<div dir=\"auto\"><\/div>\n<div dir=\"auto\"><img loading=\"lazy\" decoding=\"async\" class=\"alignnone size-full wp-image-742\" src=\"https:\/\/ledenonciateur224.com\/wp-content\/uploads\/2025\/01\/images-3.jpeg\" alt=\"\" width=\"275\" height=\"183\" srcset=\"https:\/\/ledenonciateur224.com\/wp-content\/uploads\/2025\/01\/images-3.jpeg 275w, https:\/\/ledenonciateur224.com\/wp-content\/uploads\/2025\/01\/images-3-150x100.jpeg 150w\" sizes=\"auto, (max-width: 275px) 100vw, 275px\" \/><\/div>\n<div dir=\"auto\"><\/div>\n<div dir=\"auto\"><\/div>\n<div dir=\"auto\">Sous sa direction, le Port Autonome de Conakry a entam\u00e9 un processus de transformation profonde, avec la mise en place de m\u00e9canismes de r\u00e9gulation plus efficaces, permettant une meilleure organisation des activit\u00e9s portuaires. L\u2019objectif de ces r\u00e9formes est non seulement d\u2019am\u00e9liorer la performance du port, mais aussi de renforcer sa position en tant que moteur de croissance \u00e9conomique pour la Guin\u00e9e.<\/div>\n<div dir=\"auto\"><\/div>\n<div dir=\"auto\"><\/div>\n<div dir=\"auto\"><img loading=\"lazy\" decoding=\"async\" class=\"alignnone size-full wp-image-743\" src=\"https:\/\/ledenonciateur224.com\/wp-content\/uploads\/2025\/01\/images-4.jpeg\" alt=\"\" width=\"300\" height=\"168\" srcset=\"https:\/\/ledenonciateur224.com\/wp-content\/uploads\/2025\/01\/images-4.jpeg 300w, https:\/\/ledenonciateur224.com\/wp-content\/uploads\/2025\/01\/images-4-150x84.jpeg 150w\" sizes=\"auto, (max-width: 300px) 100vw, 300px\" \/><\/div>\n<div dir=\"auto\"><\/div>\n<div dir=\"auto\"><\/div>\n<div dir=\"auto\">Le leadership de M. Mamadou Biro Diallo se distingue par sa vision claire et pragmatique, soutenue par une grande exp\u00e9rience acquise au sein de g\u00e9ants de l\u2019industrie mini\u00e8re internationale. Avant de prendre les r\u00eanes du Port Autonome de Conakry, il a occup\u00e9 des postes de responsabilit\u00e9 chez Rio Tinto, un des plus grands groupes miniers mondiaux. Il a notamment \u00e9t\u00e9 responsable de diverses agences du groupe en Grande-Bretagne et en Australie, et, avant sa nomination au Port Autonome, il \u00e9tait le directeur pays de Rio Tinto en Guin\u00e9e.<\/div>\n<div dir=\"auto\"><\/div>\n<div dir=\"auto\"><\/div>\n<div dir=\"auto\"><img loading=\"lazy\" decoding=\"async\" class=\"alignnone size-medium wp-image-744\" src=\"https:\/\/ledenonciateur224.com\/wp-content\/uploads\/2025\/01\/photo-2022-02-21-17-35-32-8-300x217.jpg\" alt=\"\" width=\"300\" height=\"217\" srcset=\"https:\/\/ledenonciateur224.com\/wp-content\/uploads\/2025\/01\/photo-2022-02-21-17-35-32-8-300x217.jpg 300w, https:\/\/ledenonciateur224.com\/wp-content\/uploads\/2025\/01\/photo-2022-02-21-17-35-32-8-1024x740.jpg 1024w, https:\/\/ledenonciateur224.com\/wp-content\/uploads\/2025\/01\/photo-2022-02-21-17-35-32-8-768x555.jpg 768w, https:\/\/ledenonciateur224.com\/wp-content\/uploads\/2025\/01\/photo-2022-02-21-17-35-32-8-150x108.jpg 150w, https:\/\/ledenonciateur224.com\/wp-content\/uploads\/2025\/01\/photo-2022-02-21-17-35-32-8-696x503.jpg 696w, https:\/\/ledenonciateur224.com\/wp-content\/uploads\/2025\/01\/photo-2022-02-21-17-35-32-8-1068x771.jpg 1068w, https:\/\/ledenonciateur224.com\/wp-content\/uploads\/2025\/01\/photo-2022-02-21-17-35-32-8-582x420.jpg 582w, https:\/\/ledenonciateur224.com\/wp-content\/uploads\/2025\/01\/photo-2022-02-21-17-35-32-8-324x235.jpg 324w, https:\/\/ledenonciateur224.com\/wp-content\/uploads\/2025\/01\/photo-2022-02-21-17-35-32-8.jpg 1080w\" sizes=\"auto, (max-width: 300px) 100vw, 300px\" \/><\/div>\n<div dir=\"auto\"><\/div>\n<div dir=\"auto\"><\/div>\n<div dir=\"auto\">L&rsquo;exp\u00e9rience internationale de M. Diallo et sa connaissance approfondie des enjeux \u00e9conomiques et logistiques font de lui un acteur incontournable dans le processus de modernisation du secteur portuaire guin\u00e9en. Sous sa direction, le Port Autonome de Conakry a acquis une nouvelle dynamique, symbolisant la volont\u00e9 du gouvernement guin\u00e9en d\u2019atteindre de nouveaux standards de gouvernance et de performance dans ses infrastructures cl\u00e9s.<\/div>\n<div dir=\"auto\"><\/div>\n<div dir=\"auto\"><\/div>\n<div dir=\"auto\"><img loading=\"lazy\" decoding=\"async\" class=\"alignnone size-medium wp-image-745\" src=\"https:\/\/ledenonciateur224.com\/wp-content\/uploads\/2025\/01\/africa-ports-and-airports-01-1024x573-1-300x168.jpg\" alt=\"\" width=\"300\" height=\"168\" srcset=\"https:\/\/ledenonciateur224.com\/wp-content\/uploads\/2025\/01\/africa-ports-and-airports-01-1024x573-1-300x168.jpg 300w, https:\/\/ledenonciateur224.com\/wp-content\/uploads\/2025\/01\/africa-ports-and-airports-01-1024x573-1-768x430.jpg 768w, https:\/\/ledenonciateur224.com\/wp-content\/uploads\/2025\/01\/africa-ports-and-airports-01-1024x573-1-150x84.jpg 150w, https:\/\/ledenonciateur224.com\/wp-content\/uploads\/2025\/01\/africa-ports-and-airports-01-1024x573-1-696x389.jpg 696w, https:\/\/ledenonciateur224.com\/wp-content\/uploads\/2025\/01\/africa-ports-and-airports-01-1024x573-1-751x420.jpg 751w, https:\/\/ledenonciateur224.com\/wp-content\/uploads\/2025\/01\/africa-ports-and-airports-01-1024x573-1.jpg 1024w\" sizes=\"auto, (max-width: 300px) 100vw, 300px\" \/><\/div>\n<div dir=\"auto\"><\/div>\n<div dir=\"auto\"><\/div>\n<div dir=\"auto\">Les r\u00e9sultats obtenus jusqu\u2019\u00e0 pr\u00e9sent t\u00e9moignent de l\u2019efficacit\u00e9 de sa gestion et de son engagement \u00e0 faire du Port Autonome de Conakry un pilier du d\u00e9veloppement \u00e9conomique de la Guin\u00e9e. Gr\u00e2ce \u00e0 ses r\u00e9formes et \u00e0 sa vision strat\u00e9gique, le port est aujourd\u2019hui en pleine transformation, avec des projets d\u2019extension et de modernisation qui devraient en faire un acteur de poids dans le commerce international et la logistique en Afrique de l\u2019Ouest.<\/div>\n<div dir=\"auto\"><\/div>\n<div dir=\"auto\"><img loading=\"lazy\" decoding=\"async\" class=\"alignnone size-medium wp-image-746\" src=\"https:\/\/ledenonciateur224.com\/wp-content\/uploads\/2025\/01\/photo-2022-02-21-17-35-32-300x217.jpg\" alt=\"\" width=\"300\" height=\"217\" srcset=\"https:\/\/ledenonciateur224.com\/wp-content\/uploads\/2025\/01\/photo-2022-02-21-17-35-32-300x217.jpg 300w, https:\/\/ledenonciateur224.com\/wp-content\/uploads\/2025\/01\/photo-2022-02-21-17-35-32-1024x740.jpg 1024w, https:\/\/ledenonciateur224.com\/wp-content\/uploads\/2025\/01\/photo-2022-02-21-17-35-32-768x555.jpg 768w, https:\/\/ledenonciateur224.com\/wp-content\/uploads\/2025\/01\/photo-2022-02-21-17-35-32-150x108.jpg 150w, https:\/\/ledenonciateur224.com\/wp-content\/uploads\/2025\/01\/photo-2022-02-21-17-35-32-696x503.jpg 696w, https:\/\/ledenonciateur224.com\/wp-content\/uploads\/2025\/01\/photo-2022-02-21-17-35-32-1068x771.jpg 1068w, https:\/\/ledenonciateur224.com\/wp-content\/uploads\/2025\/01\/photo-2022-02-21-17-35-32-582x420.jpg 582w, https:\/\/ledenonciateur224.com\/wp-content\/uploads\/2025\/01\/photo-2022-02-21-17-35-32-324x235.jpg 324w, https:\/\/ledenonciateur224.com\/wp-content\/uploads\/2025\/01\/photo-2022-02-21-17-35-32.jpg 1080w\" sizes=\"auto, (max-width: 300px) 100vw, 300px\" \/><\/div>\n<div dir=\"auto\"><\/div>\n<div dir=\"auto\"><\/div>\n<div dir=\"auto\">L\u2019ensemble de ces r\u00e9alisations t\u00e9moigne du leadership fort et de la comp\u00e9tence av\u00e9r\u00e9e de M. Mamadou Biro Diallo, un homme d\u2019\u00c9tat respect\u00e9 et un cadre qui, \u00e0 travers son action, inspire confiance pour un avenir prosp\u00e8re du Port Autonome de Conakry.<\/div>\n<div dir=\"auto\"><\/div>\n<div dir=\"auto\"><\/div>\n<div dir=\"auto\"><img loading=\"lazy\" decoding=\"async\" class=\"alignnone size-medium wp-image-747\" src=\"https:\/\/ledenonciateur224.com\/wp-content\/uploads\/2025\/01\/port-conakry-300x167.jpg\" alt=\"\" width=\"300\" height=\"167\" srcset=\"https:\/\/ledenonciateur224.com\/wp-content\/uploads\/2025\/01\/port-conakry-300x167.jpg 300w, https:\/\/ledenonciateur224.com\/wp-content\/uploads\/2025\/01\/port-conakry-768x426.jpg 768w, https:\/\/ledenonciateur224.com\/wp-content\/uploads\/2025\/01\/port-conakry-150x83.jpg 150w, https:\/\/ledenonciateur224.com\/wp-content\/uploads\/2025\/01\/port-conakry-696x385.jpg 696w, https:\/\/ledenonciateur224.com\/wp-content\/uploads\/2025\/01\/port-conakry-757x420.jpg 757w, https:\/\/ledenonciateur224.com\/wp-content\/uploads\/2025\/01\/port-conakry.jpg 800w\" sizes=\"auto, (max-width: 300px) 100vw, 300px\" \/><\/div>\n<div dir=\"auto\"><\/div>\n<div dir=\"auto\"><\/div>\n<div dir=\"auto\"><\/div>\n<div dir=\"auto\">Ledenonciateur224.com<\/div>\n<div dir=\"auto\"><\/div>\n","protected":false},"excerpt":{"rendered":"<p>M. Mamadou Biro Diallo, actuel Directeur G\u00e9n\u00e9ral du Port Autonome de Conakry, est un homme d\u2019exp\u00e9rience et de comp\u00e9tence, dont le parcours impressionnant inspire confiance et respect. Dipl\u00f4m\u00e9 de la prestigieuse Queen Mary University de Londres, o\u00f9 il a obtenu son dipl\u00f4me d&rsquo;Ing\u00e9nieur d&rsquo;\u00c9tat, il a consacr\u00e9 sa carri\u00e8re \u00e0 la gestion de grands projets [&hellip;]<\/p>\n","protected":false},"author":2,"featured_media":748,"comment_status":"open","ping_status":"open","sticky":false,"template":"","format":"standard","meta":{"_jetpack_memberships_contains_paid_content":false,"footnotes":"","jetpack_publicize_message":"","jetpack_publicize_feature_enabled":true,"jetpack_social_post_already_shared":false,"jetpack_social_options":{"image_generator_settings":{"template":"highway","default_image_id":0,"font":"","enabled":false},"version":2}},"categories":[29,24],"tags":[36,168,35,169,167],"class_list":{"0":"post-740","1":"post","2":"type-post","3":"status-publish","4":"format-standard","5":"has-post-thumbnail","7":"category-economie","8":"category-news","9":"tag-conakry","10":"tag-directeur-general","11":"tag-guinee","12":"tag-mamadou-billo-diallo","13":"tag-port-autonome-de-conakry"},"jetpack_publicize_connections":[],"jetpack_featured_media_url":"https:\/\/ledenonciateur224.com\/wp-content\/uploads\/2025\/01\/20250101-205745-scaled.jpg","jetpack_sharing_enabled":true,"_links":{"self":[{"href":"https:\/\/ledenonciateur224.com\/index.php\/wp-json\/wp\/v2\/posts\/740","targetHints":{"allow":["GET"]}}],"collection":[{"href":"https:\/\/ledenonciateur224.com\/index.php\/wp-json\/wp\/v2\/posts"}],"about":[{"href":"https:\/\/ledenonciateur224.com\/index.php\/wp-json\/wp\/v2\/types\/post"}],"author":[{"embeddable":true,"href":"https:\/\/ledenonciateur224.com\/index.php\/wp-json\/wp\/v2\/users\/2"}],"replies":[{"embeddable":true,"href":"https:\/\/ledenonciateur224.com\/index.php\/wp-json\/wp\/v2\/comments?post=740"}],"version-history":[{"count":0,"href":"https:\/\/ledenonciateur224.com\/index.php\/wp-json\/wp\/v2\/posts\/740\/revisions"}],"wp:featuredmedia":[{"embeddable":true,"href":"https:\/\/ledenonciateur224.com\/index.php\/wp-json\/wp\/v2\/media\/748"}],"wp:attachment":[{"href":"https:\/\/ledenonciateur224.com\/index.php\/wp-json\/wp\/v2\/media?parent=740"}],"wp:term":[{"taxonomy":"category","embeddable":true,"href":"https:\/\/ledenonciateur224.com\/index.php\/wp-json\/wp\/v2\/categories?post=740"},{"taxonomy":"post_tag","embeddable":true,"href":"https:\/\/ledenonciateur224.com\/index.php\/wp-json\/wp\/v2\/tags?post=740"}],"curies":[{"name":"wp","href":"https:\/\/api.w.org\/{rel}","templated":true}]}}